{"id":205062,"date":"2026-03-09T17:59:36","date_gmt":"2026-03-09T21:59:36","guid":{"rendered":"https:\/\/sportseco.com\/?p=205062"},"modified":"2026-03-09T17:59:36","modified_gmt":"2026-03-09T21:59:36","slug":"conocido-el-equipo-colombiano-de-tenis-para-la-billie-jean-king-cup","status":"publish","type":"post","link":"https:\/\/sportseco.com\/?p=205062","title":{"rendered":"Conocido el equipo colombiano de tenis para la Billie Jean King Cup"},"content":{"rendered":"\n<p><strong>Emiliana Arango<\/strong>,<strong>&nbsp;Camila Osorio<\/strong>,&nbsp;<strong>Yuliana Lizarazo<\/strong>&nbsp;y<strong>&nbsp;Mar\u00eda Paulina P\u00e9rez<\/strong>&nbsp;son las raquetas convocadas por el capit\u00e1n&nbsp;<strong>Alejandro Gonz\u00e1lez<\/strong>&nbsp;para la confrontaci\u00f3n del<strong>&nbsp;Grupo I de la Zona Americana&nbsp;<\/strong>que se desarrollar\u00e1 en Ibagu\u00e9 entre el mi\u00e9rcoles 8 y s\u00e1bado 11 de abril.<br \/><br \/><strong>Camila&nbsp;<\/strong>y&nbsp;<strong>Emiliana<\/strong>, las dos mejores raquetas nacionales, est\u00e1n confirmadas para representar al pa\u00eds en el certamen a desarrollarse en la \u2018Capital Musical de Colombia\u2019. Nuestro pa\u00eds se encuentra en el&nbsp;<strong>Grupo B<\/strong>&nbsp;de la competencia junto con&nbsp;<strong>M\u00e9xico<\/strong>,&nbsp;<strong>Venezuela<\/strong>&nbsp;y&nbsp;<strong>Ecuador<\/strong>.<br \/><br \/>Por otro lado, el&nbsp;<strong>Grupo A<\/strong>&nbsp;del certamen contar\u00e1 con las selecciones de&nbsp;<strong>Brasil<\/strong>,&nbsp;<strong>Argentina<\/strong>,&nbsp;<strong>Chile<\/strong>&nbsp;y&nbsp;<strong>Per\u00fa<\/strong>. Ambos grupos se disputar\u00e1n en el&nbsp;<strong>Complejo de Raquetas&nbsp;<\/strong>del Parque Deportivo de Ibagu\u00e9, donde los seguidores del Equipo Colombia Colsanitas de Billie Jean King Cup ingresar\u00e1n gratis.<br \/><br \/>El<a href=\"https:\/\/olimpicocol.co\/web\/conocidos-los-grupos-para-la-billie-jean-king-cup-en-ibague\/\">&nbsp;sorteo de los grupos<\/a>&nbsp;se llev\u00f3 a cabo durante la semana pasada en Londres y el formato del certamen corresponde a un&nbsp;<strong>round robin<\/strong>, donde se jugar\u00e1n dos partidos de sencillos y uno de dobles.<br \/><br \/>La&nbsp;<strong>Federaci\u00f3n Colombiana de Tenis<\/strong>&nbsp;confirm\u00f3 que, desde el pasado&nbsp;<strong>18 de febrero<\/strong>&nbsp;y hasta el pr\u00f3ximo&nbsp;<strong>viernes 20 de marzo<\/strong>, est\u00e1 abierto el proceso de acreditaci\u00f3n para los medios de comunicaci\u00f3n. Puede encontrar m\u00e1s informaci\u00f3n al respecto dando<a href=\"https:\/\/www.fedecoltenis.com\/site\/4941\">&nbsp;clic aqu\u00ed<\/a>.<br \/><br \/>Con informaci\u00f3n de la Federaci\u00f3n Colombiana de Tenis.<\/p>\n\n\n\n<p><em>Foto cortes\u00eda gdlopen.<\/em><\/p>\n\n\n\n<p>olimpicocol.co<\/p>\n","protected":false},"excerpt":{"rendered":"<p>Emiliana Arango,&nbsp;Camila Osorio,&nbsp;Yuliana Lizarazo&nbsp;y&nbsp;Mar\u00eda Paulina P\u00e9rez&nbsp;son las raquetas convocadas por el capit\u00e1n&nbsp;Alejandro Gonz\u00e1lez&nbsp;para la confrontaci\u00f3n del&nbsp;Grupo I de la Zona Americana&nbsp;que se desarrollar\u00e1 en Ibagu\u00e9 entre el mi\u00e9rcoles 8 y s\u00e1bado 11 de abril. Camila&nbsp;y&nbsp;Emiliana, las dos mejores raquetas nacionales, est\u00e1n confirmadas para representar al pa\u00eds en el certamen a desarrollarse en la \u2018Capital Musical [&hellip;]<\/p>\n","protected":false},"author":1,"featured_media":205063,"comment_status":"open","ping_status":"open","sticky":false,"template":"","format":"standard","meta":{"_acf_changed":false,"_jetpack_memberships_contains_paid_content":false,"footnotes":"","jetpack_publicize_message":"","jetpack_publicize_feature_enabled":true,"jetpack_social_post_already_shared":true,"jetpack_social_options":{"image_generator_settings":{"template":"highway","default_image_id":0,"font":"","enabled":false},"version":2}},"categories":[13],"tags":[],"class_list":["post-205062","post","type-post","status-publish","format-standard","has-post-thumbnail","hentry","category-tenis"],"acf":[],"jetpack_publicize_connections":[],"jetpack_featured_media_url":"https:\/\/i0.wp.com\/sportseco.com\/wp-content\/uploads\/2026\/03\/Emiliana-Arango-finalista-WTA-de-Guadalajara-2025.-Foto-gdlopen.jpg?fit=1080%2C608&ssl=1","jetpack_sharing_enabled":true,"_links":{"self":[{"href":"https:\/\/sportseco.com\/index.php?rest_route=\/wp\/v2\/posts\/205062","targetHints":{"allow":["GET"]}}],"collection":[{"href":"https:\/\/sportseco.com\/index.php?rest_route=\/wp\/v2\/posts"}],"about":[{"href":"https:\/\/sportseco.com\/index.php?rest_route=\/wp\/v2\/types\/post"}],"author":[{"embeddable":true,"href":"https:\/\/sportseco.com\/index.php?rest_route=\/wp\/v2\/users\/1"}],"replies":[{"embeddable":true,"href":"https:\/\/sportseco.com\/index.php?rest_route=%2Fwp%2Fv2%2Fcomments&post=205062"}],"version-history":[{"count":1,"href":"https:\/\/sportseco.com\/index.php?rest_route=\/wp\/v2\/posts\/205062\/revisions"}],"predecessor-version":[{"id":205064,"href":"https:\/\/sportseco.com\/index.php?rest_route=\/wp\/v2\/posts\/205062\/revisions\/205064"}],"wp:featuredmedia":[{"embeddable":true,"href":"https:\/\/sportseco.com\/index.php?rest_route=\/wp\/v2\/media\/205063"}],"wp:attachment":[{"href":"https:\/\/sportseco.com\/index.php?rest_route=%2Fwp%2Fv2%2Fmedia&parent=205062"}],"wp:term":[{"taxonomy":"category","embeddable":true,"href":"https:\/\/sportseco.com\/index.php?rest_route=%2Fwp%2Fv2%2Fcategories&post=205062"},{"taxonomy":"post_tag","embeddable":true,"href":"https:\/\/sportseco.com\/index.php?rest_route=%2Fwp%2Fv2%2Ftags&post=205062"}],"curies":[{"name":"wp","href":"https:\/\/api.w.org\/{rel}","templated":true}]}}