{"id":205129,"date":"2026-03-10T18:59:39","date_gmt":"2026-03-10T22:59:39","guid":{"rendered":"https:\/\/sportseco.com\/?p=205129"},"modified":"2026-03-10T18:59:39","modified_gmt":"2026-03-10T22:59:39","slug":"declaracion-en-la-competicion-reina-el-bayern-celebra-una-goleada-en-bergamo","status":"publish","type":"post","link":"https:\/\/sportseco.com\/?p=205129","title":{"rendered":"\u00a1Declaraci\u00f3n en la competici\u00f3n reina! El Bayern celebra una goleada en B\u00e9rgamo"},"content":{"rendered":"\n<ul class=\"wp-block-list\">\n<li><strong>Impresionante rendimiento<\/strong><\/li>\n\n\n\n<li><strong>Doblete de Olise<\/strong><\/li>\n\n\n\n<li><strong>La vuelta el pr\u00f3ximo mi\u00e9rcoles en M\u00fanich<\/strong><\/li>\n<\/ul>\n\n\n\n<p>\u00a1Importante victoria a domicilio en el partido de ida de los octavos de final de la Liga de Campeones! El FC Bayern gan\u00f3 el martes por la noche por 1-6 (0-3) a la Atalanta de B\u00e9rgamo en el norte de Italia, lo que le coloca en una excelente posici\u00f3n de partida para el partido de vuelta del pr\u00f3ximo mi\u00e9rcoles en el Allianz Arena de M\u00fanich. Josip Stani\u0161i\u0107 (minuto 12), Michael Olise (22) y Serge Gnabry (25) marcaron para el equipo de M\u00fanich en la primera parte en un estadio lleno de ambiente ante un Atalanta que suele ser muy fuerte en casa. Nicolas Jackson (minuto 52), Olise (minuto 64) y Jamal Musiala (minuto 67) aumentaron el marcador en la segunda parte. Mario Pa\u0161ali\u0107 (minuto 90+3) marc\u00f3 el gol del honor para los locales.<\/p>\n\n\n\n<figure class=\"wp-block-image\"><img data-recalc-dims=\"1\" decoding=\"async\" src=\"https:\/\/i0.wp.com\/img.fcbayern.com\/image\/upload\/f_auto\/q_auto\/ar_16%3A9%2Cc_fill%2Cg_custom%2Cw_1024\/v1773174774\/cms\/public\/images\/fcbayern-com\/homepage\/Saison-25-26\/Galerien\/Spiele\/atalanta-fcb\/07-atalanta-fcbayern-260310-mel.jpg?w=640&#038;ssl=1\" alt=\"\"\/><figcaption class=\"wp-element-caption\">\u00a9 FC Bayern<\/figcaption><\/figure>\n\n\n\n<h2 class=\"wp-block-heading\">Jackson sustituye de nuevo a Kane<\/h2>\n\n\n\n<p>En comparaci\u00f3n con el&nbsp;<a href=\"https:\/\/fcbayern.com\/es\/matches\/profis\/bundesliga\/2025-2026\/fc-bayern-muenchen-borussia-moenchengladbach-07-03-2026\/news\">4-1<\/a>&nbsp;contra el M\u00f6nchengladbach del viernes,&nbsp;<a href=\"https:\/\/fcbayern.com\/es\/teams\/first-team\/coaches-and-staff\/vincent-kompany\">Vincent Kompany<\/a>&nbsp;realiz\u00f3 seis cambios en el once inicial del Bayern:&nbsp;<a href=\"https:\/\/fcbayern.com\/es\/teams\/first-team\/jonas-urbig\">Jonas Urbig<\/a>,&nbsp;<a href=\"https:\/\/fcbayern.com\/es\/teams\/first-team\/jonathan-tah\">Jonathan Tah<\/a>,&nbsp;<a href=\"https:\/\/fcbayern.com\/es\/teams\/first-team\/josip-stanisic\">Josip Stani\u0161i\u0107<\/a>,&nbsp;<a href=\"https:\/\/fcbayern.com\/es\/teams\/first-team\/aleksandar-pavlovic\">Aleksandar Pavlovi\u0107<\/a>,&nbsp;<a href=\"https:\/\/fcbayern.com\/es\/teams\/first-team\/michael-olise\">Michael Olise<\/a>&nbsp;y&nbsp;<a href=\"https:\/\/fcbayern.com\/es\/teams\/first-team\/serge-gnabry\">Serge Gnabry<\/a>&nbsp;sustituyeron al lesionado&nbsp;<a href=\"https:\/\/fcbayern.com\/es\/teams\/first-team\/manuel-neuer\">Manuel Neuer<\/a>, as\u00ed como a&nbsp;<a href=\"https:\/\/fcbayern.com\/es\/teams\/first-team\/minjae-kim\">Minjae Kim<\/a>,&nbsp;<a href=\"https:\/\/fcbayern.com\/es\/teams\/first-team\/tom-bischof\">Tom Bischof<\/a>,&nbsp;<a href=\"https:\/\/fcbayern.com\/es\/teams\/first-team\/leon-goretzka\">Leon Goretzka<\/a>,&nbsp;<a href=\"https:\/\/fcbayern.com\/es\/teams\/first-team\/lennart-karl\">Lennart Karl<\/a>&nbsp;y&nbsp;<a href=\"https:\/\/fcbayern.com\/es\/teams\/first-team\/jamal-musiala\">Jamal Musiala<\/a>&nbsp;(todos en el banquillo).&nbsp;<a href=\"https:\/\/fcbayern.com\/es\/teams\/first-team\/harry-kane\">Harry Kane<\/a>&nbsp;tambi\u00e9n comenz\u00f3 en el banquillo, siendo sustituido de nuevo por&nbsp;<a href=\"https:\/\/fcbayern.com\/es\/teams\/first-team\/nicolas-jackson\">Nicolas Jackson<\/a>&nbsp;en la delantera.<\/p>\n\n\n\n<p><em>Hemos resumido las jugadas m\u00e1s importantes del partido:<\/em><\/p>\n\n\n\n<h2 class=\"wp-block-heading\">Minuto 4: Olise amenaza<\/h2>\n\n\n\n<figure class=\"wp-block-image\"><img data-recalc-dims=\"1\" decoding=\"async\" src=\"https:\/\/i0.wp.com\/img.fcbayern.com\/image\/upload\/f_auto\/q_auto\/ar_16%3A9%2Cc_fill%2Cg_custom%2Cw_1024\/v1773173508\/cms\/public\/images\/fcbayern-com\/homepage\/Saison-25-26\/Galerien\/Spiele\/atalanta-fcb\/05-atalanta-fcbayern-260310-mel.jpg?w=640&#038;ssl=1\" alt=\"\"\/><figcaption class=\"wp-element-caption\">\u00a9 FC Bayern<\/figcaption><\/figure>\n\n\n\n<p>\u00a1Bonito primer ataque del Bayern! Josip Stani\u0161i\u0107 se abri\u00f3 paso con el bal\u00f3n en los pies a trav\u00e9s de la defensa rival y se lo pas\u00f3 a Michael Olise con un taconazo. El franc\u00e9s no se lo pens\u00f3 dos veces y dispar\u00f3, pero Carnesecchi, el portero del Atalanta, detuvo el tiro. Sin embargo, el equipo muniqu\u00e9s tom\u00f3 esta acci\u00f3n como punto de partida para una fase inicial activa con numerosos remates.<\/p>\n\n\n\n<h2 class=\"wp-block-heading\">Minuto 12: \u00a1S\u00ed! Stani\u0161i\u0107 abre el marcador<\/h2>\n\n\n\n<figure class=\"wp-block-image\"><img data-recalc-dims=\"1\" decoding=\"async\" src=\"https:\/\/i0.wp.com\/img.fcbayern.com\/image\/upload\/f_auto\/q_auto\/ar_16%3A9%2Cc_fill%2Cg_custom%2Cw_1024\/v1773174254\/cms\/public\/images\/fcbayern-com\/homepage\/Saison-25-26\/Galerien\/Spiele\/atalanta-fcb\/06-atalanta-fcbayern-260310-ima.jpg?w=640&#038;ssl=1\" alt=\"\"\/><\/figure>\n\n\n\n<p>\u00a1Gooool para el FC Bayern! Olise lanz\u00f3 un c\u00f3rner desde la derecha y Serge Gnabry, libre de marca, pas\u00f3 el bal\u00f3n a Josip Stani\u0161i\u010d, que no tuvo problemas para marcar desde corta distancia. Stani celebr\u00f3 su primer gol en la m\u00e1xima competici\u00f3n europea. El equipo de M\u00fanich se vio recompensado as\u00ed por su gran actividad, con m\u00e1s del 75 % de posesi\u00f3n del bal\u00f3n y r\u00e1pidas incursiones.<\/p>\n\n\n\n<h2 class=\"wp-block-heading\">Minuto 22: \u00a1Olise marca el 2-0 de forma irresistible!<\/h2>\n\n\n\n<figure class=\"wp-block-image\"><img data-recalc-dims=\"1\" decoding=\"async\" src=\"https:\/\/i0.wp.com\/img.fcbayern.com\/image\/upload\/f_auto\/q_auto\/ar_16%3A9%2Cc_fill%2Cg_custom%2Cw_1024\/v1773175169\/cms\/public\/images\/fcbayern-com\/homepage\/Saison-25-26\/Galerien\/Spiele\/atalanta-fcb\/10-atalanta-fcbayern-260310-get.jpg?w=640&#038;ssl=1\" alt=\"\"\/><figcaption class=\"wp-element-caption\">\u00a9 Getty Images<\/figcaption><\/figure>\n\n\n\n<p>\u00a1S\u00cd! Siguiente gol para el Bayern, que mostr\u00f3 un rendimiento casi perfecto desde el principio. Michael Olise se intern\u00f3 desde la banda derecha, se desmarc\u00f3 de su marcador y envi\u00f3 el bal\u00f3n al segundo palo con un magn\u00edfico disparo con su m\u00e1gica pierna izquierda.<\/p>\n\n\n\n<h2 class=\"wp-block-heading\">Minuto 25: \u00a1Como en un frenes\u00ed! Gnabry pone el tercero<\/h2>\n\n\n\n<figure class=\"wp-block-image\"><img data-recalc-dims=\"1\" decoding=\"async\" src=\"https:\/\/i0.wp.com\/img.fcbayern.com\/image\/upload\/f_auto\/q_auto\/ar_16%3A9%2Cc_fill%2Cg_custom%2Cw_1024\/v1773175184\/cms\/public\/images\/fcbayern-com\/homepage\/Saison-25-26\/Galerien\/Spiele\/atalanta-fcb\/13-atalanta-fcbayern-260310-mel.jpg?w=640&#038;ssl=1\" alt=\"\"\/><figcaption class=\"wp-element-caption\">\u00a9 FC Bayern<\/figcaption><\/figure>\n\n\n\n<p>\u00a1Y otro gol para los visitantes! El sobresaliente Olise, que particip\u00f3 de manera decisiva en los tres tantos, control\u00f3 un pase largo y asisti\u00f3 a Serge Gnabry con un pase entre l\u00edneas. El internacional alem\u00e1n mantuvo la calma ante la porter\u00eda del Atalanta y marc\u00f3 con la derecha por la esquina izquierda para poner el 0-3. Las 36 participaciones de gol de Olise en&nbsp;competici\u00f3n oficial esta temporada (14 goles y 22 asistencias) no han sido superados por ning\u00fan otro extremo de las cinco grandes ligas europeas.<\/p>\n\n\n\n<h2 class=\"wp-block-heading\">Minuto 52: \u00a1Fant\u00e1stico! \u00a1Gol de Jackson en un contraataque!<\/h2>\n\n\n\n<figure class=\"wp-block-image\"><img data-recalc-dims=\"1\" decoding=\"async\" src=\"https:\/\/i0.wp.com\/img.fcbayern.com\/image\/upload\/f_auto\/q_auto\/ar_16%3A9%2Cc_fill%2Cg_custom%2Cw_1024\/v1773177607\/cms\/public\/images\/fcbayern-com\/homepage\/Saison-25-26\/Galerien\/Spiele\/atalanta-fcb\/18-atalanta-fcbayern-260310-mel.jpg?w=640&#038;ssl=1\" alt=\"\"\/><figcaption class=\"wp-element-caption\">\u00a9 FC Bayern<\/figcaption><\/figure>\n\n\n\n<p>\u00a1Qu\u00e9 jugada tan magn\u00edfica! Aleksandar Pavlovi\u0107 recuper\u00f3 el bal\u00f3n en su propia \u00e1rea y, en el contraataque, se lo pas\u00f3 a Nicolas Jackson, quien se lo cedi\u00f3 a Alphonso Davies en la banda izquierda. Davies hab\u00eda entrado en el descanso, al igual que Jamal Musiala, en sustituci\u00f3n de Konrad Laimer y Serge Gnabry, quien hab\u00eda estrellado un bal\u00f3n en el larguero justo antes del descanso.<\/p>\n\n\n\n<p>Davies pas\u00f3 el bal\u00f3n a Luis D\u00edaz, quien asisti\u00f3 a Jackson con un bonito taconazo. El senegal\u00e9s remat\u00f3 con la derecha al \u00e1ngulo inferior izquierdo: \u00a10-4!<\/p>\n\n\n\n<h2 class=\"wp-block-heading\">Minuto 64: \u00a1Segundo golazo del fant\u00e1stico Olise!<\/h2>\n\n\n\n<figure class=\"wp-block-image\"><img data-recalc-dims=\"1\" decoding=\"async\" src=\"https:\/\/i0.wp.com\/img.fcbayern.com\/image\/upload\/f_auto\/q_auto\/ar_16%3A9%2Cc_fill%2Cg_custom%2Cw_1024\/v1773178277\/cms\/public\/images\/fcbayern-com\/homepage\/Saison-25-26\/Galerien\/Spiele\/atalanta-fcb\/22-atalanta-fcbayern-260310-mel.jpg?w=640&#038;ssl=1\" alt=\"\"\/><figcaption class=\"wp-element-caption\">\u00a9 FC Bayern<\/figcaption><\/figure>\n\n\n\n<p>\u00a1Y sigui\u00f3, y sigui\u00f3! 0-5 para el FC Bayern y, de nuevo, el goleador fue Michael Olise. El gol fue un reflejo de su primer tanto: se intern\u00f3 desde la derecha y envi\u00f3 el bal\u00f3n al palo largo con un disparo de clase mundial. Olise volvi\u00f3 a destacar en esta memorable noche en un brillante conjunto del Bayern. \u00a1Qu\u00e9 actuaci\u00f3n la del jugador de 24 a\u00f1os!<\/p>\n\n\n\n<h2 class=\"wp-block-heading\">Minuto 67: \u00a10-6! Musiala, con su 100.\u00aa participaci\u00f3n de gol con el Bayern<\/h2>\n\n\n\n<figure class=\"wp-block-image\"><img data-recalc-dims=\"1\" decoding=\"async\" src=\"https:\/\/i0.wp.com\/img.fcbayern.com\/image\/upload\/f_auto\/q_auto\/ar_16%3A9%2Cc_fill%2Cg_custom%2Cw_1024\/v1773179133\/cms\/public\/images\/fcbayern-com\/homepage\/Saison-25-26\/Galerien\/Spiele\/atalanta-fcb\/25-atalanta-fcbayern-260310-ima.jpg?w=640&#038;ssl=1\" alt=\"\"\/><figcaption class=\"wp-element-caption\">\u00a9 Imago<\/figcaption><\/figure>\n\n\n\n<p>\u00a1Siguiente gol para los muniqueses! Nicolas Jackson se impuso con fuerza en el \u00e1rea y envi\u00f3 un centro raso desde la derecha hacia el centro. All\u00ed, Musiala, que hab\u00eda entrado como suplente, se lanz\u00f3 al bal\u00f3n y pudo celebrar: \u00a1el gol supuso su participaci\u00f3n de gon n\u00ba. 100 con la camiseta del FC Bayern (67 goles y 33 asistencias)!<\/p>\n\n\n\n<h2 class=\"wp-block-heading\">Jugando hasta el final, Upamecano remata al poste<\/h2>\n\n\n\n<figure class=\"wp-block-image\"><img data-recalc-dims=\"1\" decoding=\"async\" src=\"https:\/\/i0.wp.com\/img.fcbayern.com\/image\/upload\/f_auto\/q_auto\/ar_16%3A9%2Cc_fill%2Cg_custom%2Cw_1024\/v1773178779\/cms\/public\/images\/fcbayern-com\/homepage\/Saison-25-26\/Galerien\/Spiele\/atalanta-fcb\/20-atalanta-fcbayern-260310-mel.jpg?w=640&#038;ssl=1\" alt=\"\"\/><figcaption class=\"wp-element-caption\">\u00a9 FC Bayern<\/figcaption><\/figure>\n\n\n\n<p>El Bayern demostr\u00f3 su clase y entusiasmo hasta el final en este d\u00eda perfecto, y podr\u00eda haber marcado m\u00e1s goles. Dayot Upamecano, que form\u00f3 un centro de la defensa impecable junto a Jonathan Tah, estrell\u00f3 un cabezazo en el poste en el minuto 76.<\/p>\n\n\n\n<h2 class=\"wp-block-heading\">Minuto 90+3: Pa\u0161ali\u0107 marca el 1-6<\/h2>\n\n\n\n<p>En la \u00faltima jugada del partido, Mario Pa\u0161ali\u0107, del Bergamo, marc\u00f3 el 1-6. Recibi\u00f3 un pase desde la derecha en el centro del \u00e1rea y estrell\u00f3 el bal\u00f3n contra Jonas Urbig, el portero del FCB. El bal\u00f3n entr\u00f3 en la porter\u00eda y el \u00e1rbitro pit\u00f3 el final del partido.<\/p>\n\n\n\n<p>Tras una actuaci\u00f3n impresionante del Bayern, el partido termin\u00f3 con una contundente victoria por 1-6 en el campo de la Atalanta.<\/p>\n\n\n\n<p><\/p>\n\n\n\n<p>fcbayern.com<\/p>\n","protected":false},"excerpt":{"rendered":"<p>\u00a1Importante victoria a domicilio en el partido de ida de los octavos de final de la Liga de Campeones! El FC Bayern gan\u00f3 el martes por la noche por 1-6 (0-3) a la Atalanta de B\u00e9rgamo en el norte de Italia, lo que le coloca en una excelente posici\u00f3n de partida para el partido de [&hellip;]<\/p>\n","protected":false},"author":1,"featured_media":205130,"comment_status":"open","ping_status":"open","sticky":false,"template":"","format":"standard","meta":{"_acf_changed":false,"_jetpack_memberships_contains_paid_content":false,"footnotes":"","jetpack_publicize_message":"","jetpack_publicize_feature_enabled":true,"jetpack_social_post_already_shared":true,"jetpack_social_options":{"image_generator_settings":{"template":"highway","default_image_id":0,"font":"","enabled":false},"version":2}},"categories":[5],"tags":[],"class_list":["post-205129","post","type-post","status-publish","format-standard","has-post-thumbnail","hentry","category-futbol"],"acf":[],"jetpack_publicize_connections":[],"jetpack_featured_media_url":"https:\/\/sportseco.com\/wp-content\/uploads\/2026\/03\/12-atalanta-fcbayern-260310-mel.avif","jetpack_sharing_enabled":true,"_links":{"self":[{"href":"https:\/\/sportseco.com\/index.php?rest_route=\/wp\/v2\/posts\/205129","targetHints":{"allow":["GET"]}}],"collection":[{"href":"https:\/\/sportseco.com\/index.php?rest_route=\/wp\/v2\/posts"}],"about":[{"href":"https:\/\/sportseco.com\/index.php?rest_route=\/wp\/v2\/types\/post"}],"author":[{"embeddable":true,"href":"https:\/\/sportseco.com\/index.php?rest_route=\/wp\/v2\/users\/1"}],"replies":[{"embeddable":true,"href":"https:\/\/sportseco.com\/index.php?rest_route=%2Fwp%2Fv2%2Fcomments&post=205129"}],"version-history":[{"count":1,"href":"https:\/\/sportseco.com\/index.php?rest_route=\/wp\/v2\/posts\/205129\/revisions"}],"predecessor-version":[{"id":205131,"href":"https:\/\/sportseco.com\/index.php?rest_route=\/wp\/v2\/posts\/205129\/revisions\/205131"}],"wp:featuredmedia":[{"embeddable":true,"href":"https:\/\/sportseco.com\/index.php?rest_route=\/wp\/v2\/media\/205130"}],"wp:attachment":[{"href":"https:\/\/sportseco.com\/index.php?rest_route=%2Fwp%2Fv2%2Fmedia&parent=205129"}],"wp:term":[{"taxonomy":"category","embeddable":true,"href":"https:\/\/sportseco.com\/index.php?rest_route=%2Fwp%2Fv2%2Fcategories&post=205129"},{"taxonomy":"post_tag","embeddable":true,"href":"https:\/\/sportseco.com\/index.php?rest_route=%2Fwp%2Fv2%2Ftags&post=205129"}],"curies":[{"name":"wp","href":"https:\/\/api.w.org\/{rel}","templated":true}]}}