{"id":205132,"date":"2026-03-11T07:52:37","date_gmt":"2026-03-11T11:52:37","guid":{"rendered":"https:\/\/sportseco.com\/?p=205132"},"modified":"2026-03-11T07:52:52","modified_gmt":"2026-03-11T11:52:52","slug":"ciberacoso-un-fenomeno-mundial-en-expansion-amplificado-por-la-ia","status":"publish","type":"post","link":"https:\/\/sportseco.com\/?p=205132","title":{"rendered":"Ciberacoso: un fen\u00f3meno mundial en expansi\u00f3n, amplificado por la IA"},"content":{"rendered":"\n<p>Los ni\u00f1os declaran ser v\u00edctimas de acoso por su apariencia f\u00edsica, raza, origen \u00e9tnico, sexo, discapacidad, religi\u00f3n, orientaci\u00f3n sexual, estado de salud, peso o situaci\u00f3n socioecon\u00f3mica. La reputaci\u00f3n puede ser destruida en segundos y algunos ni\u00f1os han llegado a quitarse la vida por ello.<\/p>\n\n\n\n<p>Entre el 15 % y el 20 % de los ni\u00f1os en el mundo son v\u00edctimas de ciberacoso, seg\u00fan estudios, aunque la cifra real podr\u00eda ser mayor, advirti\u00f3 este martes la representante especial sobre la Violencia contra los Ni\u00f1os, Najat Maalla M\u2019jid, durante su intervenci\u00f3n ante el&nbsp;<a href=\"https:\/\/www.ohchr.org\/SP\/HRBodies\/HRC\/Pages\/Home.aspx\" target=\"_blank\" rel=\"noreferrer noopener\"><\/a><a href=\"https:\/\/www.ohchr.org\/es\/hrbodies\/hrc\/home\" target=\"_blank\" rel=\"noreferrer noopener\">Consejo de Derechos Humanos<\/a>. M\u2019jid se\u00f1al\u00f3 que el avance de la inteligencia artificial est\u00e1 acelerando estas pr\u00e1cticas y reforzando los v\u00ednculos entre el ciberacoso y otras formas de violencia criminal.<\/p>\n\n\n\n<p>Esta tendencia se confirma en las percepciones y experiencias de los propios ni\u00f1os. Una encuesta reciente realizada por su oficina entre m\u00e1s de 30.000 ni\u00f1os de todas las regiones revel\u00f3 que&nbsp;<strong>el 66 % considera que el ciberacoso ha aumentado<\/strong>, y que uno de cada dos ni\u00f1os no sabe d\u00f3nde ni c\u00f3mo denunciar un caso y obtener ayuda.<\/p>\n\n\n\n<h2 class=\"wp-block-heading\">Ni\u00f1os acosados en l\u00ednea por su apariencia o identidad<\/h2>\n\n\n\n<p>Otras investigaciones internacionales arrojan conclusiones similares. La encuesta global de Microsoft de 2025 revel\u00f3 que el 21 % de los ni\u00f1os hab\u00edan sido v\u00edctimas de ciberacoso durante el a\u00f1o anterior, y que el 37 % lo consideraba su principal preocupaci\u00f3n en materia de seguridad en l\u00ednea. Estos datos tambi\u00e9n destacan a los ni\u00f1os m\u00e1s expuestos a estas violencias:&nbsp;<strong>aquellos percibidos como \u00abdiferentes\u00bb o marginados<\/strong>.<\/p>\n\n\n\n<p>Con mayor frecuencia, los ni\u00f1os declaran ser v\u00edctimas de acoso por su apariencia f\u00edsica, raza, origen \u00e9tnico, sexo, discapacidad, religi\u00f3n, orientaci\u00f3n sexual, estado de salud, peso o situaci\u00f3n socioecon\u00f3mica.<\/p>\n\n\n\n<p>En este contexto, \u00ablos r\u00e1pidos avances y la mayor accesibilidad de la IA generativa est\u00e1n transformando el ciberacoso, haci\u00e9ndolo m\u00e1s r\u00e1pido, m\u00e1s dirigido, m\u00e1s dif\u00edcil de detectar y propag\u00e1ndose a gran escala en m\u00faltiples plataformas\u00bb, detall\u00f3 Maalla M\u2019jid.<\/p>\n\n\n\n<h2 class=\"wp-block-heading\">La IA desviada para humillar a los ni\u00f1os<\/h2>\n\n\n\n<p>Estos avances tecnol\u00f3gicos ilustran concretamente la transformaci\u00f3n de las pr\u00e1cticas de ciberacoso. La creaci\u00f3n de ultrafalsos (deepfakes), las herramientas que \u00abdesnudan\u00bb digitalmente y el clonaje de voz se utilizan cada vez m\u00e1s como armas para humillar y acosar a los ni\u00f1os, y ejercer coacci\u00f3n sobre ellos.<\/p>\n\n\n\n<p>\u00abLos ni\u00f1os conf\u00edan demasiado en las herramientas de IA y&nbsp;<strong>no pueden saber si est\u00e1n interactuando con una persona real o no<\/strong>, lo que los hace vulnerables a la manipulaci\u00f3n y la desinformaci\u00f3n\u00bb, insisti\u00f3 la responsable de la ONU.<\/p>\n\n\n\n<p><strong>Al mismo tiempo, muchos ni\u00f1os a\u00fan dudan en denunciar el ciberacoso<\/strong>. \u00abPorque son estigmatizados, porque no saben d\u00f3nde reportarlo, porque temen ser rechazados por sus pares o juzgados por los adultos\u00bb.<\/p>\n\n\n\n<h2 class=\"wp-block-heading\">Una reputaci\u00f3n destruida en segundos<\/h2>\n\n\n\n<p>Las consecuencias de estas violencias en l\u00ednea pueden ser particularmente graves. El informe se\u00f1ala la angustia psicol\u00f3gica y, sobre todo, el da\u00f1o \u00abirreparable a la reputaci\u00f3n en cuesti\u00f3n de segundos\u00bb. \u00abSu impacto puede durar toda la vida.&nbsp;<strong>En los casos m\u00e1s extremos, puede llevar a los ni\u00f1os a quitarse la vida<\/strong>\u00bb, afirm\u00f3 la defensora de los ni\u00f1os.<\/p>\n\n\n\n<p>Ante estos riesgos, se han puesto en marcha varias iniciativas para prevenir y combatir el fen\u00f3meno, como marcos jur\u00eddicos y regulatorios, estrategias de protecci\u00f3n infantil en l\u00ednea, educaci\u00f3n y cultura digital, y herramientas basadas en inteligencia artificial para detectar contenidos perjudiciales e inapropiados.<\/p>\n\n\n\n<p><\/p>\n\n\n\n<p>un.org<\/p>\n","protected":false},"excerpt":{"rendered":"<p>Los ni\u00f1os declaran ser v\u00edctimas de acoso por su apariencia f\u00edsica, raza, origen \u00e9tnico, sexo, discapacidad, religi\u00f3n, orientaci\u00f3n sexual, estado de salud, peso o situaci\u00f3n socioecon\u00f3mica. La reputaci\u00f3n puede ser destruida en segundos y algunos ni\u00f1os han llegado a quitarse la vida por ello. Entre el 15 % y el 20 % de los ni\u00f1os [&hellip;]<\/p>\n","protected":false},"author":1,"featured_media":205133,"comment_status":"open","ping_status":"open","sticky":false,"template":"","format":"standard","meta":{"_acf_changed":false,"_jetpack_memberships_contains_paid_content":false,"footnotes":"","jetpack_publicize_message":"","jetpack_publicize_feature_enabled":true,"jetpack_social_post_already_shared":true,"jetpack_social_options":{"image_generator_settings":{"template":"highway","default_image_id":0,"font":"","enabled":false},"version":2}},"categories":[108],"tags":[],"class_list":["post-205132","post","type-post","status-publish","format-standard","has-post-thumbnail","hentry","category-dia-mundial"],"acf":[],"jetpack_publicize_connections":[],"jetpack_featured_media_url":"https:\/\/i0.wp.com\/sportseco.com\/wp-content\/uploads\/2026\/03\/image1170x530cropped-1-1.jpg?fit=1170%2C530&ssl=1","jetpack_sharing_enabled":true,"_links":{"self":[{"href":"https:\/\/sportseco.com\/index.php?rest_route=\/wp\/v2\/posts\/205132","targetHints":{"allow":["GET"]}}],"collection":[{"href":"https:\/\/sportseco.com\/index.php?rest_route=\/wp\/v2\/posts"}],"about":[{"href":"https:\/\/sportseco.com\/index.php?rest_route=\/wp\/v2\/types\/post"}],"author":[{"embeddable":true,"href":"https:\/\/sportseco.com\/index.php?rest_route=\/wp\/v2\/users\/1"}],"replies":[{"embeddable":true,"href":"https:\/\/sportseco.com\/index.php?rest_route=%2Fwp%2Fv2%2Fcomments&post=205132"}],"version-history":[{"count":2,"href":"https:\/\/sportseco.com\/index.php?rest_route=\/wp\/v2\/posts\/205132\/revisions"}],"predecessor-version":[{"id":205135,"href":"https:\/\/sportseco.com\/index.php?rest_route=\/wp\/v2\/posts\/205132\/revisions\/205135"}],"wp:featuredmedia":[{"embeddable":true,"href":"https:\/\/sportseco.com\/index.php?rest_route=\/wp\/v2\/media\/205133"}],"wp:attachment":[{"href":"https:\/\/sportseco.com\/index.php?rest_route=%2Fwp%2Fv2%2Fmedia&parent=205132"}],"wp:term":[{"taxonomy":"category","embeddable":true,"href":"https:\/\/sportseco.com\/index.php?rest_route=%2Fwp%2Fv2%2Fcategories&post=205132"},{"taxonomy":"post_tag","embeddable":true,"href":"https:\/\/sportseco.com\/index.php?rest_route=%2Fwp%2Fv2%2Ftags&post=205132"}],"curies":[{"name":"wp","href":"https:\/\/api.w.org\/{rel}","templated":true}]}}