{"id":205143,"date":"2026-03-11T08:02:35","date_gmt":"2026-03-11T12:02:35","guid":{"rendered":"https:\/\/sportseco.com\/?p=205143"},"modified":"2026-03-11T08:02:35","modified_gmt":"2026-03-11T12:02:35","slug":"mas-de-294-metros-cubicos-decomisados-en-primer-operativo-nacional-contra-trafico-de-madera","status":"publish","type":"post","link":"https:\/\/sportseco.com\/?p=205143","title":{"rendered":"M\u00e1s de 294 metros c\u00fabicos decomisados en primer operativo nacional contra tr\u00e1fico de madera"},"content":{"rendered":"\n<figure class=\"wp-block-image\"><img data-recalc-dims=\"1\" decoding=\"async\" src=\"https:\/\/i0.wp.com\/www.minambiente.gov.co\/wp-content\/uploads\/2026\/03\/Archivo-1.jpeg?w=640&#038;ssl=1\" alt=\"M\u00e1s de 294 metros c\u00fabicos decomisados en primer operativo nacional contra tr\u00e1fico de madera\" title=\"M\u00e1s de 294 metros c\u00fabicos decomisados en primer operativo nacional contra tr\u00e1fico de madera\"\/><\/figure>\n\n\n\n<ul class=\"wp-block-list\">\n<li>En un trabajo articulado con 37 autoridades ambientales y la Fuerza P\u00fablica, se decomisaron m\u00e1s de 294 metros c\u00fabicos de madera ilegal, avaluados en cerca de $484 millones.<\/li>\n\n\n\n<li>La jornada nacional de control se realiz\u00f3 en 125 puntos de verificaci\u00f3n en las v\u00edas del pa\u00eds y en 179 empresas forestales, sensibilizando a m\u00e1s de 5.600 colombianos sobre la importancia de la legalidad forestal.<\/li>\n\n\n\n<li>Estas acciones son parte del Plan Integral de Contenci\u00f3n de la Deforestaci\u00f3n, liderado por la ministra de Ambiente y Desarrollo Sostenible (e), Irene V\u00e9lez Torres.<\/li>\n<\/ul>\n\n\n\n<p><strong>Bogot\u00e1, 10 de marzo de 2026 (@MinAmbienteCo)<\/strong>&nbsp;\u2013 En un amplio operativo de control contra el tr\u00e1fico de madera ilegal, el Ministerio de Ambiente y Desarrollo Sostenible, bajo el liderazgo de la ministra (e) Irene V\u00e9lez Torres, realiz\u00f3 el Primer Operativo Nacional de Control a la Movilizaci\u00f3n y Comercializaci\u00f3n de Productos Forestales de 2026, que dej\u00f3 como resultado el decomiso de 294 metros c\u00fabicos de madera que no contaban con los requisitos de legalidad, avaluados en $484 millones.<\/p>\n\n\n\n<p>Durante dos d\u00edas, 37 autoridades ambientales, las Fuerzas Militares y la Polic\u00eda Nacional, inspeccionaron 2.229 veh\u00edculos e intervinieron 179 empresas forestales dedicadas a la transformaci\u00f3n y comercializaci\u00f3n de madera. Seg\u00fan las autoridades, gran parte de esta madera ilegal ten\u00eda como destino final la ciudad de Bogot\u00e1.<\/p>\n\n\n\n<p>\u201cEste operativo de control demuestra que el Estado est\u00e1 actuando de manera coordinada y contundente para frenar el tr\u00e1fico de madera y proteger nuestros bosques. Estuvimos presentes en puntos estrat\u00e9gicos fluviales, terrestres y mar\u00edtimos, fortaleciendo el control, pero tambi\u00e9n llevando pedagog\u00eda sobre la legalidad forestal. Cada metro c\u00fabico de madera ilegal que detenemos es un avance concreto en nuestra lucha contra la deforestaci\u00f3n en Colombia\u201d, asegur\u00f3 la ministra de Ambiente (e), Irene V\u00e9lez Torres.<\/p>\n\n\n\n<p>Para el desarrollo del operativo se instalaron 125 puestos de control en todo el pa\u00eds, donde 608 funcionarios verificaron la movilizaci\u00f3n de productos maderables y no maderables.<\/p>\n\n\n\n<p>Adem\u00e1s de las acciones de control, las autoridades adelantaron jornadas pedag\u00f3gicas con comunidades y actores del sector forestal. En total, 5.634 personas fueron sensibilizadas sobre la importancia de la legalidad forestal y el impacto del comercio ilegal de madera en los bosques del pa\u00eds.<\/p>\n\n\n\n<p>En las 179 empresas intervenidas tambi\u00e9n se realizaron labores de seguimiento preventivo y orientaci\u00f3n para asegurar que los productos comercializados cuenten con trazabilidad forestal que no amenace los bosques del pa\u00eds.<\/p>\n\n\n\n<p><em>\u201cNosotros seguimos muy abiertos para cuando quieran revisarnos porque vale la pena ser legal en la trazabilidad de nuestras maderas. En todo lo que requieran las autoridades, todo est\u00e1 a disposici\u00f3n. Estamos animando a las personas a que puedan llegar a la legalidad de las maderas porque trae beneficios a la empresa, a los clientes y al ambiente con un comercio responsable\u201d,<\/em>&nbsp;se\u00f1al\u00f3 \u00d3scar Avenda\u00f1o, propietario de la empresa Comercial de Maderas Los Cedros.<\/p>\n\n\n\n<p>Con estos resultados, el Ministerio de Ambiente y Desarrollo Sostenible avanza en el fortalecimiento del control institucional y la promoci\u00f3n de la legalidad forestal, como parte de las estrategias para frenar la deforestaci\u00f3n y proteger los bosques del pa\u00eds.<\/p>\n\n\n\n<p><\/p>\n\n\n\n<p><\/p>\n\n\n\n<p>minambiente.gov.co<\/p>\n","protected":false},"excerpt":{"rendered":"<p>Bogot\u00e1, 10 de marzo de 2026 (@MinAmbienteCo)&nbsp;\u2013 En un amplio operativo de control contra el tr\u00e1fico de madera ilegal, el Ministerio de Ambiente y Desarrollo Sostenible, bajo el liderazgo de la ministra (e) Irene V\u00e9lez Torres, realiz\u00f3 el Primer Operativo Nacional de Control a la Movilizaci\u00f3n y Comercializaci\u00f3n de Productos Forestales de 2026, que dej\u00f3 [&hellip;]<\/p>\n","protected":false},"author":1,"featured_media":205144,"comment_status":"open","ping_status":"open","sticky":false,"template":"","format":"standard","meta":{"_acf_changed":false,"_jetpack_memberships_contains_paid_content":false,"footnotes":"","jetpack_publicize_message":"","jetpack_publicize_feature_enabled":true,"jetpack_social_post_already_shared":true,"jetpack_social_options":{"image_generator_settings":{"template":"highway","default_image_id":0,"font":"","enabled":false},"version":2}},"categories":[6],"tags":[],"class_list":["post-205143","post","type-post","status-publish","format-standard","has-post-thumbnail","hentry","category-ecologia"],"acf":[],"jetpack_publicize_connections":[],"jetpack_featured_media_url":"https:\/\/i0.wp.com\/sportseco.com\/wp-content\/uploads\/2026\/03\/Archivo-1.jpeg?fit=1600%2C900&ssl=1","jetpack_sharing_enabled":true,"_links":{"self":[{"href":"https:\/\/sportseco.com\/index.php?rest_route=\/wp\/v2\/posts\/205143","targetHints":{"allow":["GET"]}}],"collection":[{"href":"https:\/\/sportseco.com\/index.php?rest_route=\/wp\/v2\/posts"}],"about":[{"href":"https:\/\/sportseco.com\/index.php?rest_route=\/wp\/v2\/types\/post"}],"author":[{"embeddable":true,"href":"https:\/\/sportseco.com\/index.php?rest_route=\/wp\/v2\/users\/1"}],"replies":[{"embeddable":true,"href":"https:\/\/sportseco.com\/index.php?rest_route=%2Fwp%2Fv2%2Fcomments&post=205143"}],"version-history":[{"count":1,"href":"https:\/\/sportseco.com\/index.php?rest_route=\/wp\/v2\/posts\/205143\/revisions"}],"predecessor-version":[{"id":205145,"href":"https:\/\/sportseco.com\/index.php?rest_route=\/wp\/v2\/posts\/205143\/revisions\/205145"}],"wp:featuredmedia":[{"embeddable":true,"href":"https:\/\/sportseco.com\/index.php?rest_route=\/wp\/v2\/media\/205144"}],"wp:attachment":[{"href":"https:\/\/sportseco.com\/index.php?rest_route=%2Fwp%2Fv2%2Fmedia&parent=205143"}],"wp:term":[{"taxonomy":"category","embeddable":true,"href":"https:\/\/sportseco.com\/index.php?rest_route=%2Fwp%2Fv2%2Fcategories&post=205143"},{"taxonomy":"post_tag","embeddable":true,"href":"https:\/\/sportseco.com\/index.php?rest_route=%2Fwp%2Fv2%2Ftags&post=205143"}],"curies":[{"name":"wp","href":"https:\/\/api.w.org\/{rel}","templated":true}]}}