{"id":205152,"date":"2026-03-11T08:21:13","date_gmt":"2026-03-11T12:21:13","guid":{"rendered":"https:\/\/sportseco.com\/?p=205152"},"modified":"2026-03-11T08:21:13","modified_gmt":"2026-03-11T12:21:13","slug":"cali-presenta-su-hoja-de-ruta-para-proteger-la-biodiversidad-el-11-de-marzo-en-yawa","status":"publish","type":"post","link":"https:\/\/sportseco.com\/?p=205152","title":{"rendered":"Cali presenta su hoja de ruta para proteger la biodiversidad: el 11 de marzo en YAWA"},"content":{"rendered":"\n<figure class=\"wp-block-image\"><img data-recalc-dims=\"1\" decoding=\"async\" src=\"https:\/\/i0.wp.com\/www.cali.gov.co\/info\/caligovco_se\/media\/pubInt\/thumbs\/thpubInt_700X400_191656.webp?w=640&#038;ssl=1\" alt=\"Cali presenta su hoja de ruta para proteger la biodiversidad: el 11 de marzo en YAWA\" title=\"Cali presenta su hoja de ruta para proteger la biodiversidad: el 11 de marzo en YAWA\"\/><\/figure>\n\n\n\n<p><strong>|&nbsp;<\/strong><em>La formulaci\u00f3n es liderada por la Alcald\u00eda de Cali, a trav\u00e9s del Dagma, en una alianza estrat\u00e9gica con el Instituto Humboldt, ICLEI Colombia y el respaldo financiero del Banco Interamericano de Desarrollo (BID).<\/em><br \/><br \/><em><strong>|<\/strong><\/em><em>&nbsp;El plan es el resultado de un ejercicio participativo que integr\u00f3 a m\u00e1s de 140 representantes de la academia, el sector privado, las ONG y comunidades locales en 11 espacios de trabajo conjunto.<\/em><br \/><br \/><em><strong>|<\/strong><\/em><em>&nbsp;El PAB-Cali aprovecha el impulso generado por la COP16, para avanzar en acciones concretas de conservaci\u00f3n y gesti\u00f3n de la biodiversidad.<\/em><\/p>\n\n\n\n<p><br \/><strong>Santiago de Cali, 10 de marzo de 2026<\/strong><br \/><br \/>La ciudad reconocida como&nbsp;<em>\u2018Capital Mundial de la Biodiversidad\u2019<\/em>&nbsp;da un paso clave para consolidar su liderazgo ambiental, con la presentaci\u00f3n oficial del&nbsp;<em><strong>Plan de Acci\u00f3n Local de Biodiversidad de Cali<\/strong><\/em>&nbsp;(<em>PAB-Cali<\/em>). Se trata de una&nbsp;<em>hoja de ruta<\/em>&nbsp;que orientar\u00e1 las acciones de&nbsp;<em>conservaci\u00f3n, gesti\u00f3n y gobernanza<\/em>&nbsp;de la biodiversidad durante los pr\u00f3ximos 10 a\u00f1os.<br \/><br \/>Este instrumento estrat\u00e9gico es el resultado de un proceso t\u00e9cnico y participativo liderado por la Alcald\u00eda de Cali, a trav\u00e9s del Departamento Administrativo de Gesti\u00f3n del Medio Ambiente (<em>Dagma<\/em>), en alianza con el Instituto Humboldt, ICLEI Colombia y con el respaldo financiero del Banco Interamericano de Desarrollo (BID).<br \/><br \/>El&nbsp;<em>PAB-Cali<\/em>&nbsp;traduce los compromisos globales en acciones concretas para el territorio, integrando soluciones reales que permitir\u00e1n fortalecer la relaci\u00f3n entre&nbsp;<em>naturaleza, desarrollo urbano sostenible y bienestar humano<\/em>.<br \/><br \/>La formulaci\u00f3n del plan se construy\u00f3 mediante un proceso participativo que reuni\u00f3 a&nbsp;<em>m\u00e1s de 140 representantes<\/em>&nbsp;de la academia, el sector privado, organizaciones no gubernamentales y comunidades locales, quienes aportaron su conocimiento y experiencia en&nbsp;<em>11 espacios de trabajo conjunto<\/em>, adem\u00e1s de un proceso t\u00e9cnico interinstitucional.<br \/><br \/>Este instrumento tambi\u00e9n recoge el impulso que dej\u00f3 la&nbsp;<em><strong>COP16<\/strong><\/em>, posicionando a Cali como un territorio que avanza en acciones concretas para la conservaci\u00f3n y gesti\u00f3n de la biodiversidad urbana y rural.<br \/><br \/><strong>Una hoja de ruta para la ciudad y sus ecosistemas<\/strong><br \/><br \/>El documento se estructura en&nbsp;<em>cinco l\u00edneas estrat\u00e9gicas y cuatro ejes transversales<\/em>, que orientan las acciones para fortalecer la habitabilidad en la ciudad; promover relaciones positivas entre lo urbano y lo rural; conservar y manejar la biodiversidad; fomentar la participaci\u00f3n ciudadana y la cultura del cuidado; y consolidar una gobernanza ambiental s\u00f3lida.<br \/><br \/>Adem\u00e1s, el&nbsp;<em>PAB-Cali<\/em>&nbsp;constituye uno de los componentes principales del&nbsp;<em>Plan Maestro Cali Sostenible<\/em>&nbsp;y se articula con instrumentos estrat\u00e9gicos de planificaci\u00f3n sobre cambio clim\u00e1tico y gesti\u00f3n ambiental urbana, as\u00ed como con la visi\u00f3n de ciudad del proyecto&nbsp;<em>Cali 500+<\/em>, permitiendo integrar la biodiversidad como un eje central del desarrollo territorial.<br \/><br \/><strong>Una herramienta para la toma de decisiones<\/strong><br \/><br \/>La publicaci\u00f3n del Plan est\u00e1 dise\u00f1ada como una herramienta t\u00e9cnica de consulta y orientaci\u00f3n, que facilitar\u00e1 a funcionarios p\u00fablicos, investigadores, organizaciones sociales y l\u00edderes comunitarios, incorporar la biodiversidad en procesos de planificaci\u00f3n, investigaci\u00f3n y gesti\u00f3n territorial.<br \/><br \/>El plan tambi\u00e9n contempla una estrategia financiera que explora mecanismos innovadores, orientados a garantizar la sostenibilidad econ\u00f3mica de las acciones propuestas y asegurar su implementaci\u00f3n en el largo plazo.<br \/><br \/><strong>Invitaci\u00f3n a medios de comunicaci\u00f3n<\/strong><br \/><br \/>La Alcald\u00eda de Cali y el&nbsp;<em>Dagma,<\/em>&nbsp;invitan a los medios de comunicaci\u00f3n a acompa\u00f1ar la presentaci\u00f3n oficial del&nbsp;<em>Plan de Acci\u00f3n Local de Biodiversidad de Cali (PAB-Cali)<\/em>.<br \/><br \/><em><strong>|<\/strong><\/em>&nbsp;<em><strong>Fecha:<\/strong><\/em>&nbsp;mi\u00e9rcoles 11 de marzo de 2026.<br \/><br \/><em><strong>|<\/strong><\/em>&nbsp;<em><strong>Hora:<\/strong><\/em>&nbsp;3:00 a 5:00 p.m.<br \/><br \/><em><strong>| Lugar:<\/strong><\/em>&nbsp;YAWA (carrera 37A # 5-27, San Fernando).<br \/><br \/><em><strong>|<\/strong><\/em>&nbsp;<em><strong>Confirmaci\u00f3n de asistencia:<\/strong><\/em>&nbsp;Luz Castillo (<em>316 748 61 31<\/em>)<br \/><br \/><em><strong>As\u00ed recuperamos Cali:<\/strong><\/em>&nbsp;protegiendo la biodiversidad como compromiso ambiental y estrategia clave para mejorar la calidad de vida de las personas y fortalecer la competitividad del Distrito.<br \/><br \/><br \/><br \/><br \/><strong>Comunicaciones Dagma<\/strong><\/p>\n\n\n\n<p>cali.gov.co<\/p>\n","protected":false},"excerpt":{"rendered":"<p>|&nbsp;La formulaci\u00f3n es liderada por la Alcald\u00eda de Cali, a trav\u00e9s del Dagma, en una alianza estrat\u00e9gica con el Instituto Humboldt, ICLEI Colombia y el respaldo financiero del Banco Interamericano de Desarrollo (BID). |&nbsp;El plan es el resultado de un ejercicio participativo que integr\u00f3 a m\u00e1s de 140 representantes de la academia, el sector privado, [&hellip;]<\/p>\n","protected":false},"author":1,"featured_media":205153,"comment_status":"open","ping_status":"open","sticky":false,"template":"","format":"standard","meta":{"_acf_changed":false,"_jetpack_memberships_contains_paid_content":false,"footnotes":"","jetpack_publicize_message":"","jetpack_publicize_feature_enabled":true,"jetpack_social_post_already_shared":true,"jetpack_social_options":{"image_generator_settings":{"template":"highway","default_image_id":0,"font":"","enabled":false},"version":2}},"categories":[6],"tags":[],"class_list":["post-205152","post","type-post","status-publish","format-standard","has-post-thumbnail","hentry","category-ecologia"],"acf":[],"jetpack_publicize_connections":[],"jetpack_featured_media_url":"https:\/\/i0.wp.com\/sportseco.com\/wp-content\/uploads\/2026\/03\/thpubInt_700X400_191656.webp?fit=660%2C400&ssl=1","jetpack_sharing_enabled":true,"_links":{"self":[{"href":"https:\/\/sportseco.com\/index.php?rest_route=\/wp\/v2\/posts\/205152","targetHints":{"allow":["GET"]}}],"collection":[{"href":"https:\/\/sportseco.com\/index.php?rest_route=\/wp\/v2\/posts"}],"about":[{"href":"https:\/\/sportseco.com\/index.php?rest_route=\/wp\/v2\/types\/post"}],"author":[{"embeddable":true,"href":"https:\/\/sportseco.com\/index.php?rest_route=\/wp\/v2\/users\/1"}],"replies":[{"embeddable":true,"href":"https:\/\/sportseco.com\/index.php?rest_route=%2Fwp%2Fv2%2Fcomments&post=205152"}],"version-history":[{"count":1,"href":"https:\/\/sportseco.com\/index.php?rest_route=\/wp\/v2\/posts\/205152\/revisions"}],"predecessor-version":[{"id":205154,"href":"https:\/\/sportseco.com\/index.php?rest_route=\/wp\/v2\/posts\/205152\/revisions\/205154"}],"wp:featuredmedia":[{"embeddable":true,"href":"https:\/\/sportseco.com\/index.php?rest_route=\/wp\/v2\/media\/205153"}],"wp:attachment":[{"href":"https:\/\/sportseco.com\/index.php?rest_route=%2Fwp%2Fv2%2Fmedia&parent=205152"}],"wp:term":[{"taxonomy":"category","embeddable":true,"href":"https:\/\/sportseco.com\/index.php?rest_route=%2Fwp%2Fv2%2Fcategories&post=205152"},{"taxonomy":"post_tag","embeddable":true,"href":"https:\/\/sportseco.com\/index.php?rest_route=%2Fwp%2Fv2%2Ftags&post=205152"}],"curies":[{"name":"wp","href":"https:\/\/api.w.org\/{rel}","templated":true}]}}