{"id":205176,"date":"2026-03-11T17:41:46","date_gmt":"2026-03-11T21:41:46","guid":{"rendered":"https:\/\/sportseco.com\/?p=205176"},"modified":"2026-03-11T17:43:25","modified_gmt":"2026-03-11T21:43:25","slug":"arsenal-iguala-y-se-lleva-a-casa-leve-ventaja-sobre-bayer-leverkusen","status":"publish","type":"post","link":"https:\/\/sportseco.com\/?p=205176","title":{"rendered":"Arsenal iguala y se lleva a casa leve ventaja sobre Bayer Leverkusen"},"content":{"rendered":"\n<p>Kai Havertz regres\u00f3 para atormentar al club donde todo comenz\u00f3 para \u00e9l, al marcar un penalti en el minuto 89 que asegura que nuestra eliminatoria de octavos de final de la Champions League contra el Bayer Leverkusen se mantenga abierta.<\/p>\n\n\n\n<p>El momento m\u00e1s destacado de una primera mitad discreta se produjo cuando Gabriel Martinelli estrell\u00f3 el bal\u00f3n en el travesa\u00f1o, justo cuando busc\u00e1bamos tomar ventaja en el partido de ida; sin embargo, un inicio lento en la segunda parte result\u00f3 costoso, ya que Robert Andrich remat\u00f3 de cabeza un saque de esquina apenas 45 segundos despu\u00e9s de la reanudaci\u00f3n.<\/p>\n\n\n\n<p>Pero justo cuando parec\u00eda que \u00edbamos a sufrir nuestra primera derrota en la competici\u00f3n desde las semifinales de la temporada pasada, Noni Madueke fue derribado dentro del \u00e1rea; tras una larga revisi\u00f3n del VAR, Havertz mantuvo la calma para marcar desde los once metros y restablecer la igualdad de cara al partido de vuelta de la pr\u00f3xima semana en el Emirates Stadium.<\/p>\n\n\n\n<p>El bal\u00f3n se estrella en la madera<br \/>La primera mitad no ser\u00e1 una que perdure mucho en la memoria, ya que ambos equipos \u2014quiz\u00e1s conscientes de que habr\u00eda un partido de vuelta el pr\u00f3ximo martes\u2014 jugaron sus cartas con cautela y se neutralizaron mutuamente.<\/p>\n\n\n\n<p>La joven promesa Christian Fofane lanz\u00f3 un potente disparo temprano directo a las manos de David Raya, mostrando las intenciones del equipo anfitri\u00f3n; sin embargo, en el minuto 19, estuvimos a punto de adelantarnos con la mejor jugada ofensiva de los primeros 45 minutos.<\/p>\n\n\n\n<p>Bukayo Saka condujo el bal\u00f3n por la banda derecha y habilit\u00f3 a Jurrien Timber. Este envi\u00f3 un centro raso que Ebere Eze dej\u00f3 pasar con un amago; Viktor Gyokeres aguant\u00f3 la posesi\u00f3n y cedi\u00f3 el bal\u00f3n a la trayectoria de Gabriel Martinelli, quien lanz\u00f3 un potente disparo que se estrell\u00f3 en el travesa\u00f1o, con el rebote pasando a escasos cent\u00edmetros de Saka.<\/p>\n\n\n\n<p>Jugando contra su club de origen, Piero Hincapi\u00e9 regresaba a un terreno familiar e intent\u00f3 dejar su huella en el marcador en su vuelta, pero solo pudo disparar con fuerza hacia Janis Blaswich, el portero del Leverkusen, quien realiz\u00f3 una parada rutinaria; la primera mitad concluy\u00f3 poco despu\u00e9s de que Ibrahim Maza lanzara un disparo que se march\u00f3 muy desviado.<\/p>\n\n\n\n<p>Los anfitriones golpean primero<br \/>Llegamos al descanso manteniendo nuestro r\u00e9cord como el \u00fanico equipo que no hab\u00eda ido por detr\u00e1s en el marcador en ning\u00fan momento de la Champions League esta temporada; sin embargo, apenas 45 segundos despu\u00e9s de la reanudaci\u00f3n, ese r\u00e9cord lleg\u00f3 a su fin. Solo tardamos 10 segundos en vernos bajo presi\u00f3n, ya que el Leverkusen nos tom\u00f3 desprevenidos tras la reanudaci\u00f3n y gener\u00f3 r\u00e1pidamente una oportunidad para Martin Terrier; sin embargo, Raya logr\u00f3 desviar su remate de cabeza por encima del travesa\u00f1o.<\/p>\n\n\n\n<p>Pero a ra\u00edz del c\u00f3rner resultante, Alejandro Grimaldo envi\u00f3 un centro cerrado hacia el segundo palo, donde el capit\u00e1n Andrich apareci\u00f3 para colar un cabezazo batiendo a Raya.<\/p>\n\n\n\n<p>No obstante, tras ese arranque trepidante de la segunda mitad, el encuentro volvi\u00f3 a tornarse un duelo cauteloso, con escasa acci\u00f3n en las \u00e1reas, a excepci\u00f3n de un par de intentos desviados por parte del equipo local.<\/p>\n\n\n\n<p>Havertz, el h\u00e9roe<br \/>Mikel Arteta intent\u00f3 dar aire al equipo dando entrada a Madueke y Havertz; este \u00faltimo recibi\u00f3 una c\u00e1lida bienvenida por parte de los aficionados que sol\u00edan idolatrarlo durante sus 10 a\u00f1os en el club, etapa en la que fue escalando por las categor\u00edas inferiores.<\/p>\n\n\n\n<p>Sin embargo, acabar\u00edan lamentando su regreso a falta de un minuto para el final, cuando Madueke irrumpi\u00f3 en el \u00e1rea y fue derribado por un defensor. El \u00e1rbitro se\u00f1al\u00f3 de inmediato el punto de penalti; sigui\u00f3 una larga revisi\u00f3n del VAR \u2014precedida por algunas artima\u00f1as de los jugadores locales que retrasaron a\u00fan m\u00e1s el juego\u2014, pero Kai mantuvo la calma y bati\u00f3 a Blaswich para asegurarnos el empate.<\/p>\n\n\n\n<p>Lo que viene<br \/>Volvemos a la acci\u00f3n en la Premier League este s\u00e1bado, cuando el Everton visite el N5 para un partido con horario vespertino, antes de disputar el encuentro de vuelta contra el Leverkusen en el norte de Londres el martes. Posteriormente, nos dirigiremos a Wembley para la final de la Carabao Cup contra el Manchester City, el domingo 22 de marzo.<\/p>\n\n\n\n<p><\/p>\n\n\n\n<p>arsenal.com<\/p>\n","protected":false},"excerpt":{"rendered":"<p>Kai Havertz regres\u00f3 para atormentar al club donde todo comenz\u00f3 para \u00e9l, al marcar un penalti en el minuto 89 que asegura que nuestra eliminatoria de octavos de final de la Champions League contra el Bayer Leverkusen se mantenga abierta. El momento m\u00e1s destacado de una primera mitad discreta se produjo cuando Gabriel Martinelli estrell\u00f3 [&hellip;]<\/p>\n","protected":false},"author":1,"featured_media":205177,"comment_status":"open","ping_status":"open","sticky":false,"template":"","format":"standard","meta":{"_acf_changed":false,"_jetpack_memberships_contains_paid_content":false,"footnotes":"","jetpack_publicize_message":"","jetpack_publicize_feature_enabled":true,"jetpack_social_post_already_shared":true,"jetpack_social_options":{"image_generator_settings":{"template":"highway","default_image_id":0,"font":"","enabled":false},"version":2}},"categories":[5],"tags":[],"class_list":["post-205176","post","type-post","status-publish","format-standard","has-post-thumbnail","hentry","category-futbol"],"acf":[],"jetpack_publicize_connections":[],"jetpack_featured_media_url":"https:\/\/sportseco.com\/wp-content\/uploads\/2026\/03\/havertz-celeb-leverkusen_ykg1wco2.avif","jetpack_sharing_enabled":true,"_links":{"self":[{"href":"https:\/\/sportseco.com\/index.php?rest_route=\/wp\/v2\/posts\/205176","targetHints":{"allow":["GET"]}}],"collection":[{"href":"https:\/\/sportseco.com\/index.php?rest_route=\/wp\/v2\/posts"}],"about":[{"href":"https:\/\/sportseco.com\/index.php?rest_route=\/wp\/v2\/types\/post"}],"author":[{"embeddable":true,"href":"https:\/\/sportseco.com\/index.php?rest_route=\/wp\/v2\/users\/1"}],"replies":[{"embeddable":true,"href":"https:\/\/sportseco.com\/index.php?rest_route=%2Fwp%2Fv2%2Fcomments&post=205176"}],"version-history":[{"count":1,"href":"https:\/\/sportseco.com\/index.php?rest_route=\/wp\/v2\/posts\/205176\/revisions"}],"predecessor-version":[{"id":205178,"href":"https:\/\/sportseco.com\/index.php?rest_route=\/wp\/v2\/posts\/205176\/revisions\/205178"}],"wp:featuredmedia":[{"embeddable":true,"href":"https:\/\/sportseco.com\/index.php?rest_route=\/wp\/v2\/media\/205177"}],"wp:attachment":[{"href":"https:\/\/sportseco.com\/index.php?rest_route=%2Fwp%2Fv2%2Fmedia&parent=205176"}],"wp:term":[{"taxonomy":"category","embeddable":true,"href":"https:\/\/sportseco.com\/index.php?rest_route=%2Fwp%2Fv2%2Fcategories&post=205176"},{"taxonomy":"post_tag","embeddable":true,"href":"https:\/\/sportseco.com\/index.php?rest_route=%2Fwp%2Fv2%2Ftags&post=205176"}],"curies":[{"name":"wp","href":"https:\/\/api.w.org\/{rel}","templated":true}]}}