{"id":205275,"date":"2026-03-13T08:04:35","date_gmt":"2026-03-13T12:04:35","guid":{"rendered":"https:\/\/sportseco.com\/?p=205275"},"modified":"2026-03-13T08:09:16","modified_gmt":"2026-03-13T12:09:16","slug":"dia-nacional-de-los-veteranos-caninos-k9","status":"publish","type":"post","link":"https:\/\/sportseco.com\/?p=205275","title":{"rendered":"D\u00cdA NACIONAL DE LOS VETERANOS CANINOS (K9)"},"content":{"rendered":"\n<p>El 13 de marzo se conmemora el D\u00eda Nacional de los Veteranos Caninos (K9), rindiendo homenaje a las dedicadas unidades caninas que han prestado servicio desde la Segunda Guerra Mundial.<\/p>\n\n\n\n<h1 class=\"wp-block-heading\">NationalK9VeteransDay<\/h1>\n\n\n\n<p>Muchas cosas cambiaron tras el bombardeo de Pearl Harbor en 1941. Se racionaron el petr\u00f3leo, el cuero y el caucho. El ej\u00e9rcito reclut\u00f3 a hombres para el servicio militar. Las mujeres se remangaron y fabricaron suministros b\u00e9licos.<\/p>\n\n\n\n<p>Y los perros fueron llamados al deber. Durante la Primera Guerra Mundial, Estados Unidos tom\u00f3 nota del uso que hac\u00edan los europeos de los caninos como centinelas, mensajeros y para diversas otras funciones.<\/p>\n\n\n\n<p><br \/>Una ciudadana particular, la Sra. Alene Erlanger, puso en marcha un programa llamado \u00abDogs for Defense\u00bb (Perros para la Defensa). Junto con el American Kennel Club y un pu\u00f1ado de criadores, el grupo ten\u00eda como objetivo entrenar a los perros para uso militar.<\/p>\n\n\n\n<p>Para noviembre de 1942, el ej\u00e9rcito ya hab\u00eda preparado a los primeros perros de \u00abDogs for Defense\u00bb para prestar servicio en el norte de \u00c1frica. Aunque al principio se mostraban asustadizos ante el ruido de los disparos, demostraron estar excelentemente entrenados.<\/p>\n\n\n\n<p>A medida que avanzaba la guerra, \u00abDogs for Defense\u00bb no lograba satisfacer la demanda, por lo que la Rama de Remonta (Remount Branch), perteneciente a la Divisi\u00f3n de Instalaciones de Servicio, asumi\u00f3 la responsabilidad del entrenamiento de los perros.<\/p>\n\n\n\n<p>A lo largo de los a\u00f1os, las fuerzas armadas, la polic\u00eda y los equipos de rescate han desarrollado una gran variedad de m\u00e9todos de entrenamiento para las unidades caninas (K9). Su capacitaci\u00f3n se adapta espec\u00edficamente para cumplir con las exigencias de su labor, y cada animal y su gu\u00eda desempe\u00f1an sus funciones con la m\u00e1xima dedicaci\u00f3n.<\/p>\n\n\n\n<p>C\u00d3MO CELEBRAR EL D\u00cdA NACIONAL DE LOS VETERANOS CANINOS<br \/>Rinda homenaje a un veterano canino (K9).<br \/>Inf\u00f3rmese m\u00e1s sobre su servicio, su historia y su entrenamiento.<br \/>Asista a una ceremonia en honor a los perros de trabajo que sirven en unidades militares, as\u00ed como a otros perros de trabajo en todo el pa\u00eds.<br \/>Utilice la etiqueta #NationalK9VeteransDay para publicar en las redes sociales. HISTORIA DEL D\u00cdA <\/p>\n\n\n\n<p>NACIONAL DE LOS VETERANOS K9<br \/>El D\u00eda Nacional de los Veteranos K9 se celebra el 13 de marzo, coincidiendo con el aniversario oficial del Cuerpo K9 del Ej\u00e9rcito de los EE. UU., el cual fue formado en 1942. Joseph White, un entrenador de perros de trabajo militar ya retirado, fue quien concibi\u00f3 la idea de esta conmemoraci\u00f3n.<\/p>\n\n\n\n<p>PREGUNTAS FRECUENTES SOBRE LOS K9<br \/>P. \u00bfVive un K9 con su compa\u00f1ero humano?<br \/>R. S\u00ed. En la mayor\u00eda de los casos, el oficial K9 es responsable del perro que se le ha asignado.<\/p>\n\n\n\n<p>P. \u00bfReciben los oficiales K9 una formaci\u00f3n especial?<br \/>R. S\u00ed; los oficiales K9 reciben una formaci\u00f3n especializada para desempe\u00f1arse en esta unidad \u00fanica dentro del departamento de polic\u00eda.<\/p>\n\n\n\n<p><\/p>\n\n\n\n<p>nationaldaycalendar.com<\/p>\n","protected":false},"excerpt":{"rendered":"<p>El 13 de marzo se conmemora el D\u00eda Nacional de los Veteranos Caninos (K9), rindiendo homenaje a las dedicadas unidades caninas que han prestado servicio desde la Segunda Guerra Mundial. NationalK9VeteransDay Muchas cosas cambiaron tras el bombardeo de Pearl Harbor en 1941. Se racionaron el petr\u00f3leo, el cuero y el caucho. El ej\u00e9rcito reclut\u00f3 a [&hellip;]<\/p>\n","protected":false},"author":1,"featured_media":205276,"comment_status":"open","ping_status":"open","sticky":false,"template":"","format":"standard","meta":{"_acf_changed":false,"_jetpack_memberships_contains_paid_content":false,"footnotes":"","jetpack_publicize_message":"","jetpack_publicize_feature_enabled":true,"jetpack_social_post_already_shared":true,"jetpack_social_options":{"image_generator_settings":{"template":"highway","default_image_id":0,"font":"","enabled":false},"version":2}},"categories":[108],"tags":[],"class_list":["post-205275","post","type-post","status-publish","format-standard","has-post-thumbnail","hentry","category-dia-mundial"],"acf":[],"jetpack_publicize_connections":[],"jetpack_featured_media_url":"https:\/\/i0.wp.com\/sportseco.com\/wp-content\/uploads\/2026\/03\/MjA0ODU5NzQwMjc3MjUzNDY2.webp?fit=2560%2C1191&ssl=1","jetpack_sharing_enabled":true,"_links":{"self":[{"href":"https:\/\/sportseco.com\/index.php?rest_route=\/wp\/v2\/posts\/205275","targetHints":{"allow":["GET"]}}],"collection":[{"href":"https:\/\/sportseco.com\/index.php?rest_route=\/wp\/v2\/posts"}],"about":[{"href":"https:\/\/sportseco.com\/index.php?rest_route=\/wp\/v2\/types\/post"}],"author":[{"embeddable":true,"href":"https:\/\/sportseco.com\/index.php?rest_route=\/wp\/v2\/users\/1"}],"replies":[{"embeddable":true,"href":"https:\/\/sportseco.com\/index.php?rest_route=%2Fwp%2Fv2%2Fcomments&post=205275"}],"version-history":[{"count":2,"href":"https:\/\/sportseco.com\/index.php?rest_route=\/wp\/v2\/posts\/205275\/revisions"}],"predecessor-version":[{"id":205279,"href":"https:\/\/sportseco.com\/index.php?rest_route=\/wp\/v2\/posts\/205275\/revisions\/205279"}],"wp:featuredmedia":[{"embeddable":true,"href":"https:\/\/sportseco.com\/index.php?rest_route=\/wp\/v2\/media\/205276"}],"wp:attachment":[{"href":"https:\/\/sportseco.com\/index.php?rest_route=%2Fwp%2Fv2%2Fmedia&parent=205275"}],"wp:term":[{"taxonomy":"category","embeddable":true,"href":"https:\/\/sportseco.com\/index.php?rest_route=%2Fwp%2Fv2%2Fcategories&post=205275"},{"taxonomy":"post_tag","embeddable":true,"href":"https:\/\/sportseco.com\/index.php?rest_route=%2Fwp%2Fv2%2Ftags&post=205275"}],"curies":[{"name":"wp","href":"https:\/\/api.w.org\/{rel}","templated":true}]}}