{"id":205367,"date":"2026-03-14T13:24:32","date_gmt":"2026-03-14T17:24:32","guid":{"rendered":"https:\/\/sportseco.com\/?p=205367"},"modified":"2026-03-14T13:24:57","modified_gmt":"2026-03-14T17:24:57","slug":"gol-y-expulsion-para-lucho-en-empate-del-bayern","status":"publish","type":"post","link":"https:\/\/sportseco.com\/?p=205367","title":{"rendered":"Gol y expulsi\u00f3n para Lucho en empate del Bayern"},"content":{"rendered":"\n<h1 class=\"wp-block-heading\">Con dos jugadores menos: el Bayern arranca un empate en Leverkusen<\/h1>\n\n\n\n<ul class=\"wp-block-list\">\n<li><strong>Empate en un duelo de grandes de la Bundesliga<\/strong><\/li>\n\n\n\n<li><strong>Dos expulsados del Bayern<\/strong><\/li>\n\n\n\n<li><strong>Mi\u00e9rcoles: vuelta ante la Atalanta<\/strong><\/li>\n<\/ul>\n\n\n\n<p>El FC Bayern logr\u00f3 el s\u00e1bado por la tarde un empate a domicilio ante el Bayer 04 Leverkusen, a pesar de jugar con dos hombres menos. Tras la gran actuaci\u00f3n de esta semana ante la Atalanta de B\u00e9rgamo (1-6) en los octavos de final de la Liga de Campeones, el equipo de&nbsp;<a href=\"https:\/\/fcbayern.com\/es\/teams\/first-team\/coaches-and-staff\/vincent-kompany\">Vincent Kompany<\/a>&nbsp;empat\u00f3 1-1 (0-1) con el sexto clasificado. Aleix Garc\u00eda (minuto 6) adelant\u00f3 pronto al Werkself frente a los muniqueses, que a partir del minuto 42 tuvieron que seguir jugando con diez tras la expulsi\u00f3n de&nbsp;<a href=\"https:\/\/fcbayern.com\/es\/teams\/first-team\/nicolas-jackson\">Nicolas Jackson<\/a>.&nbsp;<a href=\"https:\/\/fcbayern.com\/es\/teams\/first-team\/luis-diaz\">Luis D\u00edaz<\/a>&nbsp;(minuto 69), que adem\u00e1s vio la doble amarilla en el minuto 84, asegur\u00f3 a los visitantes un merecido punto en la segunda parte.<\/p>\n\n\n\n<p>El equipo de Kompany sigue teniendo nueve puntos de ventaja sobre su perseguidor, el Borussia Dortmund, en la tabla de la Bundesliga. El mi\u00e9rcoles se disputar\u00e1 el partido de vuelta de los octavos de final de la Liga de Campeones contra la Atalanta en el Allianz Arena.<\/p>\n\n\n\n<h2 class=\"wp-block-heading\">Ulreich de nuevo en la porter\u00eda tras 539 d\u00edas<\/h2>\n\n\n\n<figure class=\"wp-block-image\"><img data-recalc-dims=\"1\" decoding=\"async\" src=\"https:\/\/i0.wp.com\/img.fcbayern.com\/image\/upload\/f_auto\/q_auto\/ar_16%3A9%2Cc_fill%2Cg_custom%2Cw_1024\/v1773502478\/cms\/public\/images\/fcbayern-com\/homepage\/Saison-25-26\/Galerien\/Spiele\/leverkusen-fcb\/13-leverkusen-fcbayern-260314-mel.jpg?w=640&#038;ssl=1\" alt=\"\"\/><figcaption class=\"wp-element-caption\">\u00a9 FC Bayern<\/figcaption><\/figure>\n\n\n\n<p>En comparaci\u00f3n con la goleada en B\u00e9rgamo, Kompany realiz\u00f3 dos cambios en el once inicial:&nbsp;<a href=\"https:\/\/fcbayern.com\/es\/teams\/first-team\/sven-ulreich\">Sven Ulreich<\/a>&nbsp;volvi\u00f3 a la porter\u00eda del FC Bayern (toda la informaci\u00f3n) tras 539 d\u00edas de ausencia, en sustituci\u00f3n de&nbsp;<a href=\"https:\/\/fcbayern.com\/es\/teams\/first-team\/manuel-neuer\">Manuel Neuer<\/a>&nbsp;(rotura fibrilar) y&nbsp;<a href=\"https:\/\/fcbayern.com\/es\/teams\/first-team\/jonas-urbig\">Jonas Urbig&nbsp;<\/a>(conmoci\u00f3n cerebral). Adem\u00e1s,&nbsp;<a href=\"https:\/\/fcbayern.com\/es\/teams\/first-team\/lennart-karl\">Lennart Karl<\/a>&nbsp;fue titular en lugar de&nbsp;<a href=\"https:\/\/fcbayern.com\/es\/teams\/first-team\/serge-gnabry\">Serge Gnabry<\/a>.<\/p>\n\n\n\n<p><em>Hemos resumido las jugadas m\u00e1s importantes del partido de forma breve:<\/em><\/p>\n\n\n\n<h2 class=\"wp-block-heading\">Minuto 6: Garc\u00eda marca para el Leverkusen<\/h2>\n\n\n\n<figure class=\"wp-block-image\"><img data-recalc-dims=\"1\" decoding=\"async\" src=\"https:\/\/i0.wp.com\/img.fcbayern.com\/image\/upload\/f_auto\/q_auto\/ar_16%3A9%2Cc_fill%2Cg_custom%2Cw_1024\/v1773499311\/cms\/public\/images\/fcbayern-com\/homepage\/Saison-25-26\/Galerien\/Spiele\/leverkusen-fcb\/04-leverkusen-fcbayern-260314-mel.jpg?w=640&#038;ssl=1\" alt=\"\"\/><figcaption class=\"wp-element-caption\">\u00a9 FC Bayern<\/figcaption><\/figure>\n\n\n\n<p>Mal comienzo para el FC Bayern. Tras perder el bal\u00f3n en una jugada de ataque, Patrik Schick envi\u00f3 un pase en profundidad a Aleix Garc\u00eda. El espa\u00f1ol dispar\u00f3 desde la derecha del \u00e1rea y el bal\u00f3n, tras un desv\u00edo, entr\u00f3 en la porter\u00eda sin que Sven Ulreich pudiera hacer nada para evitarlo.<\/p>\n\n\n\n<h2 class=\"wp-block-heading\">Minuto 26: Gol de Tah anulado por el VAR<\/h2>\n\n\n\n<figure class=\"wp-block-image\"><img data-recalc-dims=\"1\" decoding=\"async\" src=\"https:\/\/i0.wp.com\/img.fcbayern.com\/image\/upload\/f_auto\/q_auto\/ar_16%3A9%2Cc_fill%2Cg_custom%2Cw_1024\/v1773500490\/cms\/public\/images\/fcbayern-com\/homepage\/Saison-25-26\/Galerien\/Spiele\/leverkusen-fcb\/09-leverkusen-fcbayern-260314-get.jpg?w=640&#038;ssl=1\" alt=\"\"\/><figcaption class=\"wp-element-caption\">\u00a9 Getty Images<\/figcaption><\/figure>\n\n\n\n<p>Tras el buen comienzo del Leverkusen, los muniqueses se fueron metiendo mejor en el partido a lo largo de la primera parte.&nbsp;<a href=\"https:\/\/fcbayern.com\/es\/teams\/first-team\/nicolas-jackson\">Nicolas Jackson<\/a>&nbsp;tuvo dos buenas ocasiones para los visitantes (9\u2019\/24\u2019). A los 26 minutos, el bal\u00f3n acab\u00f3 en la red del Leverkusen:&nbsp;<a href=\"https:\/\/fcbayern.com\/es\/teams\/first-team\/jonathan-tah\">Jonathan Tah<\/a>&nbsp;lo hab\u00eda rematado tras un libre directo de&nbsp;<a href=\"https:\/\/fcbayern.com\/es\/teams\/first-team\/joshua-kimmich\">Joshua Kimmich<\/a>&nbsp;desde la derecha, pero el VAR anul\u00f3 el gol a posteriori porque el exjugador del Leverkusen hab\u00eda tocado el bal\u00f3n con el brazo en la jugada.<\/p>\n\n\n\n<h2 class=\"wp-block-heading\">Minuto 42: Expulsi\u00f3n de Jackson<\/h2>\n\n\n\n<figure class=\"wp-block-image\"><img data-recalc-dims=\"1\" decoding=\"async\" src=\"https:\/\/i0.wp.com\/img.fcbayern.com\/image\/upload\/f_auto\/q_auto\/ar_16%3A9%2Cc_fill%2Cg_custom%2Cw_1024\/v1773501447\/cms\/public\/images\/fcbayern-com\/homepage\/Saison-25-26\/Galerien\/Spiele\/leverkusen-fcb\/11-leverkusen-fcbayern-260314-get.jpg?w=640&#038;ssl=1\" alt=\"\"\/><figcaption class=\"wp-element-caption\">\u00a9 Getty Images<\/figcaption><\/figure>\n\n\n\n<p>A partir del minuto 42, el FC Bayern tuvo que seguir jugando con diez jugadores. Nicolas Jackson cometi\u00f3 una falta sobre Martin Terrier, del Leverkusen, mientras retroced\u00eda, y recibi\u00f3 una tarjeta amarilla. Tras la intervenci\u00f3n del VAR, el \u00e1rbitro decidi\u00f3 expulsar al delantero del Bayern.<\/p>\n\n\n\n<h2 class=\"wp-block-heading\">Minuto 52: Luis D\u00edaz tiene el empate en sus pies<\/h2>\n\n\n\n<figure class=\"wp-block-image\"><img data-recalc-dims=\"1\" decoding=\"async\" src=\"https:\/\/i0.wp.com\/img.fcbayern.com\/image\/upload\/f_auto\/q_auto\/ar_16%3A9%2Cc_fill%2Cg_custom%2Cw_1024\/v1773503317\/cms\/public\/images\/fcbayern-com\/homepage\/Saison-25-26\/Galerien\/Spiele\/leverkusen-fcb\/14-leverkusen-fcbayern-260314-mel.jpg?w=640&#038;ssl=1\" alt=\"\"\/><figcaption class=\"wp-element-caption\">\u00a9 FC Bayern<\/figcaption><\/figure>\n\n\n\n<p>\u00a1Gran ocasi\u00f3n para el FC Bayern! A pesar de jugar con uno menos, los visitantes salieron con confianza tras el descanso y presionaron al Bayer 04. Tras una de sus numerosas y bonitas combinaciones, Luis D\u00edaz recibi\u00f3 el bal\u00f3n y el colombiano se deshizo de Jarrel Quansah. Sin embargo, D\u00edaz resbal\u00f3 ante Blaswich y envi\u00f3 el bal\u00f3n por encima de la porter\u00eda.<\/p>\n\n\n\n<h2 class=\"wp-block-heading\">Minuto 59\/64: Ulreich para, el gol de Kane no vale<\/h2>\n\n\n\n<figure class=\"wp-block-image\"><img data-recalc-dims=\"1\" decoding=\"async\" src=\"https:\/\/i0.wp.com\/img.fcbayern.com\/image\/upload\/f_auto\/q_auto\/ar_16%3A9%2Cc_fill%2Cg_custom%2Cw_1024\/v1773503882\/cms\/public\/images\/fcbayern-com\/homepage\/Saison-25-26\/Galerien\/Spiele\/leverkusen-fcb\/15-leverkusen-fcbayern-260314-mel.jpg?w=640&#038;ssl=1\" alt=\"\"\/><figcaption class=\"wp-element-caption\">\u00a9 FC Bayern<\/figcaption><\/figure>\n\n\n\n<p>Un partido amargo para el FC Bayern. En el minuto 58, el exjugador del Bayern Malik Tillman fall\u00f3 por muy poco ante la porter\u00eda del Bayern; un minuto despu\u00e9s, Sven Ulreich realiz\u00f3 una magn\u00edfica parada al salir a por el bal\u00f3n ante Patrik Schick. En el minuto 61, el suplente Harry Kane empat\u00f3 tras una asistencia de Luis D\u00edaz, pero el VAR volvi\u00f3 a intervenir. Debido a una supuesta mano del ingl\u00e9s en la jugada, este gol tampoco subi\u00f3 al marcador.<\/p>\n\n\n\n<h2 class=\"wp-block-heading\">Minuto 69: \u00a1SII\u00cd! Olise para D\u00edaz &#8211; \u00a1Gooool!<\/h2>\n\n\n\n<figure class=\"wp-block-image\"><img data-recalc-dims=\"1\" decoding=\"async\" src=\"https:\/\/i0.wp.com\/img.fcbayern.com\/image\/upload\/f_auto\/q_auto\/ar_16%3A9%2Cc_fill%2Cg_custom%2Cw_1024\/v1773504542\/cms\/public\/images\/fcbayern-com\/homepage\/Saison-25-26\/Galerien\/Spiele\/leverkusen-fcb\/17-leverkusen-fcbayern-260314-mel.jpg?w=640&#038;ssl=1\" alt=\"\"\/><figcaption class=\"wp-element-caption\">\u00a9 FC Bayern<\/figcaption><\/figure>\n\n\n\n<p>\u00a1Gooool para el FC Bayern! En esta fase, el partido iba de un lado a otro y ambos equipos tuvieron ocasiones. Tras un pase err\u00f3neo del Leverkusen en la construcci\u00f3n del juego, Michael Olise, con gran presencia, realiz\u00f3 un magn\u00edfico pase a Lucho D\u00edaz, quien mantuvo la calma ante Blaswich y marc\u00f3 el 1-1 con un disparo con la derecha. Con este gol, el franc\u00e9s suma ya 17 asistencias y su compa\u00f1ero en ataque, D\u00edaz, 15 goles en la Bundesliga.<\/p>\n\n\n\n<h2 class=\"wp-block-heading\">\u00a1Un punto a domicilio a pesar de jugar con dos menos!<\/h2>\n\n\n\n<figure class=\"wp-block-image\"><img data-recalc-dims=\"1\" decoding=\"async\" src=\"https:\/\/i0.wp.com\/img.fcbayern.com\/image\/upload\/f_auto\/q_auto\/ar_16%3A9%2Cc_fill%2Cg_custom%2Cw_1024\/v1773505052\/cms\/public\/images\/fcbayern-com\/homepage\/Saison-25-26\/Galerien\/Spiele\/leverkusen-fcb\/22-leverkusen-fcbayern-260314-mel.jpg?w=640&#038;ssl=1\" alt=\"\"\/><figcaption class=\"wp-element-caption\">\u00a9 FC Bayern<\/figcaption><\/figure>\n\n\n\n<p>A pesar de la segunda expulsi\u00f3n que sufri\u00f3 el equipo de M\u00fanich esa tarde, Luis D\u00edaz vio la doble amarilla en el minuto 84 por una supuesta \u00absimulaci\u00f3n\u00bb, los muniqueses se entregaron al m\u00e1ximo en cada duelo hasta el final. En el cuarto minuto del tiempo a\u00f1adido, el VAR anul\u00f3 el supuesto gol de la victoria del Leverkusen, marcado por Hofmann, por fuera de juego. \u00a1Al final, el emocionante partido en la cima de la tabla termin\u00f3 en empate!<\/p>\n\n\n\n<p><\/p>\n\n\n\n<p>fcbayern.com<\/p>\n","protected":false},"excerpt":{"rendered":"<p>Con dos jugadores menos: el Bayern arranca un empate en Leverkusen El FC Bayern logr\u00f3 el s\u00e1bado por la tarde un empate a domicilio ante el Bayer 04 Leverkusen, a pesar de jugar con dos hombres menos. Tras la gran actuaci\u00f3n de esta semana ante la Atalanta de B\u00e9rgamo (1-6) en los octavos de final [&hellip;]<\/p>\n","protected":false},"author":1,"featured_media":205368,"comment_status":"open","ping_status":"open","sticky":false,"template":"","format":"standard","meta":{"_acf_changed":false,"_jetpack_memberships_contains_paid_content":false,"footnotes":"","jetpack_publicize_message":"","jetpack_publicize_feature_enabled":true,"jetpack_social_post_already_shared":true,"jetpack_social_options":{"image_generator_settings":{"template":"highway","default_image_id":0,"font":"","enabled":false},"version":2}},"categories":[5],"tags":[],"class_list":["post-205367","post","type-post","status-publish","format-standard","has-post-thumbnail","hentry","category-futbol"],"acf":[],"jetpack_publicize_connections":[],"jetpack_featured_media_url":"https:\/\/sportseco.com\/wp-content\/uploads\/2026\/03\/07-leverkusen-fcbayern-260314-mel-scaled.avif","jetpack_sharing_enabled":true,"_links":{"self":[{"href":"https:\/\/sportseco.com\/index.php?rest_route=\/wp\/v2\/posts\/205367","targetHints":{"allow":["GET"]}}],"collection":[{"href":"https:\/\/sportseco.com\/index.php?rest_route=\/wp\/v2\/posts"}],"about":[{"href":"https:\/\/sportseco.com\/index.php?rest_route=\/wp\/v2\/types\/post"}],"author":[{"embeddable":true,"href":"https:\/\/sportseco.com\/index.php?rest_route=\/wp\/v2\/users\/1"}],"replies":[{"embeddable":true,"href":"https:\/\/sportseco.com\/index.php?rest_route=%2Fwp%2Fv2%2Fcomments&post=205367"}],"version-history":[{"count":2,"href":"https:\/\/sportseco.com\/index.php?rest_route=\/wp\/v2\/posts\/205367\/revisions"}],"predecessor-version":[{"id":205370,"href":"https:\/\/sportseco.com\/index.php?rest_route=\/wp\/v2\/posts\/205367\/revisions\/205370"}],"wp:featuredmedia":[{"embeddable":true,"href":"https:\/\/sportseco.com\/index.php?rest_route=\/wp\/v2\/media\/205368"}],"wp:attachment":[{"href":"https:\/\/sportseco.com\/index.php?rest_route=%2Fwp%2Fv2%2Fmedia&parent=205367"}],"wp:term":[{"taxonomy":"category","embeddable":true,"href":"https:\/\/sportseco.com\/index.php?rest_route=%2Fwp%2Fv2%2Fcategories&post=205367"},{"taxonomy":"post_tag","embeddable":true,"href":"https:\/\/sportseco.com\/index.php?rest_route=%2Fwp%2Fv2%2Ftags&post=205367"}],"curies":[{"name":"wp","href":"https:\/\/api.w.org\/{rel}","templated":true}]}}