{"id":205384,"date":"2026-03-15T08:26:43","date_gmt":"2026-03-15T12:26:43","guid":{"rendered":"https:\/\/sportseco.com\/?p=205384"},"modified":"2026-03-15T08:26:43","modified_gmt":"2026-03-15T12:26:43","slug":"dia-internacional-de-la-lucha-contra-la-islamofobia-15-de-marzo-3","status":"publish","type":"post","link":"https:\/\/sportseco.com\/?p=205384","title":{"rendered":"D\u00eda Internacional de la Lucha contra la Islamofobia, 15 de marzo"},"content":{"rendered":"\n<p><img data-recalc-dims=\"1\" decoding=\"async\" src=\"https:\/\/i0.wp.com\/www.un.org\/sites\/un2.un.org\/files\/styles\/banner-image-style-27-10\/public\/2026\/02\/al-nouri-mosque.jpg?w=640&#038;ssl=1\" alt=\"mezquita con jard\u00edn\"\/><\/p>\n\n\n\n<p>La Gran Mezquita de al-Nuri en Mosul (Iraq) , de siglo XII, tras su reconstrucci\u00f3n y reapertura en septiembre de 2025. El proyecto de reconstrucci\u00f3n fue dirigido por la UNESCO con el apoyo de Emiratos \u00c1rabes Unidos y la Uni\u00f3n Europea.<\/p>\n\n\n\n<p><strong>Foto:<\/strong>\u00a9 UNESCO<\/p>\n\n\n\n<h2 class=\"wp-block-heading\">La islamofobia socava los derechos humanos y la cohesi\u00f3n social<\/h2>\n\n\n\n<p>La intolerancia y la discriminaci\u00f3n contra los musulmanes existe desde hace mucho tiempo, pero se ha intensificado recientemente debido a factores como la \u201cguerra contra el terrorismo\u201d, la inseguridad econ\u00f3mica y la mayor diversidad en muchas sociedades. Los medios de comunicaci\u00f3n y la ret\u00f3rica pol\u00edtica a menudo han alimentado el miedo y el resentimiento al presentar a los musulmanes como extremistas y una amenaza para la seguridad. Esta mentalidad de \u201cnosotros contra ellos\u201d,&nbsp;combinada con una comprensi\u00f3n limitada de la cultura, refuerza los estereotipos perjudiciales.<\/p>\n\n\n\n<p>Como resultado, muchos musulmanes se enfrentan a formas de discriminaci\u00f3n, como agresiones verbales y f\u00edsicas, estigmatizaci\u00f3n religiosa, acceso desigual al empleo, la vivienda, la atenci\u00f3n sanitaria y la educaci\u00f3n, y restricciones a la expresi\u00f3n p\u00fablica de su religi\u00f3n. Tambi\u00e9n pueden sufrir discriminaci\u00f3n por motivos de origen \u00e9tnico, situaci\u00f3n econ\u00f3mica, ciudadan\u00eda y g\u00e9nero.<\/p>\n\n\n\n<h2 class=\"wp-block-heading\">La islamofobia viola los principios de la Carta de las Naciones Unidas<\/h2>\n\n\n\n<p>El Secretario General de la ONU, Ant\u00f3nio Guterres, ha condenado en repetidas&nbsp;<a href=\"http:\/\/www.un.org\/sg\/en\/content\/sg\/statement\/2023-12-15\/secretary-generals-remarks-the-human-rights-prize-award-ceremony-delivered#:~:text=We%20see%20you%3B%20we%20honour,social%2C%20economic%2C%20and%20cultural.\">ocasiones<\/a>&nbsp;los continuos episodios de odio e intolerancia antimusulmanes en todo el mundo, recalcando&nbsp;que esta tendencia supone una amenaza no solo para los musulmanes, sino para los derechos y libertades de todos los grupos. Para combatirla, Guterres cree que es esencial que los gobiernos promuevan la cohesi\u00f3n social y protejan la libertad religiosa, que las plataformas en l\u00ednea atajen el discurso del odio y que los individuos se opongan activamente a la intolerancia y la xenofobia.<\/p>\n\n\n\n<p>En respuesta a la alarmante tendencia al alza de la incitaci\u00f3n al odio en todo el mundo, el Secretario General puso en marcha en 2019 la&nbsp;<a href=\"https:\/\/www.un.org\/es\/hate-speech\/un-strategy-and-plan-of-action-on-hate-speech\">Estrategia y Plan de Acci\u00f3n de las Naciones Unidas para la lucha contra el Discurso de Odio<\/a>. La&nbsp;<a href=\"http:\/\/www.un.org\/es\/hate-speech\">campa\u00f1a #NoAlOdio<\/a>&nbsp;es un proyecto mundial cuyo objetivo es combatir el discurso de odio y promover la tolerancia y la inclusi\u00f3n. Forma parte de la iniciativa m\u00e1s amplia de las Naciones Unidas para combatir el antisemitismo y la islamofobia, el racismo, la discriminaci\u00f3n y la intolerancia, que se centra en prevenir las violaciones de los derechos humanos y promover la paz y la igualdad.<\/p>\n\n\n\n<h2 class=\"wp-block-heading\">Combatir la islamofobia<\/h2>\n\n\n\n<p>Muchos gobiernos han tomado medidas para combatir la islamofobia,&nbsp;como la promulgaci\u00f3n de leyes contra los delitos de odio, y han adoptado medidas para prevenir y perseguir los delitos de odio, llevan a cabo campa\u00f1as de sensibilizaci\u00f3n p\u00fablica sobre los musulmanes y el Islam destinadas a disipar los mitos negativos y las ideas err\u00f3neas.<\/p>\n\n\n\n<p>En 2022, los 60 miembros de la Organizaci\u00f3n de Cooperaci\u00f3n Isl\u00e1mica patrocinaron una&nbsp;<a href=\"http:\/\/undocs.org\/es\/A\/RES\/76\/254\">resoluci\u00f3n<\/a>&nbsp;que designa el 15 de marzo como D\u00eda Internacional de la Lucha contra la Islamofobia.&nbsp;El documento subraya que el terrorismo y el extremismo violento no pueden ni deben asociarse a ninguna religi\u00f3n, nacionalidad, civilizaci\u00f3n o grupo \u00e9tnico. Pide un di\u00e1logo mundial sobre la promoci\u00f3n de una cultura de tolerancia y paz, basada en el respeto de los derechos humanos y de la diversidad de religiones y creencias.<\/p>\n\n\n\n<p>En 2024, la Asamblea General aprob\u00f3 una&nbsp;<a href=\"http:\/\/docs.un.org\/es\/A\/RES\/78\/264\">resoluci\u00f3n sobre medidas para combatir la islamofobia<\/a>. En ella se condena la incitaci\u00f3n a la discriminaci\u00f3n, la hostilidad o la violencia contra los musulmanes, tal y como se manifiesta en ataques, profanaciones, estereotipos negativos, odio y otros actos de intolerancia. Se exhorta a los Estados Miembros a que adopten las medidas legislativas y pol\u00edticas necesarias para combatir ese odio y prohibir por la ley cualquier apolog\u00eda del odio nacional, racial o religioso. Tambi\u00e9n solicit\u00f3 al Secretario General que nombrara a un enviado especial de las Naciones Unidas para combatir la islamofobia.<\/p>\n\n\n\n<h3 class=\"wp-block-heading\">Enviado especial&nbsp;para combatir la islamofobia<\/h3>\n\n\n\n<p>En mayo de 2025, el Secretario General nombr\u00f3 a Miguel \u00c1ngel Moratinos Cuyaub\u00e9, de Espa\u00f1a, Enviado Especial de las Naciones Unidas para la lucha contra la islamofobia. Moratinos mantiene su cargo de Alto Representante de la Alianza de Civilizaciones de las Naciones Unidas (UNAOC) y, al mismo tiempo, lidera este nuevo mandato para intensificar los esfuerzos de la ONU en la lucha contra la islamofobia en todo el mundo.<\/p>\n\n\n\n<p>Moratinos&nbsp;<a href=\"https:\/\/www.unaoc.org\/2025\/06\/remarks-center-for-combating-islamophobia-bilim-university-ankara\/\">afirma<\/a>&nbsp;que su funci\u00f3n \u00abno es defender ninguna religi\u00f3n en concreto, sino defender el derecho humano de todas las personas a practicar su religi\u00f3n o su fe sin ning\u00fan temor\u00bb.<\/p>\n\n\n\n<p><\/p>\n\n\n\n<p>un.org<\/p>\n","protected":false},"excerpt":{"rendered":"<p>La Gran Mezquita de al-Nuri en Mosul (Iraq) , de siglo XII, tras su reconstrucci\u00f3n y reapertura en septiembre de 2025. El proyecto de reconstrucci\u00f3n fue dirigido por la UNESCO con el apoyo de Emiratos \u00c1rabes Unidos y la Uni\u00f3n Europea. Foto:\u00a9 UNESCO La islamofobia socava los derechos humanos y la cohesi\u00f3n social La intolerancia [&hellip;]<\/p>\n","protected":false},"author":1,"featured_media":205385,"comment_status":"open","ping_status":"open","sticky":false,"template":"","format":"standard","meta":{"_acf_changed":false,"_jetpack_memberships_contains_paid_content":false,"footnotes":"","jetpack_publicize_message":"","jetpack_publicize_feature_enabled":true,"jetpack_social_post_already_shared":true,"jetpack_social_options":{"image_generator_settings":{"template":"highway","default_image_id":0,"font":"","enabled":false},"version":2}},"categories":[108],"tags":[],"class_list":["post-205384","post","type-post","status-publish","format-standard","has-post-thumbnail","hentry","category-dia-mundial"],"acf":[],"jetpack_publicize_connections":[],"jetpack_featured_media_url":"https:\/\/i0.wp.com\/sportseco.com\/wp-content\/uploads\/2026\/03\/al-nouri-mosque.jpg?fit=1350%2C500&ssl=1","jetpack_sharing_enabled":true,"_links":{"self":[{"href":"https:\/\/sportseco.com\/index.php?rest_route=\/wp\/v2\/posts\/205384","targetHints":{"allow":["GET"]}}],"collection":[{"href":"https:\/\/sportseco.com\/index.php?rest_route=\/wp\/v2\/posts"}],"about":[{"href":"https:\/\/sportseco.com\/index.php?rest_route=\/wp\/v2\/types\/post"}],"author":[{"embeddable":true,"href":"https:\/\/sportseco.com\/index.php?rest_route=\/wp\/v2\/users\/1"}],"replies":[{"embeddable":true,"href":"https:\/\/sportseco.com\/index.php?rest_route=%2Fwp%2Fv2%2Fcomments&post=205384"}],"version-history":[{"count":1,"href":"https:\/\/sportseco.com\/index.php?rest_route=\/wp\/v2\/posts\/205384\/revisions"}],"predecessor-version":[{"id":205386,"href":"https:\/\/sportseco.com\/index.php?rest_route=\/wp\/v2\/posts\/205384\/revisions\/205386"}],"wp:featuredmedia":[{"embeddable":true,"href":"https:\/\/sportseco.com\/index.php?rest_route=\/wp\/v2\/media\/205385"}],"wp:attachment":[{"href":"https:\/\/sportseco.com\/index.php?rest_route=%2Fwp%2Fv2%2Fmedia&parent=205384"}],"wp:term":[{"taxonomy":"category","embeddable":true,"href":"https:\/\/sportseco.com\/index.php?rest_route=%2Fwp%2Fv2%2Fcategories&post=205384"},{"taxonomy":"post_tag","embeddable":true,"href":"https:\/\/sportseco.com\/index.php?rest_route=%2Fwp%2Fv2%2Ftags&post=205384"}],"curies":[{"name":"wp","href":"https:\/\/api.w.org\/{rel}","templated":true}]}}