{"id":205462,"date":"2026-03-16T08:56:55","date_gmt":"2026-03-16T12:56:55","guid":{"rendered":"https:\/\/sportseco.com\/?p=205462"},"modified":"2026-03-16T08:56:55","modified_gmt":"2026-03-16T12:56:55","slug":"se-cancela-la-edicion-de-2026-de-la-finalissima","status":"publish","type":"post","link":"https:\/\/sportseco.com\/?p=205462","title":{"rendered":"Se cancela la edici\u00f3n de 2026 de la Finalissima"},"content":{"rendered":"\n<p><a href=\"https:\/\/es.uefa.com\/news-media\/topic\/Media%20Services\/Media%20Releases\">Comunicados para medios<\/a><\/p>\n\n\n\n<p>No ha sido posible llegar a un acuerdo con Argentina sobre una fecha alternativa.<\/p>\n\n\n\n<figure class=\"wp-block-image\"><img data-recalc-dims=\"1\" decoding=\"async\" src=\"https:\/\/i0.wp.com\/editorial.uefa.com\/resources\/02a3-2026c631d083-154c74c5ce39-1000\/format\/wide1\/uefa_european_under-19_championship_202223_qualifying_round_draw_3_.jpeg?w=640&#038;ssl=1\" alt=\"Se cancela la edici\u00f3n de 2026 de la Finalissima\" title=\"Se cancela la edici\u00f3n de 2026 de la Finalissima\"\/><\/figure>\n\n\n\n<p>Tras intensas conversaciones entre la UEFA y las autoridades organizadoras de Catar, se ha anunciado hoy que, debido a la actual situaci\u00f3n pol\u00edtica en la regi\u00f3n, la Finalissima entre Espa\u00f1a, ganadora de la Eurocopa 2024, y Argentina, campeona de la Copa Am\u00e9rica 2024 de la CONMEBOL, no podr\u00e1 disputarse, como se esperaba, en Catar el 27 de marzo.<\/p>\n\n\n\n<p>Es una gran decepci\u00f3n para la UEFA y los organizadores que las circunstancias y el momento hayan privado a los equipos de la oportunidad de competir por este prestigioso trofeo en Catar, un pa\u00eds que ha demostrado una y otra vez su capacidad para organizar eventos internacionales de primer nivel en instalaciones de vanguardia.<\/p>\n\n\n\n<p>La UEFA desea expresar su profunda gratitud al comit\u00e9 organizador y a las autoridades pertinentes de Catar por el trabajo realizado para intentar acoger el partido, as\u00ed como su certeza de que la paz volver\u00e1 pronto a la regi\u00f3n.<\/p>\n\n\n\n<p>La Finalissima se introdujo como parte de la estrecha colaboraci\u00f3n entre la UEFA y la CONMEBOL y re\u00fane a los campeones de Europa y Sudam\u00e9rica en una celebraci\u00f3n del f\u00fatbol internacional al m\u00e1s alto nivel. Argentina, actual campeona del mundo, gan\u00f3 la edici\u00f3n inaugural en 2022 con una victoria por 3-0 sobre Italia en el estadio de Wembley, en Londres.<\/p>\n\n\n\n<p>Con la firme determinaci\u00f3n de salvar este importante encuentro, y a pesar de las comprensibles dificultades que supone reubicar un partido de tal importancia con tan poca antelaci\u00f3n, la UEFA explor\u00f3 otras alternativas viables, pero todas ellas resultaron finalmente inaceptables para la Asociaci\u00f3n del F\u00fatbol Argentino.<\/p>\n\n\n\n<p>La primera opci\u00f3n era celebrar el partido en el estadio Santiago Bernab\u00e9u de Madrid en la fecha original, con un reparto al 50 % de los aficionados en el estadio. Esto habr\u00eda proporcionado un escenario de talla mundial, acorde con un evento tan prestigioso, pero Argentina se neg\u00f3.<\/p>\n\n\n\n<p>La segunda era disputar la Finalissima a doble partido: uno en el Santiago Bernab\u00e9u el 27 de marzo y el otro en Buenos Aires durante una ventana internacional antes de la Eurocopa y la Copa Am\u00e9rica de 2028, ofreciendo de nuevo una distribuci\u00f3n de aficionados al 50 % para el partido en Madrid. Esta opci\u00f3n tambi\u00e9n fue rechazada.<\/p>\n\n\n\n<p>Finalmente, la UEFA solicit\u00f3 a Argentina el compromiso de que, si se encontraba una sede neutral en Europa, el partido pudiera celebrarse el 27 de marzo, tal y como estaba previsto y se anunci\u00f3 el 18 de diciembre de 2025, o en la fecha alternativa del 30 de marzo. Esta propuesta tambi\u00e9n fue rechazada.<\/p>\n\n\n\n<p>Argentina present\u00f3 una contrapropuesta para disputar el partido despu\u00e9s del Mundial, pero, dado que Espa\u00f1a no dispone de fechas disponibles, esa opci\u00f3n tuvo que descartarse. Finalmente, y contrariamente al plan acordado inicialmente de que el partido se disputara el 27 de marzo, Argentina declar\u00f3 su disponibilidad para jugar exclusivamente el 31 de marzo, una fecha que result\u00f3 inviable.<\/p>\n\n\n\n<p>Como resultado, y muy a pesar de la UEFA, esta edici\u00f3n de la Finalissima ha sido cancelada.<\/p>\n\n\n\n<p>La UEFA desea expresar su m\u00e1s sincero agradecimiento al Real Madrid CF y al comit\u00e9 organizador y a las autoridades de Catar por su apoyo y cooperaci\u00f3n en el intento de organizar este partido. En el caso del Real Madrid, sus esfuerzos se realizaron con un plazo de preaviso extremadamente corto. Tambi\u00e9n se agradece a la Federaci\u00f3n Espa\u00f1ola de F\u00fatbol su flexibilidad para adaptarse a todas las opciones propuestas a lo largo del proceso.<\/p>\n\n\n\n<p>\u00a9 1998-2026 UEFA. All rights reserved.<\/p>\n","protected":false},"excerpt":{"rendered":"<p>Comunicados para medios No ha sido posible llegar a un acuerdo con Argentina sobre una fecha alternativa. Tras intensas conversaciones entre la UEFA y las autoridades organizadoras de Catar, se ha anunciado hoy que, debido a la actual situaci\u00f3n pol\u00edtica en la regi\u00f3n, la Finalissima entre Espa\u00f1a, ganadora de la Eurocopa 2024, y Argentina, campeona [&hellip;]<\/p>\n","protected":false},"author":1,"featured_media":205463,"comment_status":"open","ping_status":"open","sticky":false,"template":"","format":"standard","meta":{"_acf_changed":false,"_jetpack_memberships_contains_paid_content":false,"footnotes":"","jetpack_publicize_message":"","jetpack_publicize_feature_enabled":true,"jetpack_social_post_already_shared":true,"jetpack_social_options":{"image_generator_settings":{"template":"highway","default_image_id":0,"font":"","enabled":false},"version":2}},"categories":[5],"tags":[],"class_list":["post-205462","post","type-post","status-publish","format-standard","has-post-thumbnail","hentry","category-futbol"],"acf":[],"jetpack_publicize_connections":[],"jetpack_featured_media_url":"https:\/\/sportseco.com\/wp-content\/uploads\/2026\/03\/uefa_european_under-19_championship_202223_qualifying_round_draw_3_.avif","jetpack_sharing_enabled":true,"_links":{"self":[{"href":"https:\/\/sportseco.com\/index.php?rest_route=\/wp\/v2\/posts\/205462","targetHints":{"allow":["GET"]}}],"collection":[{"href":"https:\/\/sportseco.com\/index.php?rest_route=\/wp\/v2\/posts"}],"about":[{"href":"https:\/\/sportseco.com\/index.php?rest_route=\/wp\/v2\/types\/post"}],"author":[{"embeddable":true,"href":"https:\/\/sportseco.com\/index.php?rest_route=\/wp\/v2\/users\/1"}],"replies":[{"embeddable":true,"href":"https:\/\/sportseco.com\/index.php?rest_route=%2Fwp%2Fv2%2Fcomments&post=205462"}],"version-history":[{"count":1,"href":"https:\/\/sportseco.com\/index.php?rest_route=\/wp\/v2\/posts\/205462\/revisions"}],"predecessor-version":[{"id":205464,"href":"https:\/\/sportseco.com\/index.php?rest_route=\/wp\/v2\/posts\/205462\/revisions\/205464"}],"wp:featuredmedia":[{"embeddable":true,"href":"https:\/\/sportseco.com\/index.php?rest_route=\/wp\/v2\/media\/205463"}],"wp:attachment":[{"href":"https:\/\/sportseco.com\/index.php?rest_route=%2Fwp%2Fv2%2Fmedia&parent=205462"}],"wp:term":[{"taxonomy":"category","embeddable":true,"href":"https:\/\/sportseco.com\/index.php?rest_route=%2Fwp%2Fv2%2Fcategories&post=205462"},{"taxonomy":"post_tag","embeddable":true,"href":"https:\/\/sportseco.com\/index.php?rest_route=%2Fwp%2Fv2%2Ftags&post=205462"}],"curies":[{"name":"wp","href":"https:\/\/api.w.org\/{rel}","templated":true}]}}