{"id":205479,"date":"2026-03-16T17:59:02","date_gmt":"2026-03-16T21:59:02","guid":{"rendered":"https:\/\/sportseco.com\/?p=205479"},"modified":"2026-03-16T17:59:39","modified_gmt":"2026-03-16T21:59:39","slug":"sofia-prieto-debemos-trabajar-de-acuerdo-a-la-idea-del-profe","status":"publish","type":"post","link":"https:\/\/sportseco.com\/?p=205479","title":{"rendered":"Sof\u00eda Prieto: \u00abDebemos trabajar de acuerdo a la idea del profe\u00bb"},"content":{"rendered":"\n<p>El pasado s\u00e1bado 14 de marzo,&nbsp;<strong>las futbolistas convocadas por el estratega Carlos Paniagua se integraron a la Sede Deportiva de Bogot\u00e1.<\/strong>&nbsp;A su arribo, el grupo se someti\u00f3 a las evaluaciones f\u00edsicas de rutina para iniciar formalmente el ciclo de concentraci\u00f3n.<\/p>\n\n\n\n<p>La actividad en campo comenz\u00f3 el domingo 15 de marzo con una sesi\u00f3n enfocada en ruedas de pases conceptuales, seguida de un bloque dedicado a fundamentos t\u00e1cticos en fase ofensiva.&nbsp;<strong>La jornada concluy\u00f3 con una pr\u00e1ctica de f\u00fatbol en espacio reducido.<\/strong><\/p>\n\n\n\n<p>Este lunes, las 23 seleccionadas cumplieron con una jornada de entrenamiento a doble turno. Durante la ma\u00f1ana, el trabajo se centr\u00f3 en el acondicionamiento f\u00edsico y el ajuste de aspectos t\u00e1cticos; por la tarde, el equipo prioriz\u00f3 ejercicios espec\u00edficos.<\/p>\n\n\n\n<p>Al finalizar el entrenamiento,&nbsp;<strong>la jugadora Sof\u00eda Prieto atendi\u00f3 a FCF Media. Con respecto a lo que est\u00e1 siendo la preparaci\u00f3n de cara a la CONMEBOL Sub17, la guardameta dijo:<\/strong>&nbsp;\u201cHay muchas cosas por mejorar, como la parte f\u00edsica. Obviamente hay cosas positivas. Debemos trabajar de acuerdo a la idea del profe y creerle a \u00e9l\u201d.<\/p>\n\n\n\n<figure class=\"wp-block-embed is-type-video is-provider-youtube wp-block-embed-youtube wp-embed-aspect-16-9 wp-has-aspect-ratio\"><div class=\"wp-block-embed__wrapper\">\n<iframe loading=\"lazy\" title=\"Voces | Selecci\u00f3n Colombia Femenina Sub 17 desde Bogot\u00e1\" width=\"640\" height=\"360\" src=\"https:\/\/www.youtube.com\/embed\/F4Se3Yb-Nb0?feature=oembed\" frameborder=\"0\" allow=\"accelerometer; autoplay; clipboard-write; encrypted-media; gyroscope; picture-in-picture; web-share\" referrerpolicy=\"strict-origin-when-cross-origin\" allowfullscreen><\/iframe>\n<\/div><\/figure>\n\n\n\n<figure class=\"wp-block-embed is-type-rich is-provider-gestor-del-servicio wp-block-embed-gestor-del-servicio\"><div class=\"wp-block-embed__wrapper\">\nhttps:\/\/youtube.com\/watch?v=F4Se3Yb-Nb0%3Ffeature%3Doembed\n<\/div><\/figure>\n\n\n\n<p><strong>A continuaci\u00f3n recordamos la lista de deportistas citadas:<\/strong><\/p>\n\n\n\n<ul class=\"wp-block-list\">\n<li>Alejandra D\u00edaz \u2013 Independiente Santa Fe<\/li>\n\n\n\n<li>Andrea Rodr\u00edguez \u2013 Millonarios FC<\/li>\n\n\n\n<li>Ana Sof\u00eda Mar\u00edn \u2013 Millonarios FC<\/li>\n\n\n\n<li>Eidy Marcely Ruiz \u2013 Deportivo Cali<\/li>\n\n\n\n<li>Emiliana Isaza \u2013 Atl\u00e9tico Nacional<\/li>\n\n\n\n<li>Emily Vanesa Ortega \u2013 Atl\u00e9tico Nacional&nbsp;<\/li>\n\n\n\n<li>Helis Dayana Torres \u2013 Orsomarso S.C<\/li>\n\n\n\n<li>Izabela Cort\u00e9s \u2013 Independiente Santa Fe<\/li>\n\n\n\n<li>Joy Palacios \u2013 Monteverde Internacional F\u00fatbol Club (USA)<\/li>\n\n\n\n<li>Juanita Parga \u2013 Am\u00e9rica de Cali<\/li>\n\n\n\n<li>Laura Nataly Mancera \u2013 Real Pasi\u00f3n (Liga Cundinamarca)<\/li>\n\n\n\n<li>Mariana Rodr\u00edguez \u2013 Independiente Santa Fe<\/li>\n\n\n\n<li>Maura Henao \u2013 Am\u00e9rica de Cali<\/li>\n\n\n\n<li>Natalia Sof\u00eda Torres \u2013 Internacional de Bogot\u00e1&nbsp;&nbsp;<\/li>\n\n\n\n<li>Nicoles R\u00edos Mej\u00eda \u2013 Strikers Miami FC (USA)<\/li>\n\n\n\n<li>Oriana Torres \u2013 Atlas CP \u2013 (Liga Valle)<\/li>\n\n\n\n<li>Rihanna Cuesta Narc\u00ed \u2013 Millonarios FC<\/li>\n\n\n\n<li>Sally Victoria Garz\u00f3n \u2013 Millonarios FC<\/li>\n\n\n\n<li>Saileth Bonett \u2013 Junior FC<\/li>\n\n\n\n<li>Sara \u00c1lvarez \u2013 Escuela Sarmiento (Liga Valle)<\/li>\n\n\n\n<li>Sara Gabriela Rojas \u2013&nbsp; Llaneros FC<\/li>\n\n\n\n<li>Sof\u00eda Prieto \u2013 Deportivo Cali<\/li>\n\n\n\n<li>Susana S\u00e1nchez \u2013 Atl\u00e9tico Nacional<\/li>\n\n\n\n<li>Valentina Huertas \u2013 Sunrise Surf (USA)<\/li>\n\n\n\n<li>Valery Valencia \u2013 Independiente Santa Fe<\/li>\n<\/ul>\n\n\n\n<p>fcf.com.co<\/p>\n","protected":false},"excerpt":{"rendered":"<p>El pasado s\u00e1bado 14 de marzo,&nbsp;las futbolistas convocadas por el estratega Carlos Paniagua se integraron a la Sede Deportiva de Bogot\u00e1.&nbsp;A su arribo, el grupo se someti\u00f3 a las evaluaciones f\u00edsicas de rutina para iniciar formalmente el ciclo de concentraci\u00f3n. La actividad en campo comenz\u00f3 el domingo 15 de marzo con una sesi\u00f3n enfocada en [&hellip;]<\/p>\n","protected":false},"author":1,"featured_media":205481,"comment_status":"open","ping_status":"open","sticky":false,"template":"","format":"standard","meta":{"_acf_changed":false,"_jetpack_memberships_contains_paid_content":false,"footnotes":"","jetpack_publicize_message":"","jetpack_publicize_feature_enabled":true,"jetpack_social_post_already_shared":true,"jetpack_social_options":{"image_generator_settings":{"template":"highway","default_image_id":0,"font":"","enabled":false},"version":2}},"categories":[5],"tags":[],"class_list":["post-205479","post","type-post","status-publish","format-standard","has-post-thumbnail","hentry","category-futbol"],"acf":[],"jetpack_publicize_connections":[],"jetpack_featured_media_url":"https:\/\/i0.wp.com\/sportseco.com\/wp-content\/uploads\/2026\/03\/DSC_8825.jpg?fit=1876%2C1251&ssl=1","jetpack_sharing_enabled":true,"_links":{"self":[{"href":"https:\/\/sportseco.com\/index.php?rest_route=\/wp\/v2\/posts\/205479","targetHints":{"allow":["GET"]}}],"collection":[{"href":"https:\/\/sportseco.com\/index.php?rest_route=\/wp\/v2\/posts"}],"about":[{"href":"https:\/\/sportseco.com\/index.php?rest_route=\/wp\/v2\/types\/post"}],"author":[{"embeddable":true,"href":"https:\/\/sportseco.com\/index.php?rest_route=\/wp\/v2\/users\/1"}],"replies":[{"embeddable":true,"href":"https:\/\/sportseco.com\/index.php?rest_route=%2Fwp%2Fv2%2Fcomments&post=205479"}],"version-history":[{"count":2,"href":"https:\/\/sportseco.com\/index.php?rest_route=\/wp\/v2\/posts\/205479\/revisions"}],"predecessor-version":[{"id":205483,"href":"https:\/\/sportseco.com\/index.php?rest_route=\/wp\/v2\/posts\/205479\/revisions\/205483"}],"wp:featuredmedia":[{"embeddable":true,"href":"https:\/\/sportseco.com\/index.php?rest_route=\/wp\/v2\/media\/205481"}],"wp:attachment":[{"href":"https:\/\/sportseco.com\/index.php?rest_route=%2Fwp%2Fv2%2Fmedia&parent=205479"}],"wp:term":[{"taxonomy":"category","embeddable":true,"href":"https:\/\/sportseco.com\/index.php?rest_route=%2Fwp%2Fv2%2Fcategories&post=205479"},{"taxonomy":"post_tag","embeddable":true,"href":"https:\/\/sportseco.com\/index.php?rest_route=%2Fwp%2Fv2%2Ftags&post=205479"}],"curies":[{"name":"wp","href":"https:\/\/api.w.org\/{rel}","templated":true}]}}