{"id":205487,"date":"2026-03-16T18:16:56","date_gmt":"2026-03-16T22:16:56","guid":{"rendered":"https:\/\/sportseco.com\/?p=205487"},"modified":"2026-03-16T18:16:56","modified_gmt":"2026-03-16T22:16:56","slug":"seleccion-brasilena-convocada-para-amistosos-contra-francia-y-croacia","status":"publish","type":"post","link":"https:\/\/sportseco.com\/?p=205487","title":{"rendered":"Selecci\u00f3n Brasile\u00f1a Convocada para Amistosos contra Francia y Croacia"},"content":{"rendered":"\n<p>Estos ser\u00e1n los \u00faltimos partidos antes del anuncio de la lista definitiva para el Mundial; L\u00e9o Pereira, Gabriel Sara, Rayan e Igor Thiago convocados por primera vez<\/p>\n\n\n\n<p>La selecci\u00f3n brasile\u00f1a fue convocada este lunes 16 de marzo por el entrenador Carlo Ancelotti para disputar amistosos contra Francia y Croacia a finales de marzo, en un evento celebrado en la sede de la CBF en R\u00edo de Janeiro. Estos encuentros ser\u00e1n los \u00faltimos de la Sele\u00e7\u00e3o antes del anuncio de la lista definitiva para el Mundial.<\/p>\n\n\n\n<p>Entre los 26 jugadores convocados, L\u00e9o Pereira, Gabriel Sara, Rayan e Igor Thiago fueron convocados por primera vez.<\/p>\n\n\n\n<p>Consulta el calendario:<\/p>\n\n\n\n<p>Brasil vs. Francia &#8211; 26 de marzo, 17:00 (hora de Brasilia), en el Gillette Stadium, Boston;<\/p>\n\n\n\n<p>Brasil vs. Croacia &#8211; 31 de marzo, 21:00 (hora de Brasilia), en el Camping World Stadium, Orlando.<\/p>\n\n\n\n<p>El jefe de la delegaci\u00f3n de la selecci\u00f3n brasile\u00f1a durante este periodo ser\u00e1 el presidente de la Federaci\u00f3n de F\u00fatbol de Pernambuco, Evandro Carvalho.<\/p>\n\n\n\n<p>Los rivales cumplen con el plan del Departamento de Selecciones Nacionales para garantizar partidos de alto nivel para Brasil. Desde el final de las eliminatorias, Brasil se ha enfrentado a Corea del Sur y Jap\u00f3n en octubre, y a Senegal y T\u00fanez en noviembre. En esta pr\u00f3xima convocatoria, se enfrentar\u00e1n a Francia, tercera en el Ranking Mundial Masculino de la FIFA, y a Croacia, und\u00e9cima.<\/p>\n\n\n\n<p>Carlo Ancelotti durante el anuncio de la convocatoria de la selecci\u00f3n brasile\u00f1a para los amistosos contra Francia y Croacia.<br \/>Cr\u00e9ditos: Rafael Ribeiro\/CBF<\/p>\n\n\n\n<figure class=\"wp-block-image size-large\"><img data-recalc-dims=\"1\" loading=\"lazy\" decoding=\"async\" width=\"640\" height=\"800\" src=\"https:\/\/i0.wp.com\/sportseco.com\/wp-content\/uploads\/2026\/03\/HDjbYoaXUAAmbbW.jpeg?resize=640%2C800&#038;ssl=1\" alt=\"\" class=\"wp-image-205488\" srcset=\"https:\/\/i0.wp.com\/sportseco.com\/wp-content\/uploads\/2026\/03\/HDjbYoaXUAAmbbW.jpeg?resize=824%2C1030&amp;ssl=1 824w, https:\/\/i0.wp.com\/sportseco.com\/wp-content\/uploads\/2026\/03\/HDjbYoaXUAAmbbW.jpeg?resize=240%2C300&amp;ssl=1 240w, https:\/\/i0.wp.com\/sportseco.com\/wp-content\/uploads\/2026\/03\/HDjbYoaXUAAmbbW.jpeg?resize=768%2C960&amp;ssl=1 768w, https:\/\/i0.wp.com\/sportseco.com\/wp-content\/uploads\/2026\/03\/HDjbYoaXUAAmbbW.jpeg?w=960&amp;ssl=1 960w\" sizes=\"auto, (max-width: 640px) 100vw, 640px\" \/><\/figure>\n\n\n\n<p>Calendario<br \/>Los jugadores deben presentarse el 23 de marzo y, durante este par\u00f3n internacional de la FIFA, se alojar\u00e1n en Orlando, donde entrenar\u00e1n en el Complejo Deportivo ESPN Wide World of Sports, instalaciones utilizadas por la selecci\u00f3n nacional durante la Copa Am\u00e9rica 2024. El 25, jugadores y cuerpo t\u00e9cnico viajar\u00e1n a Boston para enfrentarse a Francia el 26.<\/p>\n\n\n\n<p>Tras el amistoso, la delegaci\u00f3n regresar\u00e1 a Florida para continuar con los preparativos hasta el 31, d\u00eda en que se enfrentar\u00e1 a Croacia. La jornada previa al encuentro, el equipo entrenar\u00e1 en el Camping World Stadium, sede del partido.<\/p>\n\n\n\n<p>Rodrigo Caetano durante el anuncio de la convocatoria de la Selecci\u00f3n Brasile\u00f1a para los amistosos contra Francia y Croacia<\/p>\n\n\n\n<p>Cr\u00e9ditos: Rafael Ribeiro\/CBF<\/p>\n\n\n\n<p>Consulta la lista de jugadores convocados:<br \/>Porteros<br \/>Alisson &#8211; Liverpool (ENG)<\/p>\n\n\n\n<p>Bento &#8211; Al-Nassr (SAU)<\/p>\n\n\n\n<p>Ederson &#8211; Fenerbah\u00e7e (TUR)<\/p>\n\n\n\n<p>Defensores<br \/>\u00c1lex Sandro &#8211; Flamengo<\/p>\n\n\n\n<p>Bremer &#8211; Juventus (ITA)<\/p>\n\n\n\n<p>Danilo &#8211; Flamengo<\/p>\n\n\n\n<p>Douglas Santos &#8211; Zenit (RUS)<\/p>\n\n\n\n<p>Gabriel Magalh\u00e3es &#8211; Arsenal (ESP)<\/p>\n\n\n\n<p>Ib\u00e1\u00f1ez &#8211; Al-Ahli (SAU)<\/p>\n\n\n\n<p>Leo Pereira &#8211; Flamengo<\/p>\n\n\n\n<p>Marquinhos &#8211; PSG (FRA)<\/p>\n\n\n\n<p>Wesley &#8211; Roma (ITA)<\/p>\n\n\n\n<p>Centrocampistas<br \/>Andrey Santos &#8211; Chelsea (ESP)<\/p>\n\n\n\n<p>Casemiro &#8211; Manchester United (ESP)<\/p>\n\n\n\n<p>Danilo &#8211; Botafogo<\/p>\n\n\n\n<p>Fabinho- Al-Ittihad (SAU)<\/p>\n\n\n\n<p>Gabriel Sara &#8211; Galatasaray (TUR)<\/p>\n\n\n\n<p>Atacantes<br \/>Endrick &#8211; Lyon (FRA)<\/p>\n\n\n\n<p>Gabriel Martinelli &#8211; Arsenal (FRA)<\/p>\n\n\n\n<p>Igor Thiago &#8211; Brentford (ING)<\/p>\n\n\n\n<p>Jo\u00e3o Pedro &#8211; Chelsea (ING)<\/p>\n\n\n\n<p>Luiz Henrique &#8211; Zenit (RUS)<\/p>\n\n\n\n<p>Matheus Cunha &#8211; Manchester United (ING)<\/p>\n\n\n\n<p>Rafinha &#8211; Barcelona (ESP)<\/p>\n\n\n\n<p>Rayan &#8211; Bournemouth (ENG)<\/p>\n\n\n\n<p>Vinicius Jr. &#8211; Real Madrid (ESP)<\/p>\n\n\n\n<p><\/p>\n\n\n\n<p><\/p>\n\n\n\n<p>cbf.com.br<\/p>\n","protected":false},"excerpt":{"rendered":"<p>Estos ser\u00e1n los \u00faltimos partidos antes del anuncio de la lista definitiva para el Mundial; L\u00e9o Pereira, Gabriel Sara, Rayan e Igor Thiago convocados por primera vez La selecci\u00f3n brasile\u00f1a fue convocada este lunes 16 de marzo por el entrenador Carlo Ancelotti para disputar amistosos contra Francia y Croacia a finales de marzo, en un [&hellip;]<\/p>\n","protected":false},"author":1,"featured_media":205488,"comment_status":"open","ping_status":"open","sticky":false,"template":"","format":"standard","meta":{"_acf_changed":false,"_jetpack_memberships_contains_paid_content":false,"footnotes":"","jetpack_publicize_message":"","jetpack_publicize_feature_enabled":true,"jetpack_social_post_already_shared":true,"jetpack_social_options":{"image_generator_settings":{"template":"highway","default_image_id":0,"font":"","enabled":false},"version":2}},"categories":[5],"tags":[],"class_list":["post-205487","post","type-post","status-publish","format-standard","has-post-thumbnail","hentry","category-futbol"],"acf":[],"jetpack_publicize_connections":[],"jetpack_featured_media_url":"https:\/\/i0.wp.com\/sportseco.com\/wp-content\/uploads\/2026\/03\/HDjbYoaXUAAmbbW.jpeg?fit=960%2C1200&ssl=1","jetpack_sharing_enabled":true,"_links":{"self":[{"href":"https:\/\/sportseco.com\/index.php?rest_route=\/wp\/v2\/posts\/205487","targetHints":{"allow":["GET"]}}],"collection":[{"href":"https:\/\/sportseco.com\/index.php?rest_route=\/wp\/v2\/posts"}],"about":[{"href":"https:\/\/sportseco.com\/index.php?rest_route=\/wp\/v2\/types\/post"}],"author":[{"embeddable":true,"href":"https:\/\/sportseco.com\/index.php?rest_route=\/wp\/v2\/users\/1"}],"replies":[{"embeddable":true,"href":"https:\/\/sportseco.com\/index.php?rest_route=%2Fwp%2Fv2%2Fcomments&post=205487"}],"version-history":[{"count":1,"href":"https:\/\/sportseco.com\/index.php?rest_route=\/wp\/v2\/posts\/205487\/revisions"}],"predecessor-version":[{"id":205489,"href":"https:\/\/sportseco.com\/index.php?rest_route=\/wp\/v2\/posts\/205487\/revisions\/205489"}],"wp:featuredmedia":[{"embeddable":true,"href":"https:\/\/sportseco.com\/index.php?rest_route=\/wp\/v2\/media\/205488"}],"wp:attachment":[{"href":"https:\/\/sportseco.com\/index.php?rest_route=%2Fwp%2Fv2%2Fmedia&parent=205487"}],"wp:term":[{"taxonomy":"category","embeddable":true,"href":"https:\/\/sportseco.com\/index.php?rest_route=%2Fwp%2Fv2%2Fcategories&post=205487"},{"taxonomy":"post_tag","embeddable":true,"href":"https:\/\/sportseco.com\/index.php?rest_route=%2Fwp%2Fv2%2Ftags&post=205487"}],"curies":[{"name":"wp","href":"https:\/\/api.w.org\/{rel}","templated":true}]}}