{"id":205532,"date":"2026-03-17T16:20:14","date_gmt":"2026-03-17T20:20:14","guid":{"rendered":"https:\/\/sportseco.com\/?p=205532"},"modified":"2026-03-17T16:20:14","modified_gmt":"2026-03-17T20:20:14","slug":"nos-vemos-en-argentina","status":"publish","type":"post","link":"https:\/\/sportseco.com\/?p=205532","title":{"rendered":"\u00a1Nos vemos en Argentina!"},"content":{"rendered":"\n<figure class=\"wp-block-image\"><img data-recalc-dims=\"1\" decoding=\"async\" src=\"https:\/\/i0.wp.com\/assets1.afa.com.ar\/2026\/D\/MAR26\/WebN-partido.jpg?w=640&#038;ssl=1\" alt=\"\"\/><\/figure>\n\n\n\n<p>Luego de la cancelaci\u00f3n de la Finalissima, los dirigidos por Lionel Scaloni, viajar\u00e1n al pa\u00eds para realizar una semana de intensas labores colectivas y disputar un partido amistoso el martes 31 ante Guatemala.<br \/><br \/><br \/>En los pr\u00f3ximos d\u00edas se informar\u00e1 el cronograma de trabajo, los convocados para esta fecha FIFA y el estadio.&nbsp;<br \/><br \/><br \/><strong>*Se les informa a los medios de comunicaci\u00f3n que solicitaron credencial anual, que a la brevedad se les responder\u00e1 su pedido en base al cupo disponible.<\/strong><\/p>\n\n\n\n<p><\/p>\n\n\n\n<p>afa.com.ar<\/p>\n\n\n\n<p><a href=\"https:\/\/www.afa.com.ar\/es\/posts\/seleccion-femenina-sub-17-disputaran-dos-amistosos-ante-uruguay\"><\/a><\/p>\n","protected":false},"excerpt":{"rendered":"<p>Luego de la cancelaci\u00f3n de la Finalissima, los dirigidos por Lionel Scaloni, viajar\u00e1n al pa\u00eds para realizar una semana de intensas labores colectivas y disputar un partido amistoso el martes 31 ante Guatemala. En los pr\u00f3ximos d\u00edas se informar\u00e1 el cronograma de trabajo, los convocados para esta fecha FIFA y el estadio.&nbsp; *Se les informa [&hellip;]<\/p>\n","protected":false},"author":1,"featured_media":205533,"comment_status":"open","ping_status":"open","sticky":false,"template":"","format":"standard","meta":{"_acf_changed":false,"_jetpack_memberships_contains_paid_content":false,"footnotes":"","jetpack_publicize_message":"","jetpack_publicize_feature_enabled":true,"jetpack_social_post_already_shared":true,"jetpack_social_options":{"image_generator_settings":{"template":"highway","default_image_id":0,"font":"","enabled":false},"version":2}},"categories":[5],"tags":[],"class_list":["post-205532","post","type-post","status-publish","format-standard","has-post-thumbnail","hentry","category-futbol"],"acf":[],"jetpack_publicize_connections":[],"jetpack_featured_media_url":"https:\/\/i0.wp.com\/sportseco.com\/wp-content\/uploads\/2026\/03\/WebN-partido.jpg?fit=1000%2C750&ssl=1","jetpack_sharing_enabled":true,"_links":{"self":[{"href":"https:\/\/sportseco.com\/index.php?rest_route=\/wp\/v2\/posts\/205532","targetHints":{"allow":["GET"]}}],"collection":[{"href":"https:\/\/sportseco.com\/index.php?rest_route=\/wp\/v2\/posts"}],"about":[{"href":"https:\/\/sportseco.com\/index.php?rest_route=\/wp\/v2\/types\/post"}],"author":[{"embeddable":true,"href":"https:\/\/sportseco.com\/index.php?rest_route=\/wp\/v2\/users\/1"}],"replies":[{"embeddable":true,"href":"https:\/\/sportseco.com\/index.php?rest_route=%2Fwp%2Fv2%2Fcomments&post=205532"}],"version-history":[{"count":1,"href":"https:\/\/sportseco.com\/index.php?rest_route=\/wp\/v2\/posts\/205532\/revisions"}],"predecessor-version":[{"id":205534,"href":"https:\/\/sportseco.com\/index.php?rest_route=\/wp\/v2\/posts\/205532\/revisions\/205534"}],"wp:featuredmedia":[{"embeddable":true,"href":"https:\/\/sportseco.com\/index.php?rest_route=\/wp\/v2\/media\/205533"}],"wp:attachment":[{"href":"https:\/\/sportseco.com\/index.php?rest_route=%2Fwp%2Fv2%2Fmedia&parent=205532"}],"wp:term":[{"taxonomy":"category","embeddable":true,"href":"https:\/\/sportseco.com\/index.php?rest_route=%2Fwp%2Fv2%2Fcategories&post=205532"},{"taxonomy":"post_tag","embeddable":true,"href":"https:\/\/sportseco.com\/index.php?rest_route=%2Fwp%2Fv2%2Ftags&post=205532"}],"curies":[{"name":"wp","href":"https:\/\/api.w.org\/{rel}","templated":true}]}}