{"id":205628,"date":"2026-03-19T07:38:02","date_gmt":"2026-03-19T11:38:02","guid":{"rendered":"https:\/\/sportseco.com\/?p=205628"},"modified":"2026-03-19T07:38:02","modified_gmt":"2026-03-19T11:38:02","slug":"dia-mundial-del-aprendizaje-digital-19-de-marzo","status":"publish","type":"post","link":"https:\/\/sportseco.com\/?p=205628","title":{"rendered":"D\u00eda Mundial del Aprendizaje Digital, 19 de marzo"},"content":{"rendered":"\n<p><strong>El 19 de marzo se celebra el D\u00eda Mundial del Aprendizaje Digital,<\/strong>&nbsp;una fecha proclamada oficialmente por la UNESCO en su 42\u00aa reuni\u00f3n el 20 de noviembre de 2023. Esta fecha se celebr\u00f3 por primera vez en 2024.<\/p>\n\n\n\n<figure class=\"wp-block-image\"><img data-recalc-dims=\"1\" decoding=\"async\" src=\"https:\/\/i0.wp.com\/www.diainternacionalde.com\/imagenes\/dias\/marzo\/03-19_dia-mundial-aprendizaje-digital-2025_s.jpg?w=640&#038;ssl=1\" alt=\"\" title=\"\"\/><\/figure>\n\n\n\n<p>Las Naciones Unidas y la UNESCO consideran importante la innovaci\u00f3n digital en materia de educaci\u00f3n. Las nuevas tecnolog\u00edas se consideran como una necesidad social para garantizar el derecho humano a la educaci\u00f3n, especialmente en un mundo que cada vez m\u00e1s frecuentemente tiene que hacer frente a crisis y conflictos.<\/p>\n\n\n\n<p>En pandemia, fueron los pa\u00edses con menos infraestructuras digitales y sistemas de aprendizaje digital los que sufrieron mayores interrupciones educativas. Esta crisis resalt\u00f3 la importancia de integrar tecnolog\u00edas para transformar los modelos educativos, construir sistemas inclusivos y resilientes, y mejorar el acceso a oportunidades educativas.<\/p>\n\n\n\n<p><\/p>\n\n\n\n<p>Por ello, a partir de entonces se empez\u00f3 a trabajar para la alfabetizaci\u00f3n digital, especialmente entre docentes y estudiantes, y haci\u00e9ndolo extensivo a toda la comunidad educativa y la sociedad en general.<\/p>\n\n\n\n<h2 class=\"wp-block-heading\">D\u00eda del Aprendizaje Digital en 2026<\/h2>\n\n\n\n<p>El D\u00eda Internacional del Aprendizaje Digital 2026, tiene como lema&nbsp;<em><strong>\u00abForjando futuros digitales para la educaci\u00f3n p\u00fablica\u00bb<\/strong><\/em>, destacando la necesidad de crear y fortalecer espacios y recursos digitales accesibles y fiables para apoyar la educaci\u00f3n.<\/p>\n\n\n\n<p>Actualmente, en muchos contextos, estudiantes, docentes y familias carecen de referentes claros donde encontrar herramientas digitales de calidad.<\/p>\n\n\n\n<p>Ante este desaf\u00edo, cada vez m\u00e1s sistemas educativos est\u00e1n invirtiendo en el desarrollo de entornos digitales que complementen la ense\u00f1anza tradicional.<\/p>\n\n\n\n<p>La iniciativa invita a visibilizar c\u00f3mo distintos pa\u00edses est\u00e1n construyendo bienes comunes digitales para mejorar la educaci\u00f3n p\u00fablica.<\/p>\n\n\n\n<p>En este marco, la UNESCO, junto con UNICEF y la UIT, lanzar\u00e1 una carta con orientaciones para el dise\u00f1o y la gesti\u00f3n de plataformas p\u00fablicas de aprendizaje digital, reforzando el compromiso de integrar eficazmente lo digital con los espacios educativos presenciales.<\/p>\n\n\n\n<h2 class=\"wp-block-heading\">\u00bfQu\u00e9 es el aprendizaje digital?<\/h2>\n\n\n\n<figure class=\"wp-block-image\"><img data-recalc-dims=\"1\" decoding=\"async\" src=\"https:\/\/i0.wp.com\/www.diainternacionalde.com\/imagenes\/dias\/marzo\/03-19_dia-mundial-aprendizaje-digital_s.jpg?w=640&#038;ssl=1\" alt=\"\" title=\"\"\/><\/figure>\n\n\n\n<p>El aprendizaje digital se refiere al proceso de adquirir conocimientos, habilidades y competencias utilizando tecnolog\u00edas digitales. Este enfoque educativo aprovecha herramientas y recursos digitales, como computadoras, dispositivos m\u00f3viles, software educativo, plataformas en l\u00ednea y recursos en la nube, para facilitar la ense\u00f1anza y el aprendizaje.<\/p>\n\n\n\n<p>El aprendizaje digital ofrece flexibilidad en t\u00e9rminos de acceso al contenido educativo y la posibilidad de adaptar el ritmo de estudio seg\u00fan las necesidades individuales. Adem\u00e1s, puede facilitar la participaci\u00f3n activa del estudiante, fomentar la colaboraci\u00f3n en l\u00ednea y proporcionar retroalimentaci\u00f3n instant\u00e1nea.<\/p>\n\n\n\n<p>La UNESCO adopta un enfoque humanista donde sean las tecnolog\u00edas las que sirvan a las personas, y que est\u00e9n dise\u00f1adas para este fin.<\/p>\n\n\n\n<p><\/p>\n\n\n\n<p><\/p>\n\n\n\n<p>diainternacionalde.com<\/p>\n","protected":false},"excerpt":{"rendered":"<p>El 19 de marzo se celebra el D\u00eda Mundial del Aprendizaje Digital,&nbsp;una fecha proclamada oficialmente por la UNESCO en su 42\u00aa reuni\u00f3n el 20 de noviembre de 2023. Esta fecha se celebr\u00f3 por primera vez en 2024. Las Naciones Unidas y la UNESCO consideran importante la innovaci\u00f3n digital en materia de educaci\u00f3n. Las nuevas tecnolog\u00edas [&hellip;]<\/p>\n","protected":false},"author":1,"featured_media":205629,"comment_status":"open","ping_status":"open","sticky":false,"template":"","format":"standard","meta":{"_acf_changed":false,"_jetpack_memberships_contains_paid_content":false,"footnotes":"","jetpack_publicize_message":"","jetpack_publicize_feature_enabled":true,"jetpack_social_post_already_shared":true,"jetpack_social_options":{"image_generator_settings":{"template":"highway","default_image_id":0,"font":"","enabled":false},"version":2}},"categories":[108],"tags":[],"class_list":["post-205628","post","type-post","status-publish","format-standard","has-post-thumbnail","hentry","category-dia-mundial"],"acf":[],"jetpack_publicize_connections":[],"jetpack_featured_media_url":"https:\/\/i0.wp.com\/sportseco.com\/wp-content\/uploads\/2026\/03\/03-19_dia-mundial-aprendizaje-digital-2025.jpg?fit=305%2C203&ssl=1","jetpack_sharing_enabled":true,"_links":{"self":[{"href":"https:\/\/sportseco.com\/index.php?rest_route=\/wp\/v2\/posts\/205628","targetHints":{"allow":["GET"]}}],"collection":[{"href":"https:\/\/sportseco.com\/index.php?rest_route=\/wp\/v2\/posts"}],"about":[{"href":"https:\/\/sportseco.com\/index.php?rest_route=\/wp\/v2\/types\/post"}],"author":[{"embeddable":true,"href":"https:\/\/sportseco.com\/index.php?rest_route=\/wp\/v2\/users\/1"}],"replies":[{"embeddable":true,"href":"https:\/\/sportseco.com\/index.php?rest_route=%2Fwp%2Fv2%2Fcomments&post=205628"}],"version-history":[{"count":1,"href":"https:\/\/sportseco.com\/index.php?rest_route=\/wp\/v2\/posts\/205628\/revisions"}],"predecessor-version":[{"id":205630,"href":"https:\/\/sportseco.com\/index.php?rest_route=\/wp\/v2\/posts\/205628\/revisions\/205630"}],"wp:featuredmedia":[{"embeddable":true,"href":"https:\/\/sportseco.com\/index.php?rest_route=\/wp\/v2\/media\/205629"}],"wp:attachment":[{"href":"https:\/\/sportseco.com\/index.php?rest_route=%2Fwp%2Fv2%2Fmedia&parent=205628"}],"wp:term":[{"taxonomy":"category","embeddable":true,"href":"https:\/\/sportseco.com\/index.php?rest_route=%2Fwp%2Fv2%2Fcategories&post=205628"},{"taxonomy":"post_tag","embeddable":true,"href":"https:\/\/sportseco.com\/index.php?rest_route=%2Fwp%2Fv2%2Ftags&post=205628"}],"curies":[{"name":"wp","href":"https:\/\/api.w.org\/{rel}","templated":true}]}}