{"id":205710,"date":"2026-03-21T08:38:20","date_gmt":"2026-03-21T12:38:20","guid":{"rendered":"https:\/\/sportseco.com\/?p=205710"},"modified":"2026-03-21T08:38:20","modified_gmt":"2026-03-21T12:38:20","slug":"dia-internacional-de-los-bosques-21-de-marzo","status":"publish","type":"post","link":"https:\/\/sportseco.com\/?p=205710","title":{"rendered":"D\u00eda Internacional de los Bosques | 21\u202fde marzo"},"content":{"rendered":"\n<p><img data-recalc-dims=\"1\" decoding=\"async\" src=\"https:\/\/i0.wp.com\/www.fao.org\/media\/images\/internationaldayforestslibraries\/banners\/idf26-visual_banner_2100x982px_def_6-languages_es.png?w=640&#038;ssl=1\" alt=\"D\u00eda Internacional de los Bosques de 2025\"\/><\/p>\n\n\n\n<p>En 2012, la Asamblea General de las Naciones Unidas proclam\u00f3 el 21 de marzo como el D\u00eda Internacional de los Bosques. Mediante esta celebraci\u00f3n se rinde homenaje a la importancia de todos los tipos de bosques y se intenta generar conciencia al respecto.<\/p>\n\n\n\n<p>Cada vez que se conmemora el D\u00eda Internacional de los Bosques, se alienta a los pa\u00edses a adoptar iniciativas en el plano local, nacional e internacional para la organizaci\u00f3n de actividades relacionadas con los bosques y los \u00e1rboles, como, por ejemplo, campa\u00f1as de plantaci\u00f3n de \u00e1rboles.<\/p>\n\n\n\n<h2 class=\"wp-block-heading\">Homenaje a los bosques y las econom\u00edas<\/h2>\n\n\n\n<p>\u201cBosques y econom\u00edas\u201d es el tema del D\u00eda Internacional de los Bosques de\u202f2026, que celebra el papel esencial de los bosques como motor de la prosperidad econ\u00f3mica.&nbsp;&nbsp;Este papel va mucho m\u00e1s all\u00e1 de los ingresos y los puestos de trabajo derivados de la producci\u00f3n forestal y el comercio de materias primas renovables y alimentos: los bosques tambi\u00e9n sostienen la agricultura familiar y comunitaria, mejoran la productividad agr\u00edcola y salvaguardan la salud de las cuencas hidrogr\u00e1ficas.&nbsp;<\/p>\n\n\n\n<p>En un momento en el que muchos pa\u00edses tratan de avanzar hacia una bioeconom\u00eda sostenible, los productos forestales ofrecen soluciones basadas en la naturaleza como sustitutos de materiales intensivos en carbono, al tiempo que generan nuevas oportunidades econ\u00f3micas.\u202f\u202f&nbsp;<\/p>\n\n\n\n<p>Los bosques son indispensables para econom\u00edas sanas, hoy y para las generaciones futuras.\u202f&nbsp;<\/p>\n\n\n\n<figure class=\"wp-block-embed is-type-rich is-provider-gestor-del-servicio wp-block-embed-gestor-del-servicio\"><div class=\"wp-block-embed__wrapper\">\nhttps:\/\/youtube.com\/watch?v=tB9ksL5lUw8%3Fsi%3DOuHNAkvECiWK__5R\n<\/div><\/figure>\n\n\n\n<h5 class=\"wp-block-heading\">D\u00eda Internacional de los Bosques 2026: Bosques y econom\u00edas \u2014 los bosques son un buen negocio.<\/h5>\n\n\n\n<h4 class=\"wp-block-heading\">\u00bfC\u00f3mo va a celebrar este d\u00eda?<\/h4>\n\n\n\n<ul class=\"wp-block-list\">\n<li>Organice o participe en una actividad en la que se rinda homenaje a los bosques, como la plantaci\u00f3n de un \u00e1rbol, un simposio, una exposici\u00f3n de arte o un concurso fotogr\u00e1fico.<\/li>\n\n\n\n<li>\u00a1Participe en\u00a0<a href=\"https:\/\/www.fao.org\/international-day-of-forests\/photo-contest\/es\">el concurso fotogr\u00e1fico del D\u00eda Internacional de los Bosques<\/a>!\u00a0<\/li>\n\n\n\n<li>Comparta\u00a0<a href=\"https:\/\/digital-media.fao.org\/Folder\/2A6XC5LI26AP\" target=\"_blank\" rel=\"noreferrer noopener\">el logo, el cartel y los p\u00f3steres<\/a>.<\/li>\n\n\n\n<li>No olvide cont\u00e1rnoslo: escr\u00edbanos a la direcci\u00f3n\u00a0<a href=\"mailto:idf@fao.org\" target=\"_blank\" rel=\"noreferrer noopener\">IDF@fao.org<\/a>\u00a0y env\u00edenos fotograf\u00edas, para que podamos incluir su actividad en\u00a0\u00a0<a href=\"https:\/\/www.fao.org\/international-day-of-forests\/events\/es\">la lista de actos<\/a>\u00a0que tendr\u00e1n lugar en todo el mundo.<\/li>\n\n\n\n<li>\u00danase a la conversaci\u00f3n sobre el tema en los medios sociales, utilizando la etiqueta<strong>\u00a0#ForestDay<\/strong>, para ver\u00a0los mensajes\u00a0m\u00e1s destacados, o tome una foto de su bosque preferido y comp\u00e1rtala con sus amigos.<\/li>\n<\/ul>\n\n\n\n<p><\/p>\n\n\n\n<p><\/p>\n\n\n\n<p>fao.org<\/p>\n","protected":false},"excerpt":{"rendered":"<p>En 2012, la Asamblea General de las Naciones Unidas proclam\u00f3 el 21 de marzo como el D\u00eda Internacional de los Bosques. Mediante esta celebraci\u00f3n se rinde homenaje a la importancia de todos los tipos de bosques y se intenta generar conciencia al respecto. Cada vez que se conmemora el D\u00eda Internacional de los Bosques, se [&hellip;]<\/p>\n","protected":false},"author":1,"featured_media":205712,"comment_status":"open","ping_status":"open","sticky":false,"template":"","format":"standard","meta":{"_acf_changed":false,"_jetpack_memberships_contains_paid_content":false,"footnotes":"","jetpack_publicize_message":"","jetpack_publicize_feature_enabled":true,"jetpack_social_post_already_shared":true,"jetpack_social_options":{"image_generator_settings":{"template":"highway","default_image_id":0,"font":"","enabled":false},"version":2}},"categories":[108],"tags":[],"class_list":["post-205710","post","type-post","status-publish","format-standard","has-post-thumbnail","hentry","category-dia-mundial"],"acf":[],"jetpack_publicize_connections":[],"jetpack_featured_media_url":"https:\/\/i0.wp.com\/sportseco.com\/wp-content\/uploads\/2026\/03\/idf26-visual_banner_2100x982px_def_6-languages_es.png?fit=2010%2C982&ssl=1","jetpack_sharing_enabled":true,"_links":{"self":[{"href":"https:\/\/sportseco.com\/index.php?rest_route=\/wp\/v2\/posts\/205710","targetHints":{"allow":["GET"]}}],"collection":[{"href":"https:\/\/sportseco.com\/index.php?rest_route=\/wp\/v2\/posts"}],"about":[{"href":"https:\/\/sportseco.com\/index.php?rest_route=\/wp\/v2\/types\/post"}],"author":[{"embeddable":true,"href":"https:\/\/sportseco.com\/index.php?rest_route=\/wp\/v2\/users\/1"}],"replies":[{"embeddable":true,"href":"https:\/\/sportseco.com\/index.php?rest_route=%2Fwp%2Fv2%2Fcomments&post=205710"}],"version-history":[{"count":1,"href":"https:\/\/sportseco.com\/index.php?rest_route=\/wp\/v2\/posts\/205710\/revisions"}],"predecessor-version":[{"id":205713,"href":"https:\/\/sportseco.com\/index.php?rest_route=\/wp\/v2\/posts\/205710\/revisions\/205713"}],"wp:featuredmedia":[{"embeddable":true,"href":"https:\/\/sportseco.com\/index.php?rest_route=\/wp\/v2\/media\/205712"}],"wp:attachment":[{"href":"https:\/\/sportseco.com\/index.php?rest_route=%2Fwp%2Fv2%2Fmedia&parent=205710"}],"wp:term":[{"taxonomy":"category","embeddable":true,"href":"https:\/\/sportseco.com\/index.php?rest_route=%2Fwp%2Fv2%2Fcategories&post=205710"},{"taxonomy":"post_tag","embeddable":true,"href":"https:\/\/sportseco.com\/index.php?rest_route=%2Fwp%2Fv2%2Ftags&post=205710"}],"curies":[{"name":"wp","href":"https:\/\/api.w.org\/{rel}","templated":true}]}}