{"id":205876,"date":"2026-03-24T08:25:59","date_gmt":"2026-03-24T12:25:59","guid":{"rendered":"https:\/\/sportseco.com\/?p=205876"},"modified":"2026-03-24T08:25:59","modified_gmt":"2026-03-24T12:25:59","slug":"dia-internacional-del-derecho-a-la-verdad-en-relacion-con-violaciones-graves-de-los-derechos-humanos-y-la-dignidad-de-las-victimas-24-de-marzo","status":"publish","type":"post","link":"https:\/\/sportseco.com\/?p=205876","title":{"rendered":"D\u00eda Internacional del Derecho a la Verdad en relaci\u00f3n con Violaciones Graves de los Derechos Humanos y la Dignidad de las V\u00edctimas, 24 de marzo"},"content":{"rendered":"\n<p><img data-recalc-dims=\"1\" decoding=\"async\" src=\"https:\/\/i0.wp.com\/www.un.org\/sites\/un2.un.org\/files\/styles\/banner-image-style-27-10\/public\/2021\/04\/right-to-the-truth.jpg?w=640&#038;ssl=1\" alt=\"Composici\u00f3n fotogr\u00e1fica. A la izquierda hay una foto de velas y coronas. A la derecha hay una foto del arzobispo \u00d3scar Arnulfo Romero.\"\/><\/p>\n\n\n\n<blockquote class=\"wp-block-quote is-layout-flow wp-block-quote-is-layout-flow\">\n<p>Al reconocer el valor de los defensores de los derechos humanos en todo el mundo, debemos comprometernos a proteger a quienes buscan la verdad y la justicia y proporcionar a las v\u00edctimas recursos eficaces y devolverles su dignidad.<small>Secretario General de las Naciones Unidas, Ant\u00f3nio Guterres<\/small><\/p>\n<\/blockquote>\n\n\n\n<h2 class=\"wp-block-heading\">El derecho a la verdad<\/h2>\n\n\n\n<p>El derecho a la verdad se invoca a menudo en el contexto de las violaciones manifiestas de los derechos humanos y las infracciones graves del derecho humanitario. Las v\u00edctimas y los parientes de v\u00edctimas de ejecuciones sumarias, desapariciones forzadas, desapariciones, secuestro de menores o torturas exigen saber qu\u00e9 sucedi\u00f3. El derecho a la verdad entra\u00f1a tener un conocimiento pleno y completo de los actos que se produjeron, las personas que participaron en ellos y las circunstancias espec\u00edficas, en particular de las violaciones perpetradas y su motivaci\u00f3n.<\/p>\n\n\n\n<h3 class=\"wp-block-heading\">D\u00eda Internacional<\/h3>\n\n\n\n<p>Cada 24 de marzo celebramos el D\u00eda Internacional del Derecho a la Verdad en relaci\u00f3n con Violaciones Graves de los Derechos Humanos y de la Dignidad de las V\u00edctimas.<\/p>\n\n\n\n<p>Con dicho D\u00eda Internacional rendimos homenaje cada a\u00f1o a la memoria de Monse\u00f1or \u00d3scar Arnulfo Romero, asesinado el 24 de marzo de 1980. Monse\u00f1or Romero denunci\u00f3 activamente las violaciones de los derechos humanos de las personas m\u00e1s vulnerables de El Salvador.<\/p>\n\n\n\n<h3 class=\"wp-block-heading\">La raz\u00f3n de celebrar el d\u00eda<\/h3>\n\n\n\n<p>El prop\u00f3sito del D\u00eda es:<\/p>\n\n\n\n<ul class=\"wp-block-list\">\n<li>Promover la memoria de las v\u00edctimas de violaciones graves y sistem\u00e1ticas de los derechos humanos y la importancia del derecho a la verdad y la justicia;<\/li>\n\n\n\n<li>Rendir tributo a quienes han dedicado su vida a la lucha por promover y proteger los derechos humanos de todos y a quienes la han perdido en su empe\u00f1o;<\/li>\n\n\n\n<li>Reconocer, en particular, la importante labor y los valores del salvadore\u00f1o Monse\u00f1or \u00d3scar Arnulfo Romero, promotor y defensor de los derechos humanos en su pa\u00eds. Su labor fue reconocida internacionalmente gracias a sus mensajes, en los que denunci\u00f3 violaciones de los derechos humanos de las poblaciones m\u00e1s vulnerables en el contexto de conflictos armados. Como humanista y defensor de la dignidad del ser humano, sus llamamientos constantes al di\u00e1logo y su oposici\u00f3n a toda forma de violencia para evitar el enfrentamiento armado le costaron la vida el 24 de marzo de 1980.<\/li>\n<\/ul>\n\n\n\n<h3 class=\"wp-block-heading\">Antecedentes<\/h3>\n\n\n\n<p>El 21 de diciembre de 2010, la Asamblea General de las Naciones Unidas&nbsp;<a href=\"https:\/\/undocs.org\/es\/A\/RES\/65\/196\">proclam\u00f3 el 24 de marzo<\/a>&nbsp;como D\u00eda Internacional del Derecho a la Verdad en relaci\u00f3n con Violaciones Graves de los Derechos Humanos y de la Dignidad de las V\u00edctimas.<\/p>\n\n\n\n<p>El d\u00eda se eligi\u00f3 coincidiendo con la fecha en la que el arzobispo salvadore\u00f1o \u00d3scar Arnulfo Romero fue asesinado tras denunciar casos de violaci\u00f3n de los derechos humanos.<\/p>\n\n\n\n<p>En el&nbsp;<a href=\"https:\/\/undocs.org\/es\/E\/CN.4\/2006\/91\">estudio realizado en 2006<\/a>, la Oficina del Alto Comisionado para los Derechos Humanos (ACNUDH) concluye que el derecho a conocer la verdad acerca de las violaciones manifiestas de los derechos humanos y las infracciones graves de las normas de derechos humanos es un derecho aut\u00f3nomo e inalienable, vinculado a la obligaci\u00f3n y el deber del Estado de proteger y garantizar los derechos humanos, realizar investigaciones eficaces y velar para que haya recursos efectivos y se obtenga reparaci\u00f3n.<\/p>\n\n\n\n<p>En el estudio se afirma que el derecho a la verdad entra\u00f1a tener un conocimiento pleno y completo de los actos que se produjeron, las personas que participaron en ellos y las circunstancias espec\u00edficas, en particular de las violaciones perpetradas y su motivaci\u00f3n.<\/p>\n\n\n\n<p>En el&nbsp;<a href=\"https:\/\/undocs.org\/es\/A\/HRC\/12\/19\">informe<\/a>&nbsp;de la Oficina del Alto Comisionado de las Naciones Unidas para los Derechos Humanos, de 2009, sobre \u00abEl derecho a la verdad\u00bb, incluye un estudio sobre las pr\u00e1cticas \u00f3ptimas para el ejercicio efectivo del derecho a la verdad, en particular las pr\u00e1cticas relacionadas con los archivos y los expedientes de violaciones manifiestas de los derechos humanos, as\u00ed como los programas de protecci\u00f3n de los testigos y otras personas que tomen parte en juicios por tales violaciones.<\/p>\n\n\n\n<p>La Comisi\u00f3n de la Verdad para El Salvador se estableci\u00f3 de conformidad con los Acuerdos de M\u00e9xico de 27 de abril de 1991 para investigar los graves hechos de violencia ocurridos desde 1980 y cuyo impacto sobre la sociedad reclamara con mayor urgencia el conocimiento de la verdad. En su&nbsp;<a href=\"https:\/\/undocs.org\/es\/S\/25500\">informe de 15 de marzo de 1993<\/a>, la Comisi\u00f3n document\u00f3 los hechos del asesinato de Monse\u00f1or \u00d3scar Arnulfo Romero por las fuerzas pro gubernamentales, los llamados \u00abescuadrones de la muerte\u00bb. \u00c9l fue asesinado a tiros por un francotirador mientras celebraba una misa el 24 de marzo de 1980.<\/p>\n\n\n\n<p><\/p>\n\n\n\n<p>un.org<\/p>\n","protected":false},"excerpt":{"rendered":"<p>Al reconocer el valor de los defensores de los derechos humanos en todo el mundo, debemos comprometernos a proteger a quienes buscan la verdad y la justicia y proporcionar a las v\u00edctimas recursos eficaces y devolverles su dignidad.Secretario General de las Naciones Unidas, Ant\u00f3nio Guterres El derecho a la verdad El derecho a la verdad [&hellip;]<\/p>\n","protected":false},"author":1,"featured_media":205877,"comment_status":"open","ping_status":"open","sticky":false,"template":"","format":"standard","meta":{"_acf_changed":false,"_jetpack_memberships_contains_paid_content":false,"footnotes":"","jetpack_publicize_message":"","jetpack_publicize_feature_enabled":true,"jetpack_social_post_already_shared":true,"jetpack_social_options":{"image_generator_settings":{"template":"highway","default_image_id":0,"font":"","enabled":false},"version":2}},"categories":[108],"tags":[],"class_list":["post-205876","post","type-post","status-publish","format-standard","has-post-thumbnail","hentry","category-dia-mundial"],"acf":[],"jetpack_publicize_connections":[],"jetpack_featured_media_url":"https:\/\/i0.wp.com\/sportseco.com\/wp-content\/uploads\/2026\/03\/right-to-the-truth.jpg?fit=1350%2C500&ssl=1","jetpack_sharing_enabled":true,"_links":{"self":[{"href":"https:\/\/sportseco.com\/index.php?rest_route=\/wp\/v2\/posts\/205876","targetHints":{"allow":["GET"]}}],"collection":[{"href":"https:\/\/sportseco.com\/index.php?rest_route=\/wp\/v2\/posts"}],"about":[{"href":"https:\/\/sportseco.com\/index.php?rest_route=\/wp\/v2\/types\/post"}],"author":[{"embeddable":true,"href":"https:\/\/sportseco.com\/index.php?rest_route=\/wp\/v2\/users\/1"}],"replies":[{"embeddable":true,"href":"https:\/\/sportseco.com\/index.php?rest_route=%2Fwp%2Fv2%2Fcomments&post=205876"}],"version-history":[{"count":1,"href":"https:\/\/sportseco.com\/index.php?rest_route=\/wp\/v2\/posts\/205876\/revisions"}],"predecessor-version":[{"id":205878,"href":"https:\/\/sportseco.com\/index.php?rest_route=\/wp\/v2\/posts\/205876\/revisions\/205878"}],"wp:featuredmedia":[{"embeddable":true,"href":"https:\/\/sportseco.com\/index.php?rest_route=\/wp\/v2\/media\/205877"}],"wp:attachment":[{"href":"https:\/\/sportseco.com\/index.php?rest_route=%2Fwp%2Fv2%2Fmedia&parent=205876"}],"wp:term":[{"taxonomy":"category","embeddable":true,"href":"https:\/\/sportseco.com\/index.php?rest_route=%2Fwp%2Fv2%2Fcategories&post=205876"},{"taxonomy":"post_tag","embeddable":true,"href":"https:\/\/sportseco.com\/index.php?rest_route=%2Fwp%2Fv2%2Ftags&post=205876"}],"curies":[{"name":"wp","href":"https:\/\/api.w.org\/{rel}","templated":true}]}}