{"id":205931,"date":"2026-03-25T08:34:33","date_gmt":"2026-03-25T12:34:33","guid":{"rendered":"https:\/\/sportseco.com\/?p=205931"},"modified":"2026-03-25T08:34:33","modified_gmt":"2026-03-25T12:34:33","slug":"dia-internacional-en-recuerdo-de-las-victimas-de-la-esclavitud-y-la-trata-transatlantica-de-esclavos-25-de-marzo-2","status":"publish","type":"post","link":"https:\/\/sportseco.com\/?p=205931","title":{"rendered":"D\u00eda Internacional en Recuerdo de las V\u00edctimas de la Esclavitud y la Trata Transatl\u00e1ntica de Esclavos, 25 de marzo"},"content":{"rendered":"\n<p><img data-recalc-dims=\"1\" decoding=\"async\" src=\"https:\/\/i0.wp.com\/www.un.org\/sites\/un2.un.org\/files\/styles\/banner-image-style-27-10\/public\/2026\/02\/hero_2026_tsd.jpg?w=640&#038;ssl=1\" alt=\"Una mujer tocando el Arca del Retorno, mirando el mapa de \u00c1frica. \"\/><\/p>\n\n\n\n<h2 class=\"wp-block-heading\">Justicia en acci\u00f3n: afrontar la historia, promover la dignidad, empoderar el futuro<\/h2>\n\n\n\n<p>El comercio transatl\u00e1ntico de esclavos africanos fue uno de los cr\u00edmenes m\u00e1s graves de la historia. Millones de hombres, mujeres y ni\u00f1os fueron arrebatados violentamente de sus hogares, se les neg\u00f3 su humanidad y tuvieron que soportar generaciones de explotaci\u00f3n. Las ideolog\u00edas racistas que justificaron este crimen se afianzaron en las instituciones y las sociedades, dando lugar a desigualdades que todav\u00eda perduran.<\/p>\n\n\n\n<p>El tema de este a\u00f1o, \u00abJusticia en acci\u00f3n\u00bb, invita a la comunidad internacional a afrontar esta historia con honestidad y a reconocer su impacto prolongado. Para promover la dignidad, es necesario transformar los sistemas que perpet\u00faan la discriminaci\u00f3n y garantizar la protecci\u00f3n y el respeto de los derechos de las comunidades afrodescendientes.<\/p>\n\n\n\n<h3 class=\"wp-block-heading\">Un d\u00eda centrado en educar sobre lo ocurrido<\/h3>\n\n\n\n<p>El D\u00eda Internacional en Recuerdo de las V\u00edctimas de la Esclavitud y la Trata Transatl\u00e1ntica de Esclavos es un momento de reflexi\u00f3n. Pero tambi\u00e9n es un momento para la educaci\u00f3n. A pesar de los mitos que dicen lo contrario, los africanos esclavizados enriquecieron a las Am\u00e9ricas no s\u00f3lo mediante su trabajo sino tambi\u00e9n mediante la transferencia de habilidades y conocimientos vitales. Adem\u00e1s, en lugar de aceptar su destino, destacaron por su poderoso movimiento de resistencia.<\/p>\n\n\n\n<p>Las Naciones Unidas trabajan para resaltar estas historias a trav\u00e9s de su&nbsp;<a href=\"https:\/\/www.un.org\/es\/rememberslavery\">Programa de Difusi\u00f3n sobre la Trata Transatl\u00e1ntica de Esclavos y la Esclavitud<\/a>, administrado por el&nbsp;<a href=\"https:\/\/www.un.org\/es\/department-global-communications\/outreach\">Departamento de Comunicaci\u00f3n Global<\/a>, y el proyecto<em>&nbsp;<\/em><a href=\"https:\/\/www.unesco.org\/es\/routes-enslaved-peoples\">Las Rutas de las personas esclavizadas<\/a>, dirigido por la Oficina de las Naciones Unidas para la Educaci\u00f3n, la Ciencia y la Cultura. Organizaci\u00f3n (<a href=\"https:\/\/www.unesco.org\/es\">UNESCO<\/a>).<\/p>\n\n\n\n<p>https:\/\/youtube.com\/watch?v=diH_feFTBOs%3Fsi%3DAObJQmHvRmnJ45qh%26enablejsapi%3D1%26origin%3Dhttps%253A%252F%252Fwww.un.org<\/p>\n\n\n\n<h3 class=\"wp-block-heading\">\u00bfC\u00f3mo surgi\u00f3 este d\u00eda?<\/h3>\n\n\n\n<p>En 2006, la Asamblea General de las Naciones Unidas, mediante su&nbsp;<a href=\"http:\/\/undocs.org\/es\/a\/res\/61\/19\">resoluci\u00f3n 61\/19<\/a>, reconoci\u00f3 que \u201cla trata de esclavos y la esclavitud se encuentran entre las peores violaciones de los derechos humanos en la historia de la humanidad, teniendo en cuenta particularmente su escala y duraci\u00f3n\u201d y design\u00f3 el 25 de marzo de 2007 como<em>&nbsp;<\/em>D\u00eda Internacional de Conmemoraci\u00f3n del Bicentenario de la Abolici\u00f3n de la Trata Transatl\u00e1ntica de Esclavos. Al a\u00f1o siguiente, mediante la&nbsp;<a href=\"https:\/\/undocs.org\/es\/A\/RES\/62\/122\">resoluci\u00f3n 62\/122<\/a>, design\u00f3 el 25 de marzo como<em>&nbsp;<\/em>D\u00eda Internacional en Recuerdo de las V\u00edctimas de la Esclavitud y la Trata Transatl\u00e1ntica de Esclavos, y se celebr\u00f3 por primera vez en 2008.<\/p>\n\n\n\n<h3 class=\"wp-block-heading\">\u00bfPor qu\u00e9 el 25 de marzo?<\/h3>\n\n\n\n<p>La Ley de Abolici\u00f3n de la Trata de Esclavos se aprob\u00f3 en el Reino Unido el 25 de marzo de 1807. A partir de ese d\u00eda, \u201ctodo tipo de trato y lectura en la compra, venta, trueque o transferencia de esclavos o de personas que pretendan ser vendidos, transferidos, utilizados o tratados como esclavos, practicados o transportados en, en o desde cualquier parte de la costa o pa\u00edses de \u00c1frica ser\u00e1n abolidos, prohibidos y declarados ilegales\u201d.<\/p>\n\n\n\n<p>Sin embargo, si bien la ley aboli\u00f3 el comercio transatl\u00e1ntico de africanos esclavizados, no aboli\u00f3 la esclavitud, que continu\u00f3 durante d\u00e9cadas. La abolici\u00f3n se produjo tras poderosos y sostenidos actos de resistencia por parte de africanos esclavizados, incluida la revoluci\u00f3n haitiana, que condujo al establecimiento en 1804 de la Rep\u00fablica de Hait\u00ed, la primera naci\u00f3n en independizarse como resultado de la lucha de mujeres y hombres esclavizados.<\/p>\n\n\n\n<p><\/p>\n\n\n\n<p>un.org<\/p>\n","protected":false},"excerpt":{"rendered":"<p>Justicia en acci\u00f3n: afrontar la historia, promover la dignidad, empoderar el futuro El comercio transatl\u00e1ntico de esclavos africanos fue uno de los cr\u00edmenes m\u00e1s graves de la historia. Millones de hombres, mujeres y ni\u00f1os fueron arrebatados violentamente de sus hogares, se les neg\u00f3 su humanidad y tuvieron que soportar generaciones de explotaci\u00f3n. Las ideolog\u00edas racistas [&hellip;]<\/p>\n","protected":false},"author":1,"featured_media":205932,"comment_status":"open","ping_status":"open","sticky":false,"template":"","format":"standard","meta":{"_acf_changed":false,"_jetpack_memberships_contains_paid_content":false,"footnotes":"","jetpack_publicize_message":"","jetpack_publicize_feature_enabled":true,"jetpack_social_post_already_shared":true,"jetpack_social_options":{"image_generator_settings":{"template":"highway","default_image_id":0,"font":"","enabled":false},"version":2}},"categories":[108],"tags":[],"class_list":["post-205931","post","type-post","status-publish","format-standard","has-post-thumbnail","hentry","category-dia-mundial"],"acf":[],"jetpack_publicize_connections":[],"jetpack_featured_media_url":"https:\/\/i0.wp.com\/sportseco.com\/wp-content\/uploads\/2026\/03\/hero_2026_tsd.jpg?fit=1350%2C500&ssl=1","jetpack_sharing_enabled":true,"_links":{"self":[{"href":"https:\/\/sportseco.com\/index.php?rest_route=\/wp\/v2\/posts\/205931","targetHints":{"allow":["GET"]}}],"collection":[{"href":"https:\/\/sportseco.com\/index.php?rest_route=\/wp\/v2\/posts"}],"about":[{"href":"https:\/\/sportseco.com\/index.php?rest_route=\/wp\/v2\/types\/post"}],"author":[{"embeddable":true,"href":"https:\/\/sportseco.com\/index.php?rest_route=\/wp\/v2\/users\/1"}],"replies":[{"embeddable":true,"href":"https:\/\/sportseco.com\/index.php?rest_route=%2Fwp%2Fv2%2Fcomments&post=205931"}],"version-history":[{"count":1,"href":"https:\/\/sportseco.com\/index.php?rest_route=\/wp\/v2\/posts\/205931\/revisions"}],"predecessor-version":[{"id":205933,"href":"https:\/\/sportseco.com\/index.php?rest_route=\/wp\/v2\/posts\/205931\/revisions\/205933"}],"wp:featuredmedia":[{"embeddable":true,"href":"https:\/\/sportseco.com\/index.php?rest_route=\/wp\/v2\/media\/205932"}],"wp:attachment":[{"href":"https:\/\/sportseco.com\/index.php?rest_route=%2Fwp%2Fv2%2Fmedia&parent=205931"}],"wp:term":[{"taxonomy":"category","embeddable":true,"href":"https:\/\/sportseco.com\/index.php?rest_route=%2Fwp%2Fv2%2Fcategories&post=205931"},{"taxonomy":"post_tag","embeddable":true,"href":"https:\/\/sportseco.com\/index.php?rest_route=%2Fwp%2Fv2%2Ftags&post=205931"}],"curies":[{"name":"wp","href":"https:\/\/api.w.org\/{rel}","templated":true}]}}