{"id":207199,"date":"2026-04-19T08:29:43","date_gmt":"2026-04-19T12:29:43","guid":{"rendered":"https:\/\/sportseco.com\/?p=207199"},"modified":"2026-04-19T08:29:43","modified_gmt":"2026-04-19T12:29:43","slug":"dia-mundial-de-la-bicicleta-no-oficial19-de-abril","status":"publish","type":"post","link":"https:\/\/sportseco.com\/?p=207199","title":{"rendered":"D\u00eda Mundial de la Bicicleta (no oficial)19 de abril"},"content":{"rendered":"\n<p>Si bien,&nbsp;<strong>la ONU ha promulgado el 3 de junio como el<\/strong>&nbsp;<a href=\"https:\/\/www.diainternacionalde.com\/ficha\/dia-mundial-de-la-bicicleta\">D\u00eda Mundial de la Bicicleta<\/a>, no podemos ignorar el hecho de que este d\u00eda se ha celebrado tradicionalmente el 19 de abril, con el objetivo de promover el uso de este medio de transporte sostenible, sano y divertido, y concienciar sobre los derechos de los ciclistas.<\/p>\n\n\n\n<p>Pero el&nbsp;<strong>D\u00eda Mundial de la Bicicleta<\/strong>&nbsp;con fecha de 19 de abril, lejos de ser una fecha oficial, tiene una curiosa historia detr\u00e1s, que te sorprender\u00e1 seguro.<\/p>\n\n\n\n<figure class=\"wp-block-embed is-type-rich is-provider-gestor-del-servicio wp-block-embed-gestor-del-servicio wp-embed-aspect-16-9 wp-has-aspect-ratio\"><div class=\"wp-block-embed__wrapper\">\n<iframe loading=\"lazy\" title=\"19 de abril, D\u00eda Mundial de la Bicicleta\" width=\"640\" height=\"360\" src=\"https:\/\/www.youtube.com\/embed\/Ed4NSrZ41CM?feature=oembed\" frameborder=\"0\" allow=\"accelerometer; autoplay; clipboard-write; encrypted-media; gyroscope; picture-in-picture; web-share\" referrerpolicy=\"strict-origin-when-cross-origin\" allowfullscreen><\/iframe>\n<\/div><\/figure>\n\n\n\n<h2 class=\"wp-block-heading\">Curiosa historia del LSD vinculada a la bicicleta<\/h2>\n\n\n\n<p>La fecha hace referencia al 19 de abril de 1943 cuando&nbsp;<strong><em>Albert Hofmann<\/em><\/strong>, conocido como el&nbsp;<em>padre del LSD<\/em>, realizara en su laboratorio un experimento en el que ingiri\u00f3 0,25 miligramos de \u00e1cido lis\u00e9rgico (LSD) para ver sus efectos y tuvo que volver a casa en bicicleta porque a consecuencia de la guerra no estaba permitido el desplazamiento en veh\u00edculos a motor.<\/p>\n\n\n\n<p><\/p>\n\n\n\n<p>En ese viaje tuvo algunos problemas y acab\u00f3 en el m\u00e9dico porque pensaba que la sustancia lo hab\u00eda envenenado. Despu\u00e9s de algunos efectos de terror, empez\u00f3 a sentir disfrute y buenas sensaciones. Y finalmente acab\u00f3 bien.<\/p>\n\n\n\n<p>Hofmann hab\u00eda descubierto una sustancia que pens\u00f3 que podr\u00eda tener aplicaci\u00f3n en el mundo de la psiquiatr\u00eda, por sus efectos introspectivos, aunque nunca pens\u00f3 que nadie lo usar\u00eda de modo recreativo.<\/p>\n\n\n\n<p>Pero realmente la primera vez que se celebr\u00f3 el&nbsp;<strong>D\u00eda Mundial de la Bicicleta<\/strong>&nbsp;fue en&nbsp;<em>DeKalb<\/em>, una ciudad estadounidense del estado de Illinois, en 1985. El profesor de Universidad Thomas B. Roberts quiso conmemorar la primera experiencia de Hofmann con el&nbsp;<em>LSD<\/em>.<\/p>\n\n\n\n<p><strong>\u00bfA que no te esperabas esta curiosa correlaci\u00f3n entre la bicicleta y el LSD?<\/strong><\/p>\n\n\n\n<p>Visita el&nbsp;<a href=\"https:\/\/www.diainternacionalde.com\/ficha\/dia-mundial-de-la-bicicleta\">D\u00eda Mundial de la Bicicleta oficial promulgado por la ONU<\/a>, para saber m\u00e1s sobre este interesante tema.<\/p>\n\n\n\n<p><\/p>\n\n\n\n<p><\/p>\n\n\n\n<p>diainternacionalde.com<\/p>\n","protected":false},"excerpt":{"rendered":"<p>Si bien,&nbsp;la ONU ha promulgado el 3 de junio como el&nbsp;D\u00eda Mundial de la Bicicleta, no podemos ignorar el hecho de que este d\u00eda se ha celebrado tradicionalmente el 19 de abril, con el objetivo de promover el uso de este medio de transporte sostenible, sano y divertido, y concienciar sobre los derechos de los [&hellip;]<\/p>\n","protected":false},"author":1,"featured_media":207200,"comment_status":"open","ping_status":"open","sticky":false,"template":"","format":"standard","meta":{"_acf_changed":false,"_jetpack_memberships_contains_paid_content":false,"footnotes":"","jetpack_publicize_message":"","jetpack_publicize_feature_enabled":true,"jetpack_social_post_already_shared":true,"jetpack_social_options":{"image_generator_settings":{"template":"highway","default_image_id":0,"font":"","enabled":false},"version":2}},"categories":[108],"tags":[],"class_list":["post-207199","post","type-post","status-publish","format-standard","has-post-thumbnail","hentry","category-dia-mundial"],"acf":[],"jetpack_publicize_connections":[],"jetpack_featured_media_url":"https:\/\/i0.wp.com\/sportseco.com\/wp-content\/uploads\/2026\/04\/04-19_dia-mundial-de-la-bicicleta.jpg?fit=305%2C203&ssl=1","jetpack_sharing_enabled":true,"_links":{"self":[{"href":"https:\/\/sportseco.com\/index.php?rest_route=\/wp\/v2\/posts\/207199","targetHints":{"allow":["GET"]}}],"collection":[{"href":"https:\/\/sportseco.com\/index.php?rest_route=\/wp\/v2\/posts"}],"about":[{"href":"https:\/\/sportseco.com\/index.php?rest_route=\/wp\/v2\/types\/post"}],"author":[{"embeddable":true,"href":"https:\/\/sportseco.com\/index.php?rest_route=\/wp\/v2\/users\/1"}],"replies":[{"embeddable":true,"href":"https:\/\/sportseco.com\/index.php?rest_route=%2Fwp%2Fv2%2Fcomments&post=207199"}],"version-history":[{"count":1,"href":"https:\/\/sportseco.com\/index.php?rest_route=\/wp\/v2\/posts\/207199\/revisions"}],"predecessor-version":[{"id":207201,"href":"https:\/\/sportseco.com\/index.php?rest_route=\/wp\/v2\/posts\/207199\/revisions\/207201"}],"wp:featuredmedia":[{"embeddable":true,"href":"https:\/\/sportseco.com\/index.php?rest_route=\/wp\/v2\/media\/207200"}],"wp:attachment":[{"href":"https:\/\/sportseco.com\/index.php?rest_route=%2Fwp%2Fv2%2Fmedia&parent=207199"}],"wp:term":[{"taxonomy":"category","embeddable":true,"href":"https:\/\/sportseco.com\/index.php?rest_route=%2Fwp%2Fv2%2Fcategories&post=207199"},{"taxonomy":"post_tag","embeddable":true,"href":"https:\/\/sportseco.com\/index.php?rest_route=%2Fwp%2Fv2%2Ftags&post=207199"}],"curies":[{"name":"wp","href":"https:\/\/api.w.org\/{rel}","templated":true}]}}