{"id":207209,"date":"2026-04-19T08:47:21","date_gmt":"2026-04-19T12:47:21","guid":{"rendered":"https:\/\/sportseco.com\/?p=207209"},"modified":"2026-04-19T08:47:21","modified_gmt":"2026-04-19T12:47:21","slug":"en-el-bulevar-del-rio-se-cerraron-con-exito-las-jornadas-por-el-mes-de-la-actividad-fisica","status":"publish","type":"post","link":"https:\/\/sportseco.com\/?p=207209","title":{"rendered":"En el Bulevar del R\u00edo se cerraron con \u00e9xito las jornadas por el \u2018Mes de la Actividad F\u00edsica\u2019"},"content":{"rendered":"\n<figure class=\"wp-block-image\"><img data-recalc-dims=\"1\" decoding=\"async\" src=\"https:\/\/i0.wp.com\/www.cali.gov.co\/info\/caligovco_se\/media\/pubInt\/thumbs\/thpubInt_700X400_192216.webp?w=640&#038;ssl=1\" alt=\"En el Bulevar del R\u00edo se cerraron con \u00e9xito las jornadas por el \u2018Mes de la Actividad F\u00edsica\u2019\" title=\"En el Bulevar del R\u00edo se cerraron con \u00e9xito las jornadas por el \u2018Mes de la Actividad F\u00edsica\u2019\"\/><\/figure>\n\n\n\n<p><strong>|&nbsp;<\/strong><em>El Bulevar del R\u00edo fue escenario de una jornada sabatina llena de energ\u00eda&nbsp;<\/em><em>y<\/em><em>&nbsp;participaci\u00f3n ciudadana. Familias y amigos se dieron cita para disfrutar una ma\u00f1ana&nbsp;<\/em><em>al mejor estilo cale\u00f1o.<\/em><br \/><br \/><em><strong>|<\/strong><\/em>&nbsp;<em>Las dos jornadas desarrolladas esta semana, en el Bulevar de Oriente y el Bulevar del R\u00edo, reunieron a cientos de ciudadanos en torno al deporte, la recreaci\u00f3n y la promoci\u00f3n de h\u00e1bitos de vida saludable. Se consolida el espacio p\u00fablico como escenario de bienestar e integraci\u00f3n.<\/em><\/p>\n\n\n\n<p><br \/><strong>Santiago de Cali, 18 de abril de 2026<\/strong><br \/><br \/>Con una amplia participaci\u00f3n de la ciudadan\u00eda, Cali vivi\u00f3 el s\u00e1bado (<em>18.04.2026<\/em>) la&nbsp;<em>segunda jornada<\/em>&nbsp;de la iniciativa que, a lo largo de la semana, se sum\u00f3 a la conmemoraci\u00f3n del&nbsp;<em><strong>\u2018Mes Mundial de la Actividad F\u00edsica\u2019<\/strong><\/em>. El encuentro se realiz\u00f3 en el&nbsp;<em><strong>Bulevar del R\u00edo<\/strong><\/em>, sector de la iglesia&nbsp;<em>La Ermita<\/em>, reafirmando este espacio como un punto clave para promover el bienestar y los h\u00e1bitos de vida saludable.<br \/><br \/>Desde tempranas horas, familias, j\u00f3venes y adultos mayores se dieron cita para disfrutar de una programaci\u00f3n pensada en torno al&nbsp;<em>movimiento, la recreaci\u00f3n y la integraci\u00f3n.<\/em><br \/><br \/>Esta jornada lleg\u00f3 despu\u00e9s de una primera parada igualmente exitosa, desarrollada el mi\u00e9rcoles (<em>15.04.2026<\/em>) en el&nbsp;<em>Bulevar de Oriente<\/em>, donde la comunidad, especialmente de la Comuna 14, respondi\u00f3 de manera masiva.<br \/><br \/>Bajo el nombre&nbsp;<em><strong>\u2018Act\u00edvate con Ritmo y Fuerza\u2019<\/strong><\/em>, la iniciativa ofreci\u00f3 actividades dirigidas de ejercicio, acompa\u00f1adas de m\u00fasica y din\u00e1micas recreativas. El&nbsp;<em>objetivo:<\/em>&nbsp;incentivar h\u00e1bitos saludables y fortalecer el tejido social, con el apoyo de la Secretar\u00eda del Deporte y la Recreaci\u00f3n Distrital.<br \/><br \/><strong>Pura \u2018Cultura Bulevar\u2019<\/strong><br \/><br \/>Las actividades se enmarcan en la iniciativa denominada&nbsp;<em><strong>\u2018Cultura Bulevar\u2019<\/strong><\/em>, promovida por la Unidad Administrativa Especial de Gesti\u00f3n de Bienes y Servicios, que busca fomentar el cuidado, la apropiaci\u00f3n y el uso adecuado del espacio p\u00fablico.<br \/><br \/><em>\u201cDesde el Bulevar del R\u00edo estuvimos activos a nivel de recreaci\u00f3n y deporte. Este es el mes de la actividad f\u00edsica que nos ayuda a todos. Son espacios que hay que aprovechar en estos puntos de encuentro. \u2018Cultura Bulevar\u2019 contin\u00faa recuperando el sentido de pertenencia por nuestra ciudad, articulados e integrados alrededor de la actividad f\u00edsica\u201d<\/em>, expres\u00f3 Noralba Garc\u00eda Moreno, directora de Bienes y Servicios.<br \/><br \/>Por su parte, Gerardo Velasco, coordinador del programa&nbsp;<em>\u2018Act\u00edvate\u2019<\/em>, de la Secretar\u00eda del Deporte, resalt\u00f3 la importancia de estas jornadas.&nbsp;<em>\u201cConmemoramos en el Bulevar del R\u00edo el \u2018Mes Mundial de la Actividad F\u00edsica y la Recreaci\u00f3n\u2019. Estos espacios son importantes para cuidar el bienestar de toda nuestra comunidad en Cali\u201d<\/em>, coment\u00f3.<br \/><br \/><strong>Gente contenta y saludable<\/strong><br \/><br \/><em>\u201cEstos espacios son incre\u00edblemente importantes porque ac\u00e1 la pasamos bien, nos recreamos y nos divertimos. Vean esa energ\u00eda, todo est\u00e1 s\u00faper: encantado de estar ac\u00e1\u201d<\/em>, manifest\u00f3 Larry Castillo, uno de los participantes.<br \/><br \/>En la misma l\u00ednea, Mar\u00eda Beatriz Hern\u00e1ndez, de la Comuna 11, destac\u00f3 la organizaci\u00f3n de la jornada.&nbsp;<em>\u201cLo que m\u00e1s me ha gustado es la actividad y la buena disposici\u00f3n de los monitores. Invit\u00e9 a varias compa\u00f1eras del grupo de gimnasia y vine con mi sobrina. Es importante la actividad f\u00edsica porque nos mantiene activos y nos permite estar en un ambiente diferente\u201d<\/em>, opin\u00f3.<br \/><br \/>La programaci\u00f3n recreativa tambi\u00e9n fue aprovechada por grupos comunitarios femeninos como&nbsp;<em>\u2018Las Karcachas\u2019<\/em>, liderado por Olga Luc\u00eda Melo.&nbsp;<em>\u201cSomos un grupo de amigas, mayores y j\u00f3venes. Nos encanta el ejercicio, la rumba y la alegr\u00eda, porque esto es sentirse viva. Nos gusta compartir y disfrutar estos espacios\u201d<\/em>, expres\u00f3.<br \/><br \/>As\u00ed, entre m\u00fasica, movimiento y participaci\u00f3n ciudadana, Cali sigue demostrando que sus bulevares son escenarios vivos, donde las diferentes expresiones de la sociedad convergen, se activan y construyen bienestar colectivo.<br \/><br \/><strong>Le puede interesar\u2026<\/strong><br \/>&#8211;&nbsp;<a href=\"https:\/\/www.cali.gov.co\/boletines\/publicaciones\/192202\/se-fortalece-la-gestion-de-comodatos-para-optimizar-el-uso-de-los-bienes-del-distrito\/\" target=\"_blank\" rel=\"noreferrer noopener\">Se fortalece la gesti\u00f3n de comodatos para optimizar el uso de los bienes del Distrito<\/a><br \/><br \/><\/p>\n\n\n\n<p><strong>Comunicaciones Unidad Administrativa Especial de Gesti\u00f3n de Bienes y Servicios<\/strong><\/p>\n\n\n\n<p>cali.gov.co<\/p>\n","protected":false},"excerpt":{"rendered":"<p>|&nbsp;El Bulevar del R\u00edo fue escenario de una jornada sabatina llena de energ\u00eda&nbsp;y&nbsp;participaci\u00f3n ciudadana. Familias y amigos se dieron cita para disfrutar una ma\u00f1ana&nbsp;al mejor estilo cale\u00f1o. |&nbsp;Las dos jornadas desarrolladas esta semana, en el Bulevar de Oriente y el Bulevar del R\u00edo, reunieron a cientos de ciudadanos en torno al deporte, la recreaci\u00f3n y [&hellip;]<\/p>\n","protected":false},"author":1,"featured_media":207210,"comment_status":"open","ping_status":"open","sticky":false,"template":"","format":"standard","meta":{"_acf_changed":false,"_jetpack_memberships_contains_paid_content":false,"footnotes":"","jetpack_publicize_message":"","jetpack_publicize_feature_enabled":true,"jetpack_social_post_already_shared":true,"jetpack_social_options":{"image_generator_settings":{"template":"highway","default_image_id":0,"font":"","enabled":false},"version":2}},"categories":[6],"tags":[],"class_list":["post-207209","post","type-post","status-publish","format-standard","has-post-thumbnail","hentry","category-ecologia"],"acf":[],"jetpack_publicize_connections":[],"jetpack_featured_media_url":"https:\/\/i0.wp.com\/sportseco.com\/wp-content\/uploads\/2026\/04\/thgaleria_700X400_343720.webp?fit=700%2C394&ssl=1","jetpack_sharing_enabled":true,"_links":{"self":[{"href":"https:\/\/sportseco.com\/index.php?rest_route=\/wp\/v2\/posts\/207209","targetHints":{"allow":["GET"]}}],"collection":[{"href":"https:\/\/sportseco.com\/index.php?rest_route=\/wp\/v2\/posts"}],"about":[{"href":"https:\/\/sportseco.com\/index.php?rest_route=\/wp\/v2\/types\/post"}],"author":[{"embeddable":true,"href":"https:\/\/sportseco.com\/index.php?rest_route=\/wp\/v2\/users\/1"}],"replies":[{"embeddable":true,"href":"https:\/\/sportseco.com\/index.php?rest_route=%2Fwp%2Fv2%2Fcomments&post=207209"}],"version-history":[{"count":1,"href":"https:\/\/sportseco.com\/index.php?rest_route=\/wp\/v2\/posts\/207209\/revisions"}],"predecessor-version":[{"id":207211,"href":"https:\/\/sportseco.com\/index.php?rest_route=\/wp\/v2\/posts\/207209\/revisions\/207211"}],"wp:featuredmedia":[{"embeddable":true,"href":"https:\/\/sportseco.com\/index.php?rest_route=\/wp\/v2\/media\/207210"}],"wp:attachment":[{"href":"https:\/\/sportseco.com\/index.php?rest_route=%2Fwp%2Fv2%2Fmedia&parent=207209"}],"wp:term":[{"taxonomy":"category","embeddable":true,"href":"https:\/\/sportseco.com\/index.php?rest_route=%2Fwp%2Fv2%2Fcategories&post=207209"},{"taxonomy":"post_tag","embeddable":true,"href":"https:\/\/sportseco.com\/index.php?rest_route=%2Fwp%2Fv2%2Ftags&post=207209"}],"curies":[{"name":"wp","href":"https:\/\/api.w.org\/{rel}","templated":true}]}}