{"id":207249,"date":"2026-04-19T14:41:40","date_gmt":"2026-04-19T18:41:40","guid":{"rendered":"https:\/\/sportseco.com\/?p=207249"},"modified":"2026-04-19T14:41:40","modified_gmt":"2026-04-19T18:41:40","slug":"clase-magistral-contra-el-stuttgart-el-fcb-se-asegura-el-campeonato-de-liga-antes-de-tiempo","status":"publish","type":"post","link":"https:\/\/sportseco.com\/?p=207249","title":{"rendered":"\u00a1Clase magistral contra el Stuttgart! El FCB se asegura el campeonato de liga antes de tiempo"},"content":{"rendered":"\n<ul class=\"wp-block-list\">\n<li><strong>El FC Bayern, campe\u00f3n alem\u00e1n de forma prematura<\/strong><\/li>\n\n\n\n<li><strong>Victoria contra el\u00a0Stuttgart<\/strong><\/li>\n\n\n\n<li><strong>Davies marca por primera vez tras su grave lesi\u00f3n<\/strong><\/li>\n<\/ul>\n\n\n\n<p>\u00a1El campe\u00f3n de Alemania es solo el FCB! \u00a1S\u00cd\u00cd\u00cd, el FC Bayern se asegur\u00f3 el domingo el t\u00edtulo de la Bundesliga antes de tiempo! Gracias a la victoria por 4-2 (3-1) en casa contra el VfB Stuttgart, los muniqueses ampliaron su ventaja sobre su perseguidor, el Borussia Dortmund, a 15 puntos, por lo que, a cuatro jornadas del final de la temporada, ya nadie puede desbancarlos de lo m\u00e1s alto de la tabla.<\/p>\n\n\n\n<h2 class=\"wp-block-heading\">Un furioso Bayern remonta ante el Stuttgart<\/h2>\n\n\n\n<figure class=\"wp-block-image\"><img data-recalc-dims=\"1\" decoding=\"async\" src=\"https:\/\/i0.wp.com\/img.fcbayern.com\/image\/upload\/f_auto\/q_auto\/ar_16%3A9%2Cc_fill%2Cg_custom%2Cw_1024\/v1776614742\/cms\/public\/images\/fcbayern-com\/homepage\/Saison-25-26\/Galerien\/Spiele\/fcb-vfb\/08-fcbayern-stuttgart-260419-mel.jpg?w=640&#038;ssl=1\" alt=\"\"\/><figcaption class=\"wp-element-caption\">\u00a9 FC Bayern<\/figcaption><\/figure>\n\n\n\n<p>En su estadio, el Allianz Arena, el Bayern se vio inicialmente por detr\u00e1s en el marcador frente al VfB, tras el gol de Chris F\u00fchrich (minuto 21) para el Stuttgart. Con tres goles de&nbsp;<a href=\"https:\/\/fcbayern.com\/es\/teams\/first-team\/raphael-guerreiro\">Rapha\u00ebl Guerreiro<\/a>&nbsp;(31&#8242;),&nbsp;<a href=\"https:\/\/fcbayern.com\/es\/teams\/first-team\/nicolas-jackson\">Nicolas Jackson<\/a>&nbsp;(33&#8242;) y&nbsp;<a href=\"https:\/\/fcbayern.com\/es\/teams\/first-team\/alphonso-davies\">Alphonso Davies<\/a>&nbsp;(37&#8242;) en tan solo seis minutos, el campe\u00f3n r\u00e9cord alem\u00e1n dio la vuelta al marcador hasta el 3-1. Tras el descanso,&nbsp;<a href=\"https:\/\/fcbayern.com\/es\/teams\/first-team\/harry-kane\">Harry Kane<\/a>&nbsp;(minuto 52) ampli\u00f3 la ventaja a 4-1, y en el minuto 88 Chema Andr\u00e9s logr\u00f3 maquillar el marcador para el Stuttgart.<\/p>\n\n\n\n<p><em>Hemos resumido las mejores jugadas del partido:<\/em><\/p>\n\n\n\n<h2 class=\"wp-block-heading\">Minuto 21: F\u00fchrich abre el marcador para el Stuttgart<\/h2>\n\n\n\n<figure class=\"wp-block-image\"><img data-recalc-dims=\"1\" decoding=\"async\" src=\"https:\/\/i0.wp.com\/img.fcbayern.com\/image\/upload\/f_auto\/q_auto\/ar_16%3A9%2Cc_fill%2Cg_custom%2Cw_1024\/v1776617789\/cms\/public\/images\/fcbayern-com\/homepage\/Saison-25-26\/Galerien\/Spiele\/fcb-vfb\/04-fcbayern-stuttgart-260419-get.jpg?w=640&#038;ssl=1\" alt=\"\"\/><figcaption class=\"wp-element-caption\">\u00a9 Getty Images<\/figcaption><\/figure>\n\n\n\n<p>Tras una primera parte muy igualada, con las primeras ocasiones de gol por parte de ambos equipos, el Stuttgart se adelant\u00f3 en el marcador en el minuto 21. Bilal El Khannouss habilit\u00f3 a F\u00fchrich, quien, desde la izquierda del \u00e1rea, marc\u00f3 el 0-1 con un disparo al palo largo.<\/p>\n\n\n\n<h2 class=\"wp-block-heading\">Minuto 31: Guerreiro marca el empate<\/h2>\n\n\n\n<figure class=\"wp-block-image\"><img data-recalc-dims=\"1\" decoding=\"async\" src=\"https:\/\/i0.wp.com\/img.fcbayern.com\/image\/upload\/f_auto\/q_auto\/ar_16%3A9%2Cc_fill%2Cg_custom%2Cw_1024\/v1776616197\/cms\/public\/images\/fcbayern-com\/homepage\/Saison-25-26\/Galerien\/Spiele\/fcb-vfb\/07-fcbayern-stuttgart-260419-mel.jpg?w=640&#038;ssl=1\" alt=\"\"\/><figcaption class=\"wp-element-caption\">\u00a9 FC Bayern<\/figcaption><\/figure>\n\n\n\n<p>\u00a1El empate! \u00a1Y qu\u00e9 magn\u00edfica jugada de&nbsp;<a href=\"https:\/\/fcbayern.com\/es\/teams\/first-team\/jamal-musiala\">Jamal Musiala<\/a>! El delantero parti\u00f3 por la banda izquierda, regate\u00f3 a dos jugadores del Stuttgart, se intern\u00f3 en el \u00e1rea y centr\u00f3. En el centro, Guerreiro empuj\u00f3 el bal\u00f3n al fondo de la red para poner el 1-1.<\/p>\n\n\n\n<h2 class=\"wp-block-heading\">Minuto 33: \u00a1DOBLE GOLPE! Jackson hace el 2-1<\/h2>\n\n\n\n<figure class=\"wp-block-image\"><img data-recalc-dims=\"1\" decoding=\"async\" src=\"https:\/\/i0.wp.com\/img.fcbayern.com\/image\/upload\/f_auto\/q_auto\/ar_16%3A9%2Cc_fill%2Cg_custom%2Cw_1024\/v1776616181\/cms\/public\/images\/fcbayern-com\/homepage\/Saison-25-26\/Galerien\/Spiele\/fcb-vfb\/09-fcbayern-stuttgart-260419-ima.jpg?w=640&#038;ssl=1\" alt=\"\"\/><figcaption class=\"wp-element-caption\">\u00a9 Imago<\/figcaption><\/figure>\n\n\n\n<p>\u00a1Remontada! \u00a1A los 96 segundos del empate, Nicol\u00e1s Jackson adelant\u00f3 al Bayern! Guerreiro le quit\u00f3 el bal\u00f3n al jugador del Stuttgart Finn Jeltsch y habilit\u00f3 a&nbsp;<a href=\"https:\/\/fcbayern.com\/es\/teams\/first-team\/luis-diaz\">Luis D\u00edaz<\/a>. Nuestro n\u00famero 14 mantuvo la calma ante la porter\u00eda y pas\u00f3 el bal\u00f3n en horizontal a Jackson. El delantero empuj\u00f3 el bal\u00f3n al fondo de la red del VfB, poniendo el 2-1 en el marcador.<\/p>\n\n\n\n<h2 class=\"wp-block-heading\">Minuto 37: DAVIES establece el 3-1<\/h2>\n\n\n\n<figure class=\"wp-block-image\"><img data-recalc-dims=\"1\" decoding=\"async\" src=\"https:\/\/i0.wp.com\/img.fcbayern.com\/image\/upload\/f_auto\/q_auto\/ar_16%3A9%2Cc_fill%2Cg_custom%2Cw_1024\/v1776617843\/cms\/public\/images\/fcbayern-com\/homepage\/Saison-25-26\/Galerien\/Spiele\/fcb-vfb\/12-fcbayern-stuttgart-260419-get.jpg?w=640&#038;ssl=1\" alt=\"\"\/><figcaption class=\"wp-element-caption\">\u00a9 Getty Images<\/figcaption><\/figure>\n\n\n\n<p>\u00a1IMPRESIONANTE! \u00a1El FCB golpe\u00f3 con frialdad! El Stuttgart no logr\u00f3 despejar el bal\u00f3n en el minuto 36 y Luis D\u00edaz se lo pas\u00f3 a Davies. El lateral izquierdo dispar\u00f3 y el defensa del VfB Jeff Chabot desvi\u00f3 desafortunadamente el bal\u00f3n hacia su propia porter\u00eda: \u00a13-1 para el Bayern! Para Davies fue su primer gol tras su rotura de ligamentos cruzados.<\/p>\n\n\n\n<h2 class=\"wp-block-heading\">Minuto 52: \u00a1KANE pone el 4-1!<\/h2>\n\n\n\n<figure class=\"wp-block-image\"><img data-recalc-dims=\"1\" decoding=\"async\" src=\"https:\/\/i0.wp.com\/img.fcbayern.com\/image\/upload\/f_auto\/q_auto\/ar_16%3A9%2Cc_fill%2Cg_custom%2Cw_1024\/v1776618485\/cms\/public\/images\/fcbayern-com\/homepage\/Saison-25-26\/Galerien\/Spiele\/fcb-vfb\/20-fcbayern-stuttgart-260419-ima.jpg?w=640&#038;ssl=1\" alt=\"\"\/><figcaption class=\"wp-element-caption\">\u00a9 Imago<\/figcaption><\/figure>\n\n\n\n<p>\u00a1Cuatro a uno! Tras un saque de esquina desde la banda derecha,&nbsp;<a href=\"https:\/\/fcbayern.com\/es\/teams\/first-team\/hiroki-ito\">Hiroki Ito<\/a>&nbsp;envi\u00f3 un centro raso desde la l\u00ednea de fondo hacia la porter\u00eda.&nbsp;<a href=\"https:\/\/fcbayern.com\/es\/teams\/first-team\/leon-goretzka\">Leon Goretzka<\/a>&nbsp;remat\u00f3 a bocajarro, pero Alexander N\u00fcbel detuvo el disparo en un primer momento. Sin embargo, el rebote le cay\u00f3 a Harry Kane, que hab\u00eda entrado en el descanso, y este no tuvo ning\u00fan problema en marcar su 32.\u00ba gol de la temporada desde tres metros.<\/p>\n\n\n\n<h2 class=\"wp-block-heading\">Minuto 70\/73: Urbig, sobresaliente; Mittelst\u00e4dt despeja ante Olise<\/h2>\n\n\n\n<figure class=\"wp-block-image\"><img data-recalc-dims=\"1\" decoding=\"async\" src=\"https:\/\/i0.wp.com\/img.fcbayern.com\/image\/upload\/f_auto\/q_auto\/ar_16%3A9%2Cc_fill%2Cg_custom%2Cw_1024\/v1776619243\/cms\/public\/images\/fcbayern-com\/homepage\/Saison-25-26\/Galerien\/Spiele\/fcb-vfb\/24-fcbayern-stuttgart-260419-get.jpg?w=640&#038;ssl=1\" alt=\"\"\/><figcaption class=\"wp-element-caption\">\u00a9 Getty Images<\/figcaption><\/figure>\n\n\n\n<p>\u00a1Menuda parada con el pie! Tras un contraataque del Stuttgart en el minuto 70, El Khannouss se qued\u00f3 solo dentro del \u00e1rea para rematar, pero Jonas Urbig sac\u00f3 el pie derecho a la velocidad del rayo y realiz\u00f3 una parada espectacular.<\/p>\n\n\n\n<p>Tres minutos m\u00e1s tarde, en el otro extremo del campo, Maximilian Mittelst\u00e4dt despej\u00f3 por los pelos de cabeza un disparo con efecto de Michael Olise justo en la l\u00ednea de gol.<\/p>\n\n\n\n<h2 class=\"wp-block-heading\">Minuto 88: Chema recorta para el Stuttgart<\/h2>\n\n\n\n<p>En el minuto 88, el Stuttgart logr\u00f3 maquillar el marcador. Chema Andr\u00e9s acort\u00f3 distancias con un disparo lejano, poniendo el 4-2. Eso ya no cambi\u00f3 nada en la victoria del Bayern y los muniqueses pudieron celebrar tras el pitido final la conquista anticipada del t\u00edtulo de la Bundesliga. Sin embargo, la fiesta no ser\u00e1 demasiado grande, ya que el mi\u00e9rcoles les espera el pr\u00f3ximo partido importante: en la semifinal de la Copa DFB en casa del Bayer 04 Leverkusen, el FCB quiere volver por fin a la final. \u00a1A por ello!<\/p>\n\n\n\n<p><\/p>\n\n\n\n<p>fcbayern.com<\/p>\n","protected":false},"excerpt":{"rendered":"<p>\u00a1El campe\u00f3n de Alemania es solo el FCB! \u00a1S\u00cd\u00cd\u00cd, el FC Bayern se asegur\u00f3 el domingo el t\u00edtulo de la Bundesliga antes de tiempo! Gracias a la victoria por 4-2 (3-1) en casa contra el VfB Stuttgart, los muniqueses ampliaron su ventaja sobre su perseguidor, el Borussia Dortmund, a 15 puntos, por lo que, a [&hellip;]<\/p>\n","protected":false},"author":1,"featured_media":207250,"comment_status":"open","ping_status":"open","sticky":false,"template":"","format":"standard","meta":{"_acf_changed":false,"_jetpack_memberships_contains_paid_content":false,"footnotes":"","jetpack_publicize_message":"","jetpack_publicize_feature_enabled":true,"jetpack_social_post_already_shared":true,"jetpack_social_options":{"image_generator_settings":{"template":"highway","default_image_id":0,"font":"","enabled":false},"version":2}},"categories":[5],"tags":[],"class_list":["post-207249","post","type-post","status-publish","format-standard","has-post-thumbnail","hentry","category-futbol"],"acf":[],"jetpack_publicize_connections":[],"jetpack_featured_media_url":"https:\/\/sportseco.com\/wp-content\/uploads\/2026\/04\/16-fcbayern-stuttgart-260419-get.avif","jetpack_sharing_enabled":true,"_links":{"self":[{"href":"https:\/\/sportseco.com\/index.php?rest_route=\/wp\/v2\/posts\/207249","targetHints":{"allow":["GET"]}}],"collection":[{"href":"https:\/\/sportseco.com\/index.php?rest_route=\/wp\/v2\/posts"}],"about":[{"href":"https:\/\/sportseco.com\/index.php?rest_route=\/wp\/v2\/types\/post"}],"author":[{"embeddable":true,"href":"https:\/\/sportseco.com\/index.php?rest_route=\/wp\/v2\/users\/1"}],"replies":[{"embeddable":true,"href":"https:\/\/sportseco.com\/index.php?rest_route=%2Fwp%2Fv2%2Fcomments&post=207249"}],"version-history":[{"count":1,"href":"https:\/\/sportseco.com\/index.php?rest_route=\/wp\/v2\/posts\/207249\/revisions"}],"predecessor-version":[{"id":207251,"href":"https:\/\/sportseco.com\/index.php?rest_route=\/wp\/v2\/posts\/207249\/revisions\/207251"}],"wp:featuredmedia":[{"embeddable":true,"href":"https:\/\/sportseco.com\/index.php?rest_route=\/wp\/v2\/media\/207250"}],"wp:attachment":[{"href":"https:\/\/sportseco.com\/index.php?rest_route=%2Fwp%2Fv2%2Fmedia&parent=207249"}],"wp:term":[{"taxonomy":"category","embeddable":true,"href":"https:\/\/sportseco.com\/index.php?rest_route=%2Fwp%2Fv2%2Fcategories&post=207249"},{"taxonomy":"post_tag","embeddable":true,"href":"https:\/\/sportseco.com\/index.php?rest_route=%2Fwp%2Fv2%2Ftags&post=207249"}],"curies":[{"name":"wp","href":"https:\/\/api.w.org\/{rel}","templated":true}]}}