{"id":207269,"date":"2026-04-20T08:14:43","date_gmt":"2026-04-20T12:14:43","guid":{"rendered":"https:\/\/sportseco.com\/?p=207269"},"modified":"2026-04-20T08:14:43","modified_gmt":"2026-04-20T12:14:43","slug":"una-cumbre-para-dejar-atras-los-combustibles-fosiles-en-un-mundo-marcado-por-el-estrecho-de-ormuz","status":"publish","type":"post","link":"https:\/\/sportseco.com\/?p=207269","title":{"rendered":"Una cumbre para dejar atr\u00e1s los combustibles f\u00f3siles en un mundo marcado por el Estrecho de Ormuz"},"content":{"rendered":"\n<p><strong>Mari Navas<\/strong><\/p>\n\n\n\n<p><strong>Madrid.- En un mundo que ha estado marcado por el cierre del Estrecho de Ormuz durante m\u00e1s de un mes y la crisis energ\u00e9tica que esto ha generado, m\u00e1s de 50&nbsp;<\/strong><strong>pa\u00edses -entre ellos Espa\u00f1a- se van a reunir en Santa Marta (Colombia) para debatir sobre c\u00f3mo dejar atr\u00e1s los combustibles f\u00f3siles, responsables del cambio clim\u00e1tico.<\/strong><\/p>\n\n\n\n<p>La Conferencia para la Transici\u00f3n m\u00e1s all\u00e1 de los Combustibles F\u00f3siles, que se va a celebrar entre los d\u00edas 24 y 29 de abril en Colombia, tiene como objetivo poner en marcha \u00abacciones concretas\u00bb para que los pa\u00edses las adopten y los dejen atr\u00e1s, seg\u00fan la viceministra de Ordenamiento Ambiental del Territorio de Colombia, Luz Dary Carmona.<\/p>\n\n\n\n<p>Un espacio que intentar\u00e1 \u00abdinamizar, movilizar, profundizar, ampliar y lograr, adem\u00e1s, la necesidad de la transici\u00f3n energ\u00e9tica justa\u00bb como eje \u00abfundamental para la eliminaci\u00f3n de los combustibles f\u00f3siles\u00bb, al tiempo que se construyen nuevos marcos, se aumentan las restricciones y se da voz a los pueblos ind\u00edgenas, en palabra de Carmona.<\/p>\n\n\n\n<p>La conferencia est\u00e1 organizada por los gobiernos de Colombia y Pa\u00edses Bajos, y contar\u00e1 con la presencia de Espa\u00f1a, con una delegaci\u00f3n encabezada por la vicepresidenta tercera y ministra de Transici\u00f3n Ecol\u00f3gica y Reto Demogr\u00e1fico, Sara Aagesen; adem\u00e1s de miembros de la sociedad civil y ecologistas.<\/p>\n\n\n\n<p>Este foro llega, adem\u00e1s, en un momento geopol\u00edtico y energ\u00e9tico complejo, marcado por la guerra de Ir\u00e1n, que ha mostrado que dejar atr\u00e1s los combustibles f\u00f3siles no es solo \u00abun imperativo clim\u00e1tico\u00bb, sino tambi\u00e9n es necesario para tener una econom\u00eda m\u00e1s resiliente y para frenar estos conflictos, seg\u00fan destacan organizadores y ecologistas.<\/p>\n\n\n\n<p>\u00abLa conferencia est\u00e1 de moda. Es una conferencia que plantea un tema trascendental para el mundo entero en estos momentos. Creo que el contexto geopol\u00edtico lo est\u00e1 mostrando: est\u00e1 claro que la econom\u00eda sigue dependiendo de los combustibles f\u00f3siles y estos est\u00e1n marcando muchas actuaciones del mundo actual\u00bb, ha afirmado Carmona.<\/p>\n\n\n\n<h2 class=\"wp-block-heading\"><strong>C\u00f3mo dejar los combustibles f\u00f3siles<\/strong><\/h2>\n\n\n\n<p>Frente al debate de combustibles f\u00f3siles s\u00ed o no que marc\u00f3 la COP30 de Brasil, esta cumbre supera estas discusiones y se plantea c\u00f3mo hacerlo de la manera lo m\u00e1s justa, ordenada y equitativa posible.<\/p>\n\n\n\n<p>En palabras de Carmona, este espacio surge para profundizar en la necesidad \u00abencontrar puntos comunes para acelerar la transici\u00f3n, acciones concretas, habilitadoras y voluntad pol\u00edtica de los pa\u00edses para hacerlo\u00bb, pero tambi\u00e9n de la sociedad civil, con la celebraci\u00f3n de la Asamblea de los Pueblos.<\/p>\n\n\n\n<p>La conferencia internacional se organizar\u00e1 en torno a tres pilares. El primero se centrar\u00e1 en discutir c\u00f3mo se transforma la dependencia que, en la actualidad, los pa\u00edses tienen de los combustibles f\u00f3siles, algo que Carmona considera \u00abclave\u00bb ya que plantea \u00abnuevas formas de soberan\u00eda energ\u00e9tica\u00bb.<\/p>\n\n\n\n<p>El segundo pilar girar\u00e1 en transformar la oferta y la demanda, y c\u00f3mo conseguir la planificaci\u00f3n del cese de las infraestructuras que existen de forma justa, ordenada y equitativa.<\/p>\n\n\n\n<p>Por \u00faltimo, se debatir\u00e1 sobre c\u00f3mo se avanza en la cooperaci\u00f3n internacional y el multilateralismo, a trav\u00e9s de mecanismos de financiaci\u00f3n, transferencia tecnol\u00f3gica y marcos de gobernanza global, con el objetivo de fortalecerlo y fomentar la lucha contra el calentamiento global.<\/p>\n\n\n\n<h2 class=\"wp-block-heading\"><strong>El momento de iniciar el proceso<\/strong><\/h2>\n\n\n\n<p>\u00abDebemos dejar atr\u00e1s los combustibles f\u00f3siles lo antes posible y realizar un cambio de modelo. Ya no solamente es un imperativo ambiental, sino tambi\u00e9n un imperativo social y econ\u00f3mico\u00bb, han asegurado desde Alianza por el Clima, donde destacan que el momento para hacerlo es ahora.<\/p>\n\n\n\n<p>Los ecologistas consideran que esta conferencia debe dar lugar a una coalici\u00f3n de pa\u00edses dispuestos a avanzar en las pol\u00edticas clim\u00e1ticas y que marquen una l\u00ednea clara con aquellos que no quieren avanzar.<\/p>\n\n\n\n<figure class=\"wp-block-embed\"><div class=\"wp-block-embed__wrapper\">\nhttps:\/\/efeverde.com\/la-cop30-se-aleja-de-la-hoja-de-ruta-para-el-fin-de-los-combustibles-fosiles-y-36-paises-se-oponen\/embed\/#?secret=9WvLA9CteF#?secret=NSsQhsG3qC\n<\/div><\/figure>\n\n\n\n<p>Adem\u00e1s, consideran que entre los elementos fundamentales que se deber\u00edan abordar primero se encuentran probablemente la deuda y \u00absobre todo, garantizar la financiaci\u00f3n adecuada\u00bb.<\/p>\n\n\n\n<p>Por su parte, desde la Organizaci\u00f3n de los Pueblos Ind\u00edgenas de la Amazon\u00eda Colombiana han defendido \u00abmucha m\u00e1s contundencia\u00bb en la lucha contra los combustibles f\u00f3siles y que se ponga en marcha una transici\u00f3n energ\u00e9tica en la que se les tenga en cuenta \u00abde manera real y efectiva\u00bb.<\/p>\n\n\n\n<h2 class=\"wp-block-heading\"><strong>De Brasil a Colombia<\/strong><\/h2>\n\n\n\n<p>Esta conferencia es consecuencia directa de la COP30, despu\u00e9s de que en el acuerdo de la \u00faltima cumbre del clima&nbsp;<a href=\"https:\/\/efeverde.com\/la-cop30-elude-los-combustibles-fosiles-y-enfria-la-ambicion-climatica-en-plena-amazonia\/\" target=\"_blank\" rel=\"noreferrer noopener\">no se hiciera ninguna menci\u00f3n a los combustibles f\u00f3siles<\/a>, tal y como demandaban pa\u00edses como Espa\u00f1a.<\/p>\n\n\n\n<p>De hecho, desde Ecologistas en Acci\u00f3n recuerdan que, pese a ser la causa fundamental de la emergencia clim\u00e1tica, las negociaciones que se celebran dentro de la Convenci\u00f3n Marco de las Naciones Unidas sobre el cambio clim\u00e1tico se han centrado en abordar los gases de efecto invernadero, pero no en restringir la producci\u00f3n, debido a las presiones de los conocidos como pa\u00edses petroleros.<\/p>\n\n\n\n<p>Cabe recordar que en la COP las decisiones se toman por unanimidad, mientras que, en el caso de esta conferencia, saldr\u00e1 previsiblemente un acuerdo no vinculante, pero que los organizadores esperan que los pa\u00edses cumplan.<\/p>\n\n\n\n<p>De la conferencia quedar\u00e1 un panel acad\u00e9mico como asesor, unas conclusiones finales que esperan que se integren en las negociaciones de la COP, un acuerdo de las siguientes conferencias y un mecanismo de seguimiento de que los pa\u00edses cumplan con lo pactado para as\u00ed, comenzar a dejar atr\u00e1s los combustibles f\u00f3siles. Al menos, en algunos lugares del mundo. EFEverde<\/p>\n\n\n\n<p>mnc&nbsp;<\/p>\n","protected":false},"excerpt":{"rendered":"<p>Mari Navas Madrid.- En un mundo que ha estado marcado por el cierre del Estrecho de Ormuz durante m\u00e1s de un mes y la crisis energ\u00e9tica que esto ha generado, m\u00e1s de 50&nbsp;pa\u00edses -entre ellos Espa\u00f1a- se van a reunir en Santa Marta (Colombia) para debatir sobre c\u00f3mo dejar atr\u00e1s los combustibles f\u00f3siles, responsables del [&hellip;]<\/p>\n","protected":false},"author":1,"featured_media":207270,"comment_status":"open","ping_status":"open","sticky":false,"template":"","format":"standard","meta":{"_acf_changed":false,"_jetpack_memberships_contains_paid_content":false,"footnotes":"","jetpack_publicize_message":"","jetpack_publicize_feature_enabled":true,"jetpack_social_post_already_shared":true,"jetpack_social_options":{"image_generator_settings":{"template":"highway","default_image_id":0,"font":"","enabled":false},"version":2}},"categories":[6],"tags":[],"class_list":["post-207269","post","type-post","status-publish","format-standard","has-post-thumbnail","hentry","category-ecologia"],"acf":[],"jetpack_publicize_connections":[],"jetpack_featured_media_url":"https:\/\/i0.wp.com\/sportseco.com\/wp-content\/uploads\/2026\/04\/GRAF1352-ESPANA-CONCENTRACION-CAMBIO-CLIMATICO.jpg?fit=1920%2C1280&ssl=1","jetpack_sharing_enabled":true,"_links":{"self":[{"href":"https:\/\/sportseco.com\/index.php?rest_route=\/wp\/v2\/posts\/207269","targetHints":{"allow":["GET"]}}],"collection":[{"href":"https:\/\/sportseco.com\/index.php?rest_route=\/wp\/v2\/posts"}],"about":[{"href":"https:\/\/sportseco.com\/index.php?rest_route=\/wp\/v2\/types\/post"}],"author":[{"embeddable":true,"href":"https:\/\/sportseco.com\/index.php?rest_route=\/wp\/v2\/users\/1"}],"replies":[{"embeddable":true,"href":"https:\/\/sportseco.com\/index.php?rest_route=%2Fwp%2Fv2%2Fcomments&post=207269"}],"version-history":[{"count":1,"href":"https:\/\/sportseco.com\/index.php?rest_route=\/wp\/v2\/posts\/207269\/revisions"}],"predecessor-version":[{"id":207271,"href":"https:\/\/sportseco.com\/index.php?rest_route=\/wp\/v2\/posts\/207269\/revisions\/207271"}],"wp:featuredmedia":[{"embeddable":true,"href":"https:\/\/sportseco.com\/index.php?rest_route=\/wp\/v2\/media\/207270"}],"wp:attachment":[{"href":"https:\/\/sportseco.com\/index.php?rest_route=%2Fwp%2Fv2%2Fmedia&parent=207269"}],"wp:term":[{"taxonomy":"category","embeddable":true,"href":"https:\/\/sportseco.com\/index.php?rest_route=%2Fwp%2Fv2%2Fcategories&post=207269"},{"taxonomy":"post_tag","embeddable":true,"href":"https:\/\/sportseco.com\/index.php?rest_route=%2Fwp%2Fv2%2Ftags&post=207269"}],"curies":[{"name":"wp","href":"https:\/\/api.w.org\/{rel}","templated":true}]}}