{"id":207280,"date":"2026-04-20T08:51:22","date_gmt":"2026-04-20T12:51:22","guid":{"rendered":"https:\/\/sportseco.com\/?p=207280"},"modified":"2026-04-20T08:52:59","modified_gmt":"2026-04-20T12:52:59","slug":"los-parques-nacionales-y-su-aporte-a-la-paz","status":"publish","type":"post","link":"https:\/\/sportseco.com\/?p=207280","title":{"rendered":"Los Parques Nacionales y su aporte a la paz"},"content":{"rendered":"\n<h3 class=\"wp-block-heading\">\ud83c\udfa7 Escucha esta nota en audio<\/h3>\n\n\n\n<p>\u201cUno mira atr\u00e1s y todo ha valido la pena. Recuerdo cuando nos toc\u00f3 abandonar el Parque Nacional Natural Cueva de Los Gu\u00e1charos, debido al conflicto armado; el Parque se convirti\u00f3 en zona de enfrentamientos entre el Ej\u00e9rcito y la guerrilla. Nos trasladaron al Parque Nacional Natural Nevado del Huila, pero decidimos regresar para recuperar el Parque, hasta que lo recuperamos\u201d, relata Carlos Cort\u00e9s, guardaparques de Gu\u00e1charos.<\/p>\n\n\n\n<p>Al regresar, encontraron las caba\u00f1as deterioradas y el parque invadido, con tala de \u00e1rboles, cultivos de amapola y presencia de cazadores. Con ese panorama comenzaron un proceso de restauraci\u00f3n y control despu\u00e9s de cuatro a\u00f1os de abandono.<\/p>\n\n\n\n<p>Carlos Cort\u00e9s sigue activo en sus labores y no planea irse, as\u00ed se pensione. Mientras camina por la Cueva del Indio, a 92 metros bajo tierra, habla de las rocas del periodo Cret\u00e1cico y se\u00f1ala las estalactitas y las estalagmitas. Lleva 35 a\u00f1os en el primer parque nacional natural de Colombia (1960), abierto al ecoturismo, y su prop\u00f3sito, asegura, es \u201ccontagiar a las nuevas generaciones para que sigan conservando y que sus hijos puedan disfrutar de los paisajes que a \u00e9l le alimentan el alma a sus 61 a\u00f1os\u201d.<\/p>\n\n\n\n<figure class=\"wp-block-image\"><img data-recalc-dims=\"1\" decoding=\"async\" src=\"https:\/\/i0.wp.com\/www.parquesnacionales.gov.co\/wp-content\/uploads\/2026\/04\/Foto-33.png?w=640&#038;ssl=1\" alt=\"\"\/><figcaption class=\"wp-element-caption\">Parque Nacional Natural Cueva de Los Gu\u00e1charos. Cr\u00e9dito: Parques Nacionales Naturales de Colombia.<\/figcaption><\/figure>\n\n\n\n<p>Y no es para menos. Tanto los guardaparques como las comunidades reconocen que son unos privilegiados por vivir en territorios donde la selva, los volcanes, los nevados, los desiertos y la inmensidad de los r\u00edos los asombran con tanta belleza. Sin embargo, esa emoci\u00f3n contrasta muchas veces con la pobreza, la precariedad, la inseguridad, la violaci\u00f3n de los derechos humanos y la crudeza del conflicto armado.<\/p>\n\n\n\n<p>Abel*, sentado a la orilla del r\u00edo Atrato en el Urab\u00e1 chocoano y vecino del Parque Nacional Natural Los Kat\u00edos, en la subregi\u00f3n del departamento de Choc\u00f3 que limita con el mar Caribe y el Golfo de Urab\u00e1, reconoce las dificultades de vivir en los llamados corredores de la muerte. Una de las doce franjas estrat\u00e9gicas del pa\u00eds donde confluyen econom\u00edas il\u00edcitas que alimentan el conflicto armado y donde diferentes grupos han construido su propias estructuras de poder.<\/p>\n\n\n\n<p>Seg\u00fan un informe del Instituto de Estudios para el Desarrollo y la Paz (Indepaz), no se trata de rutas trazadas en los mapas, sino de territorios de tr\u00e1nsito que se han convertido en ejes de control para el narcotr\u00e1fico, la miner\u00eda ilegal y el contrabando. En estas zonas, las comunidades permanecen sometidas a las din\u00e1micas de control territorial impuestas por grupos como el Ej\u00e9rcito Gaitanista de Colombia, el ELN, las disidencias de las FARC e incluso por redes criminales transnacionales.<\/p>\n\n\n\n<p>La tensi\u00f3n en los territorios es evidente. En un recorrido por el r\u00edo Atrato, con el contraste del azul intenso del cielo y el color marr\u00f3n de las aguas, algunas comunidades prefieren ignorar a los navegantes y seguir con su vida como si nada sucediera. \u201cAc\u00e1 es mejor hablar de c\u00f3mo est\u00e1 el clima, la pesca y no meterse en lo que a uno no le interesa, es mejor guardar silencio\u201d.<\/p>\n\n\n\n<p>Esa realidad tiene rasgos comunes con la del Catatumbo. \u201cEstaba cantado lo que iba a suceder. Nadie prest\u00f3 atenci\u00f3n a las alertas tempranas y mire, esto fue lo que pas\u00f3, pero debemos seguir, siempre debemos seguir\u201d, dice un habitante de Tib\u00fa. Esa misma resiliencia la expresa Joselito Vargas Acevedo, jefe del Parque Nacional Natural Catatumbo Bar\u00ed, quien lleva catorce a\u00f1os en el \u00e1rea protegida y 35 en la entidad. La de Vargas es una vocaci\u00f3n ambiental marcada por su amor a las comunidades.<\/p>\n\n\n\n<p>Mientras conduce desde Bucaramanga hasta La Playa de Bel\u00e9n en Norte de Santander, Joselito rememora c\u00f3mo particip\u00f3 en la declaratoria del \u00c1rea Natural \u00danica Los Estoraques. Es un \u00e1rea con impresionantes columnas y torres de roca sedimentaria que narran la historia geol\u00f3gica del pa\u00eds y donde \u00e9l ha trabajado con el pueblo Bar\u00ed durante a\u00f1os.<\/p>\n\n\n\n<figure class=\"wp-block-image\"><img data-recalc-dims=\"1\" decoding=\"async\" src=\"https:\/\/i0.wp.com\/www.parquesnacionales.gov.co\/wp-content\/uploads\/2023\/08\/IMG_2670-Estoraques-Ecoturismo-scaled.jpg?w=640&#038;ssl=1\" alt=\"\"\/><figcaption class=\"wp-element-caption\">\u00c1rea \u00danica Natural Los Estoraques<\/figcaption><\/figure>\n\n\n\n<p>\u201cNosotros no estamos de parte de nadie. Trabajamos por las comunidades y para cuidar el medioambiente\u201d. Habla con firmeza y dice que, aunque los tiempos est\u00e1n dif\u00edciles, tiene un compromiso con su pa\u00eds y una responsabilidad con las futuras generaciones.<\/p>\n\n\n\n<p>En esta zona convergen el ELN, distintas facciones de las disidencias de las FARC y carteles internacionales que controlan el contrabando de gasolina y el tr\u00e1fico de armas. Las comunidades campesinas e ind\u00edgenas viven atrapadas entre enfrentamientos y operaciones militares en un contexto marcado por altos niveles de homicidios y desplazamientos. A pesar de que el Catatumbo es una de las regiones con mayor concentraci\u00f3n de cultivos de coca en el pa\u00eds y una frontera permeable con Venezuela, Joselito mantiene su compromiso con la conservaci\u00f3n, el mismo que ha visto en las comunidades \u00e9tnicas.<\/p>\n\n\n\n<p>\u201cSiempre hemos sido guardianes de la naturaleza, respetamos a la Madre Tierra, pero tristemente hay personas que buscan el dinero a costa de los recursos naturales, matan a los animales, contaminan los r\u00edos y creen que no pasa nada, y eso no es as\u00ed, por eso hoy vemos eventos naturales que acaban con todo, la naturaleza tambi\u00e9n se resiente\u201d, asegura Ricardo* del pueblo ind\u00edgena Bar\u00ed, mientras navega por el r\u00edo Catatumbo, ruta de entrada a la selva que rodea su comunidad.<\/p>\n\n\n\n<h2 class=\"wp-block-heading\"><strong>Parques Nacionales: entre la conservaci\u00f3n, el conflicto y los acuerdos posibles<\/strong><\/h2>\n\n\n\n<p>Las \u00e1reas protegidas han sido escenarios silenciosos \u2014y a veces visibles\u2014 del conflicto armado, pero tambi\u00e9n de construcci\u00f3n de soluciones. En medio de di\u00e1logos formales, tensiones locales y econom\u00edas ilegales, Parques Nacionales Naturales ha jugado un papel clave que hoy cobra mayor relevancia.<\/p>\n\n\n\n<p>Desde los primeros acercamientos con grupos armados en procesos como el del Gobierno de Andr\u00e9s Pastrana, esa presencia institucional en zonas de conflicto implic\u00f3 participar incluso en lo que algunos describen como \u201cdi\u00e1logos forzados\u201d. En estos escenarios, la instituci\u00f3n debi\u00f3 construir una narrativa coherente que le permitiera relacionarse no solo con actores armados, sino tambi\u00e9n con las comunidades, otras entidades del Estado y la cooperaci\u00f3n internacional. Esa experiencia dej\u00f3 una lecci\u00f3n central: la paz en los territorios exige coherencia, articulaci\u00f3n y presencia constante.<\/p>\n\n\n\n<p>Con el paso de los a\u00f1os, esos aprendizajes se tradujeron en acciones concretas. Durante distintos gobiernos, incluyendo el de \u00c1lvaro Uribe y posteriormente el de Juan Manuel Santos, Parques Nacionales fortaleci\u00f3 su capacidad de liderazgo territorial. En regiones como La Macarena, por ejemplo, promovi\u00f3 la articulaci\u00f3n entre instituciones, comunidades y la cooperaci\u00f3n internacional, para ejecutar componentes del \u201cAcuerdo de La Habana\u201d firmado en 2016 entre el gobierno del presidente Santos (2010-2018) y la guerrilla de las FARC-EP.<\/p>\n\n\n\n<p>As\u00ed, Parques promovi\u00f3 la erradicaci\u00f3n voluntaria de 2.000 hect\u00e1reas de cultivos de hoja de coca; apoy\u00f3 la creaci\u00f3n de las zonas de reserva campesina del Losada-Guayabero y del G\u00fc\u00e9jar-Cafre; ayud\u00f3 a formalizar cerca de 40.000 hect\u00e1reas de tierra en beneficio de m\u00e1s de 700 familias;&nbsp; impuls\u00f3 procesos de relocalizaci\u00f3n concertada de familias que habitaban dentro de \u00e1reas protegidas. Lo m\u00e1s significativo fue demostrar que en escenarios de alta conflictividad armada es posible que los procesos sociales avancen en autonom\u00eda, representatividad y legitimidad, contribuyendo a la construcci\u00f3n de Estado desde la misma regi\u00f3n.<\/p>\n\n\n\n<p>La implementaci\u00f3n del acuerdo enfrent\u00f3 dificultades por divisiones ideol\u00f3gicas sumadas a cambios de gobierno que ralentizaron los avances. Aun as\u00ed, Parques Nacionales mantuvo su presencia apoyando procesos sociales e impulsando programas de gobierno como la sustituci\u00f3n de cultivos de hoja de coca.<\/p>\n\n\n\n<p>Hoy, la pol\u00edtica de Paz Total ampl\u00eda el panorama. Nuevos actores armados entran en di\u00e1logo y, por primera vez, el tema ambiental ocupa un lugar central en las negociaciones. En la agenda acordada con grupos como el ELN, el cuidado de la naturaleza se reconoce como uno de los ejes fundamentales para negociar.<\/p>\n\n\n\n<p>Este nuevo enfoque ha permitido que Parques Nacionales de Colombia participe de manera m\u00e1s activa en esos procesos. Nuestros expertos aportan insumos t\u00e9cnicos a la Mesa de Di\u00e1logos de Paz adelantada por el Gobierno del presidente Petro (2022-2026) con el Estado Mayor de Bloques y Frente (EMBsyF). Adem\u00e1s, en un arduo trabajo de articulaci\u00f3n institucional hemos logrado acuerdos con organizaciones campesinas y apoyo de la embajada de Noruega para gestionar conflictividades generadas por el asentamiento de familias dentro del Parque Chiribiquete.<\/p>\n\n\n\n<figure class=\"wp-block-image\"><img data-recalc-dims=\"1\" decoding=\"async\" src=\"https:\/\/i0.wp.com\/www.parquesnacionales.gov.co\/wp-content\/uploads\/2025\/10\/parque-nacional-natural-chiribiquete_51309695781_o-scaled.jpg?w=640&#038;ssl=1\" alt=\"\"\/><\/figure>\n\n\n\n<p>Pero los retos persisten. En muchas zonas, las econom\u00edas ilegales, como la miner\u00eda de oro, siguen siendo un obst\u00e1culo estructural para una vida tranquila. Su alta rentabilidad dificulta la transici\u00f3n hacia alternativas legales y sostenibles, financia la maquinaria de guerra y contribuye a la desinformaci\u00f3n, propagando entre las comunidades narrativas que presentan a Parques como una amenaza, generando desconfianza y resistencia.<\/p>\n\n\n\n<p>Frente a este dif\u00edcil panorama, Parques Nacionales mantiene tres mensajes fundamentales. El primero es que las \u00e1reas protegidas son un bien p\u00fablico: espacios que resguardan la mayor riqueza biol\u00f3gica y cultural del pa\u00eds y pertenecen a toda la sociedad. El segundo, que su cuidado no es responsabilidad exclusiva de una entidad, sino un compromiso colectivo que involucra al Estado, las comunidades, el sector privado y la cooperaci\u00f3n internacional. Y el tercero, que es necesario un gran pacto nacional por la naturaleza, especialmente en regiones estrat\u00e9gicas como la Amazon\u00eda.<\/p>\n\n\n\n<p>M\u00e1s all\u00e1 de proteger \u00e1reas delimitadas, el desaf\u00edo es conservar ecosistemas completos y recuperar la conectividad entre ellos. De lo contrario, la presi\u00f3n externa \u2014como una especie de avance constante de la deforestaci\u00f3n\u2014 puede terminar aislando y debilitando las \u00e1reas protegidas.<\/p>\n\n\n\n<p>En este contexto, las mesas de di\u00e1logos en Colombia ya no pueden entenderse sin la dimensi\u00f3n ambiental. Los territorios donde se construyen los acuerdos son los mismos donde se juega el futuro de la biodiversidad. Y en ese cruce, Parques Nacionales Naturales de Colombia se consolida como un actor fundamental para la conservaci\u00f3n y expansi\u00f3n de la riqueza natural, contribuyendo al fortalecimiento del Estado desde los territorios para que la naturaleza sea protagonista de la paz.<\/p>\n\n\n\n<p><\/p>\n\n\n\n<p><\/p>\n\n\n\n<p>parquesnacionales.gov.co<\/p>\n","protected":false},"excerpt":{"rendered":"<p>\ud83c\udfa7 Escucha esta nota en audio \u201cUno mira atr\u00e1s y todo ha valido la pena. Recuerdo cuando nos toc\u00f3 abandonar el Parque Nacional Natural Cueva de Los Gu\u00e1charos, debido al conflicto armado; el Parque se convirti\u00f3 en zona de enfrentamientos entre el Ej\u00e9rcito y la guerrilla. Nos trasladaron al Parque Nacional Natural Nevado del Huila, [&hellip;]<\/p>\n","protected":false},"author":1,"featured_media":207281,"comment_status":"open","ping_status":"open","sticky":false,"template":"","format":"standard","meta":{"_acf_changed":false,"_jetpack_memberships_contains_paid_content":false,"footnotes":"","jetpack_publicize_message":"","jetpack_publicize_feature_enabled":true,"jetpack_social_post_already_shared":true,"jetpack_social_options":{"image_generator_settings":{"template":"highway","default_image_id":0,"font":"","enabled":false},"version":2}},"categories":[6],"tags":[],"class_list":["post-207280","post","type-post","status-publish","format-standard","has-post-thumbnail","hentry","category-ecologia"],"acf":[],"jetpack_publicize_connections":[],"jetpack_featured_media_url":"https:\/\/i0.wp.com\/sportseco.com\/wp-content\/uploads\/2026\/04\/Foto-33.png?fit=1106%2C829&ssl=1","jetpack_sharing_enabled":true,"_links":{"self":[{"href":"https:\/\/sportseco.com\/index.php?rest_route=\/wp\/v2\/posts\/207280","targetHints":{"allow":["GET"]}}],"collection":[{"href":"https:\/\/sportseco.com\/index.php?rest_route=\/wp\/v2\/posts"}],"about":[{"href":"https:\/\/sportseco.com\/index.php?rest_route=\/wp\/v2\/types\/post"}],"author":[{"embeddable":true,"href":"https:\/\/sportseco.com\/index.php?rest_route=\/wp\/v2\/users\/1"}],"replies":[{"embeddable":true,"href":"https:\/\/sportseco.com\/index.php?rest_route=%2Fwp%2Fv2%2Fcomments&post=207280"}],"version-history":[{"count":1,"href":"https:\/\/sportseco.com\/index.php?rest_route=\/wp\/v2\/posts\/207280\/revisions"}],"predecessor-version":[{"id":207282,"href":"https:\/\/sportseco.com\/index.php?rest_route=\/wp\/v2\/posts\/207280\/revisions\/207282"}],"wp:featuredmedia":[{"embeddable":true,"href":"https:\/\/sportseco.com\/index.php?rest_route=\/wp\/v2\/media\/207281"}],"wp:attachment":[{"href":"https:\/\/sportseco.com\/index.php?rest_route=%2Fwp%2Fv2%2Fmedia&parent=207280"}],"wp:term":[{"taxonomy":"category","embeddable":true,"href":"https:\/\/sportseco.com\/index.php?rest_route=%2Fwp%2Fv2%2Fcategories&post=207280"},{"taxonomy":"post_tag","embeddable":true,"href":"https:\/\/sportseco.com\/index.php?rest_route=%2Fwp%2Fv2%2Ftags&post=207280"}],"curies":[{"name":"wp","href":"https:\/\/api.w.org\/{rel}","templated":true}]}}