{"id":207296,"date":"2026-04-20T12:13:31","date_gmt":"2026-04-20T16:13:31","guid":{"rendered":"https:\/\/sportseco.com\/?p=207296"},"modified":"2026-04-20T12:13:31","modified_gmt":"2026-04-20T16:13:31","slug":"reporte-medico-radamel-falcao-garcia","status":"publish","type":"post","link":"https:\/\/sportseco.com\/?p=207296","title":{"rendered":"REPORTE M\u00c9DICO: RADAMEL FALCAO GARC\u00cdA"},"content":{"rendered":"\n<figure class=\"wp-block-image\"><img data-recalc-dims=\"1\" height=\"512\" width=\"640\" decoding=\"async\" src=\"https:\/\/i0.wp.com\/millonarios.com.co\/wp-content\/uploads\/2026\/04\/web.jpg-2-1024x819.jpeg?resize=640%2C512&#038;ssl=1\" alt=\"\" class=\"wp-image-41271\"\/><\/figure>\n\n\n\n<p><strong>Millonarios FC informa que el jugador Radamel Falcao Garc\u00eda<\/strong>&nbsp;sufri\u00f3 un fuerte trauma facial en el partido contra el Am\u00e9rica de Cali. Inmediatamente fue trasladado a un centro m\u00e9dico para su atenci\u00f3n inmediata.<\/p>\n\n\n\n<p><strong>Luego de los ex\u00e1menes de diagn\u00f3stico y la atenci\u00f3n de los m\u00e9dicos especialistas<\/strong>, se comprob\u00f3 que el jugador presenta una fractura en el<br \/>arco cigom\u00e1tico.<\/p>\n\n\n\n<p><strong>El tratamiento a seguir se definir\u00e1 en las pr\u00f3ximas 48 horas luego de pasar la fase aguda de la lesi\u00f3n.<\/strong><\/p>\n\n\n\n<p><strong>Su incapacidad se determinar\u00e1 seg\u00fan tratamiento y evoluci\u00f3n.<\/strong><\/p>\n\n\n\n<p>millonarios.com.co<\/p>\n","protected":false},"excerpt":{"rendered":"<p>Millonarios FC informa que el jugador Radamel Falcao Garc\u00eda&nbsp;sufri\u00f3 un fuerte trauma facial en el partido contra el Am\u00e9rica de Cali. Inmediatamente fue trasladado a un centro m\u00e9dico para su atenci\u00f3n inmediata. Luego de los ex\u00e1menes de diagn\u00f3stico y la atenci\u00f3n de los m\u00e9dicos especialistas, se comprob\u00f3 que el jugador presenta una fractura en elarco [&hellip;]<\/p>\n","protected":false},"author":1,"featured_media":207297,"comment_status":"open","ping_status":"open","sticky":false,"template":"","format":"standard","meta":{"_acf_changed":false,"_jetpack_memberships_contains_paid_content":false,"footnotes":"","jetpack_publicize_message":"","jetpack_publicize_feature_enabled":true,"jetpack_social_post_already_shared":true,"jetpack_social_options":{"image_generator_settings":{"template":"highway","default_image_id":0,"font":"","enabled":false},"version":2}},"categories":[5],"tags":[],"class_list":["post-207296","post","type-post","status-publish","format-standard","has-post-thumbnail","hentry","category-futbol"],"acf":[],"jetpack_publicize_connections":[],"jetpack_featured_media_url":"https:\/\/i0.wp.com\/sportseco.com\/wp-content\/uploads\/2026\/04\/web.jpg-2.jpeg?fit=1350%2C1080&ssl=1","jetpack_sharing_enabled":true,"_links":{"self":[{"href":"https:\/\/sportseco.com\/index.php?rest_route=\/wp\/v2\/posts\/207296","targetHints":{"allow":["GET"]}}],"collection":[{"href":"https:\/\/sportseco.com\/index.php?rest_route=\/wp\/v2\/posts"}],"about":[{"href":"https:\/\/sportseco.com\/index.php?rest_route=\/wp\/v2\/types\/post"}],"author":[{"embeddable":true,"href":"https:\/\/sportseco.com\/index.php?rest_route=\/wp\/v2\/users\/1"}],"replies":[{"embeddable":true,"href":"https:\/\/sportseco.com\/index.php?rest_route=%2Fwp%2Fv2%2Fcomments&post=207296"}],"version-history":[{"count":1,"href":"https:\/\/sportseco.com\/index.php?rest_route=\/wp\/v2\/posts\/207296\/revisions"}],"predecessor-version":[{"id":207298,"href":"https:\/\/sportseco.com\/index.php?rest_route=\/wp\/v2\/posts\/207296\/revisions\/207298"}],"wp:featuredmedia":[{"embeddable":true,"href":"https:\/\/sportseco.com\/index.php?rest_route=\/wp\/v2\/media\/207297"}],"wp:attachment":[{"href":"https:\/\/sportseco.com\/index.php?rest_route=%2Fwp%2Fv2%2Fmedia&parent=207296"}],"wp:term":[{"taxonomy":"category","embeddable":true,"href":"https:\/\/sportseco.com\/index.php?rest_route=%2Fwp%2Fv2%2Fcategories&post=207296"},{"taxonomy":"post_tag","embeddable":true,"href":"https:\/\/sportseco.com\/index.php?rest_route=%2Fwp%2Fv2%2Ftags&post=207296"}],"curies":[{"name":"wp","href":"https:\/\/api.w.org\/{rel}","templated":true}]}}