{"id":207305,"date":"2026-04-20T17:33:18","date_gmt":"2026-04-20T21:33:18","guid":{"rendered":"https:\/\/sportseco.com\/?p=207305"},"modified":"2026-04-20T17:33:18","modified_gmt":"2026-04-20T21:33:18","slug":"carlos-alcaraz-y-aryna-sabalenka-nombrados-deportistas-del-ano-en-los-premios-laureus-del-deporte-2026","status":"publish","type":"post","link":"https:\/\/sportseco.com\/?p=207305","title":{"rendered":"Carlos Alcaraz y Aryna Sabalenka, nombrados Deportistas del A\u00f1o en los Premios Laureus del Deporte 2026"},"content":{"rendered":"\n<p>Paris Saint-Germain fue nombrado Equipo del A\u00f1o, Nadia Com\u0103neci recibi\u00f3 el galard\u00f3n a la trayectoria deportiva. Los Juegos Ol\u00edmpicos, el tenis, el f\u00fatbol y la F\u00f3rmula 1, protagonistas de la gala.<\/p>\n\n\n\n<p>Foto por: 2026 Getty Images<\/p>\n\n\n\n<p><strong>Por\u00a0<a href=\"https:\/\/www.olympics.com\/es\/autor\/scott-bregman\">Scott Bregman<\/a><\/strong><\/p>\n\n\n\n<p>El tenis fue el gran protagonista de la gala de los&nbsp;<strong>Laureus World Sports Awards 2026<\/strong>, celebrada este martes, 20 de abril, en el Palacio de Cibeles de Madrid.<\/p>\n\n\n\n<p><a href=\"https:\/\/www.olympics.com\/es\/atletas\/carlos-alcaraz\"><strong>Carlos Alcaraz<\/strong><\/a>, medallista de plata en Par\u00eds 2024, y&nbsp;<a href=\"https:\/\/www.olympics.com\/es\/atletas\/aryna-sabalenka\"><strong>Aryna Sabalenka<\/strong><\/a>, ol\u00edmpica en Tokio 2020, fueron nombrados Deportistas del A\u00f1o en categor\u00eda masculina y femenina por primera vez en sus carreras.<\/p>\n\n\n\n<p>La rivalidad de Alcaraz con&nbsp;<a href=\"https:\/\/www.olympics.com\/es\/atletas\/jannik-sinner\"><strong>Jannik Sinner<\/strong><\/a>&nbsp;ha definido y dominado el circuito masculino del tenis, y la cosecha del espa\u00f1ol en 2025 (que incluy\u00f3 los t\u00edtulos de Roland Garros y el US Open) le hicieron merecedor de este galard\u00f3n.<\/p>\n\n\n\n<p>\u00abRecibir este reconocimiento por parte de gente que entiende tanto de deporte lo hace a\u00fan m\u00e1s significativo\u00bb, dijo Alcaraz cuando acept\u00f3 el premio. \u00abEsta es una noche que no voy a olvidar nunca, un momento que guardar\u00e9 siempre en mi coraz\u00f3n\u00bb.<\/p>\n\n\n\n<p>Sabalenka, actual n\u00famero uno del mundo, recibi\u00f3 este honor despu\u00e9s de otro a\u00f1o de dominio en el circuito femenino en el que conquist\u00f3 su cuarto t\u00edtulo de Grand Slam con el US Open 2025.<\/p>\n\n\n\n<p>\u00abEstoy temblando ahora mismo\u00bb, declar\u00f3. \u00abEs un poco una locura saber que mi nombre va a estar junto a todas esas leyendas, deportistas a los que vi y admir\u00e9\u00bb.<\/p>\n\n\n\n<p>La ceremonia de 2026 estuvo presentada por dos campeones ol\u00edmpicos y\u00a0grandes estrellas del deporte como\u00a0<a href=\"https:\/\/www.olympics.com\/es\/atletas\/novak-djokovic\"><strong>Novak Djokovic<\/strong><\/a>\u00a0y\u00a0<a href=\"https:\/\/www.olympics.com\/es\/atletas\/gu-ailing-eileen\"><strong>Eileen Gu<\/strong><\/a>.<a href=\"https:\/\/www.olympics.com\/es\/sign-in?entry_point_type=instory_campaign&amp;entry_point_tag=mico-2026&amp;template=mico-2026-snowboard&amp;origin=https%3A%2F%2Fwww.olympics.com%2Fes%2Fmilano-cortina-2026%2Fvideos%2Fhighlights%3Fsport%3Dsnowboard\"><\/a><\/p>\n\n\n\n<h2 class=\"wp-block-heading\">PSG, Equipo del A\u00f1o; Norris, McIlroy y&nbsp;Kim, entre los ganadores<\/h2>\n\n\n\n<p>El&nbsp;<strong>Paris&nbsp;Saint-Germain<\/strong>&nbsp;fue nombrado Equipo del A\u00f1o en los Laureus 2026 despu\u00e9s de conquistar su primer t\u00edtulo de campe\u00f3n de la Champions League en la temporada 2024-25.<\/p>\n\n\n\n<p>El piloto de F\u00f3rmula 1&nbsp;<strong>Lando Norris<\/strong>, campe\u00f3n del mundo, gan\u00f3 el premio a Revalaci\u00f3n del A\u00f1o, mientras que&nbsp;<a href=\"https:\/\/www.olympics.com\/es\/atletas\/rory-mcilroy\"><strong>Rory McIlroy<\/strong><\/a>, dos veces ol\u00edmpico, recibi\u00f3 el galard\u00f3n a Regreso del A\u00f1o tras lograr su tan ansiada victoria en el Masters despu\u00e9s de a\u00f1os de quedarse tan cerca.<\/p>\n\n\n\n<p>Por su parte, el brasile\u00f1o&nbsp;<strong>Gabriel&nbsp;Ara\u00fajo<\/strong>, tres veces campe\u00f3n paral\u00edmpico de nataci\u00f3n en Par\u00eds 2024, fue galardonado como Deportista con Discapacidad del A\u00f1o.<\/p>\n\n\n\n<p>La estadounidense&nbsp;<a href=\"https:\/\/www.olympics.com\/es\/atletas\/chloe-kim\"><strong>Chloe Kim<\/strong><\/a>, que ha dominado el halfpipe femenino durante gran parte de la \u00faltima d\u00e9cada, logr\u00f3 el premio de Deportista de Acci\u00f3n del A\u00f1o, y&nbsp;<strong>Lamine Yamal<\/strong>, estrella del FC Barcelona y la selecci\u00f3n espa\u00f1ola masculina de f\u00fatbol, fue elegido Deportista Joven del A\u00f1o.<\/p>\n\n\n\n<p>El premio a Inspiraci\u00f3n Deportiva del A\u00f1o fue para el exfutbolista alem\u00e1n&nbsp;<strong>Toni Kroos<\/strong>.<\/p>\n\n\n\n<p>F\u00fatbol M\u00e1s, una organizaci\u00f3n destinada a usar el f\u00fatbol como apoyo para ni\u00f1os de comunidades en situaci\u00f3n vulnerable, recibi\u00f3 el&nbsp;Sport for Good Award (Deporte por una buena causa).<\/p>\n\n\n\n<figure class=\"wp-block-embed\"><div class=\"wp-block-embed__wrapper\">\nhttps:\/\/edcbd51264d3ee6f924dbdbea7772780.safeframe.googlesyndication.com\/safeframe\/1-0-45\/html\/container.html\n<\/div><\/figure>\n\n\n\n<p><\/p>\n\n\n\n<p>Duration Time30:35Play<\/p>\n\n\n\n<h6 class=\"wp-block-heading\">Mis grandes momentos ol\u00edmpicos con Nadia Comaneci<\/h6>\n\n\n\n<p>En 1976, en los Juegos Ol\u00edmpicos de Montreal, Nadie Comanecci con 14 a\u00f1os fue la primera gimnasta en la historia de los Juegos Ol\u00edmpicos en lograr un 10 perfecto. En \u00abMis grandes momentos ol\u00edmpicos\u00bb, Nadia recuerda c\u00f3mo se sinti\u00f3 esa perfecci\u00f3n. Cada paso y cada giro. Mira c\u00f3mo cambi\u00f3 el mundo de la gimnasia para siempre.<\/p>\n\n\n\n<h2 class=\"wp-block-heading\">Nadia&nbsp;Com\u0103neci, Premio a la Trayectoria Deportiva<\/h2>\n\n\n\n<p>Y por supuesto,&nbsp;<a href=\"https:\/\/www.olympics.com\/es\/atletas\/nadia-comaneci\"><strong>Nadia Com\u0103neci<\/strong><\/a>.<\/p>\n\n\n\n<p>La rumana, para siempre el rostro de los Juegos Ol\u00edmpicos de Montreal 1976, y que consigui\u00f3 el primer 10.0 en la historia ol\u00edmpica de la gimnasia art\u00edstica, recibi\u00f3 el Premio Laureus a la Trayectoria Deportiva.<\/p>\n\n\n\n<p>Cuando ten\u00eda 14 a\u00f1os,&nbsp;Com\u0103neci logr\u00f3 tres medallas de oro en Montreal, una plata y un bronce en una actuaci\u00f3n que le gan\u00f3 la fama mundial y transform\u00f3 su disciplina. Cuatro a\u00f1os m\u00e1s tarde, sum\u00f3 dos nuevos t\u00edtulos ol\u00edmpicos (y dos medallas de plata) en Mosc\u00fa&nbsp;1980.<\/p>\n\n\n\n<p>Com\u0103neci sigue siendo, medio siglo m\u00e1s tarde, una de las atletas que han definido la historia de la gimnasia.<\/p>\n\n\n\n<p>\u201cCuando compet\u00ed en las barras asim\u00e9tricas, no estaba nerviosa\u00bb, asegur\u00f3&nbsp;Com\u0103neci, que recibi\u00f3 el premio de los tambi\u00e9n campeones ol\u00edmpicos de gimnasia&nbsp;Simone Biles y Bart Conner, esposo de Com\u0103neci desde hace 30 a\u00f1os. \u00ab<strong>Solo era una ni\u00f1a peque\u00f1a que segu\u00eda su pasi\u00f3n. Diecisiete segundos de mi vida en unos Juegos Ol\u00edmpicos lo cambiaron todo\u00bb.<\/strong><\/p>\n\n\n\n<h2 class=\"wp-block-heading\">Ganadores de los Premios Laureus del Deporte 2026 &#8211; Lista completa<\/h2>\n\n\n\n<ul class=\"wp-block-list\">\n<li>Premio Laureus al Deportista del a\u00f1o en categor\u00eda masculina:\u00a0<strong>Carlos Alcaraz<\/strong><\/li>\n\n\n\n<li>Premio Laureus a la Deportista del a\u00f1o en categor\u00eda femenina:\u00a0<strong>Aryna Sabalenka<\/strong><\/li>\n\n\n\n<li>Premio Laureus a Equipo del A\u00f1o:\u00a0<strong>Paris Saint-Germain<\/strong>\u00a0<\/li>\n\n\n\n<li>Premio Laureus a Revelaci\u00f3n del A\u00f1o:\u00a0<strong>Lando Norris<\/strong>\u00a0<\/li>\n\n\n\n<li>Premio Laureus a Regreso del A\u00f1o:\u00a0<strong>Rory Mcllroy<\/strong>\u00a0<\/li>\n\n\n\n<li>Premio Laureus a Deportista con Discapacidad del A\u00f1o:\u00a0<strong>Gabriel Ara\u00fajo<\/strong><\/li>\n\n\n\n<li>Premio Laureus a Deportista de Acci\u00f3n del A\u00f1o:\u00a0<strong>Chloe Kim<\/strong><\/li>\n\n\n\n<li>Premio Laureus a Deportista Joven del A\u00f1o:\u00a0<strong>Lamine Yamal<\/strong><\/li>\n\n\n\n<li>Premio Laureus a Inspiraci\u00f3n en el Deporte:\u00a0<strong>Toni Kroos<\/strong><\/li>\n\n\n\n<li>Premio Laureus a la Trayectoria Deportiva:\u00a0<strong>Nadia Com\u0103neci<\/strong><\/li>\n\n\n\n<li>Premio Laureus al Deporte por una Buena Causa:\u00a0<strong>F\u00fatbol M\u00e1s<\/strong><\/li>\n<\/ul>\n\n\n\n<p><\/p>\n\n\n\n<p><\/p>\n\n\n\n<p>olympics.com<\/p>\n","protected":false},"excerpt":{"rendered":"<p>Paris Saint-Germain fue nombrado Equipo del A\u00f1o, Nadia Com\u0103neci recibi\u00f3 el galard\u00f3n a la trayectoria deportiva. Los Juegos Ol\u00edmpicos, el tenis, el f\u00fatbol y la F\u00f3rmula 1, protagonistas de la gala. Foto por: 2026 Getty Images Por\u00a0Scott Bregman El tenis fue el gran protagonista de la gala de los&nbsp;Laureus World Sports Awards 2026, celebrada este [&hellip;]<\/p>\n","protected":false},"author":1,"featured_media":207306,"comment_status":"open","ping_status":"open","sticky":false,"template":"","format":"standard","meta":{"_acf_changed":false,"_jetpack_memberships_contains_paid_content":false,"footnotes":"","jetpack_publicize_message":"","jetpack_publicize_feature_enabled":true,"jetpack_social_post_already_shared":true,"jetpack_social_options":{"image_generator_settings":{"template":"highway","default_image_id":0,"font":"","enabled":false},"version":2}},"categories":[13],"tags":[],"class_list":["post-207305","post","type-post","status-publish","format-standard","has-post-thumbnail","hentry","category-tenis"],"acf":[],"jetpack_publicize_connections":[],"jetpack_featured_media_url":"https:\/\/sportseco.com\/wp-content\/uploads\/2026\/04\/juxvegefdx00ejrcu0kg.avif","jetpack_sharing_enabled":true,"_links":{"self":[{"href":"https:\/\/sportseco.com\/index.php?rest_route=\/wp\/v2\/posts\/207305","targetHints":{"allow":["GET"]}}],"collection":[{"href":"https:\/\/sportseco.com\/index.php?rest_route=\/wp\/v2\/posts"}],"about":[{"href":"https:\/\/sportseco.com\/index.php?rest_route=\/wp\/v2\/types\/post"}],"author":[{"embeddable":true,"href":"https:\/\/sportseco.com\/index.php?rest_route=\/wp\/v2\/users\/1"}],"replies":[{"embeddable":true,"href":"https:\/\/sportseco.com\/index.php?rest_route=%2Fwp%2Fv2%2Fcomments&post=207305"}],"version-history":[{"count":1,"href":"https:\/\/sportseco.com\/index.php?rest_route=\/wp\/v2\/posts\/207305\/revisions"}],"predecessor-version":[{"id":207307,"href":"https:\/\/sportseco.com\/index.php?rest_route=\/wp\/v2\/posts\/207305\/revisions\/207307"}],"wp:featuredmedia":[{"embeddable":true,"href":"https:\/\/sportseco.com\/index.php?rest_route=\/wp\/v2\/media\/207306"}],"wp:attachment":[{"href":"https:\/\/sportseco.com\/index.php?rest_route=%2Fwp%2Fv2%2Fmedia&parent=207305"}],"wp:term":[{"taxonomy":"category","embeddable":true,"href":"https:\/\/sportseco.com\/index.php?rest_route=%2Fwp%2Fv2%2Fcategories&post=207305"},{"taxonomy":"post_tag","embeddable":true,"href":"https:\/\/sportseco.com\/index.php?rest_route=%2Fwp%2Fv2%2Ftags&post=207305"}],"curies":[{"name":"wp","href":"https:\/\/api.w.org\/{rel}","templated":true}]}}