{"id":207336,"date":"2026-04-21T12:42:45","date_gmt":"2026-04-21T16:42:45","guid":{"rendered":"https:\/\/sportseco.com\/?p=207336"},"modified":"2026-04-21T12:42:45","modified_gmt":"2026-04-21T16:42:45","slug":"la-fcf-recibe-en-bogota-a-los-campeones-sudamericanos-video","status":"publish","type":"post","link":"https:\/\/sportseco.com\/?p=207336","title":{"rendered":"La FCF recibe en Bogot\u00e1 a los campeones Sudamericanos. Video"},"content":{"rendered":"\n<p>La Federaci\u00f3n Colombiana de F\u00fatbol&nbsp;<strong>recibi\u00f3 hoy en las instalaciones de la Sede Deportiva en Bogot\u00e1 a los 23 jugadores campeones del CONMEBOL Sub-17<\/strong>&nbsp;y al cuerpo t\u00e9cnico.<\/p>\n\n\n\n<p>Los d<strong>eportistas atendieron a los medios de comunicaci\u00f3n presentes en la capital del pa\u00eds, donde varios de ellos compartieron sus impresiones&nbsp;<\/strong>y emociones tras la obtenci\u00f3n del t\u00edtulo continental, destacando el esfuerzo, la uni\u00f3n del grupo y el orgullo de representar al pa\u00eds en lo m\u00e1s alto del torneo.<\/p>\n\n\n\n<p>A las&nbsp;<strong>11:30 a. m. se dio inicio a la conferencia de prensa oficial, la cual fue atendida por el director t\u00e9cnico Freddy Hurtado, el capit\u00e1n Eider Carrillo y el jugador Miguel Ag\u00e1mez<\/strong>, quienes resaltaron el trabajo realizado durante el campeonato, el compromiso del equipo y la importancia de este logro para el futuro del f\u00fatbol colombiano.<\/p>\n\n\n\n<p>Durante el espacio,&nbsp;<strong>los protagonistas respondieron las preguntas de los periodistas y coincidieron en que este t\u00edtulo es el resultado de un proceso s\u00f3lido<\/strong>, disciplina constante y una mentalidad campeona que permiti\u00f3 superar cada desaf\u00edo a lo largo del certamen.<\/p>\n\n\n\n<figure class=\"wp-block-embed is-type-video is-provider-youtube wp-block-embed-youtube wp-embed-aspect-16-9 wp-has-aspect-ratio\"><div class=\"wp-block-embed__wrapper\">\n<iframe loading=\"lazy\" title=\"\ud83d\udd34 EN VIVO |  Conferencia de prensa | Selecci\u00f3n Colombia Masculina Sub17, campeona CONMEBOL Sub17\" width=\"640\" height=\"360\" src=\"https:\/\/www.youtube.com\/embed\/kWSD2tkQScA?feature=oembed\" frameborder=\"0\" allow=\"accelerometer; autoplay; clipboard-write; encrypted-media; gyroscope; picture-in-picture; web-share\" referrerpolicy=\"strict-origin-when-cross-origin\" allowfullscreen><\/iframe>\n<\/div><\/figure>\n\n\n\n<figure class=\"wp-block-embed is-type-rich is-provider-gestor-del-servicio wp-block-embed-gestor-del-servicio\"><div class=\"wp-block-embed__wrapper\">\nhttps:\/\/youtube.com\/watch?v=kWSD2tkQScA%3Ffeature%3Doembed\n<\/div><\/figure>\n\n\n\n<p>fcf.com.co<\/p>\n","protected":false},"excerpt":{"rendered":"<p>La Federaci\u00f3n Colombiana de F\u00fatbol&nbsp;recibi\u00f3 hoy en las instalaciones de la Sede Deportiva en Bogot\u00e1 a los 23 jugadores campeones del CONMEBOL Sub-17&nbsp;y al cuerpo t\u00e9cnico. Los deportistas atendieron a los medios de comunicaci\u00f3n presentes en la capital del pa\u00eds, donde varios de ellos compartieron sus impresiones&nbsp;y emociones tras la obtenci\u00f3n del t\u00edtulo continental, destacando [&hellip;]<\/p>\n","protected":false},"author":1,"featured_media":207338,"comment_status":"open","ping_status":"open","sticky":false,"template":"","format":"standard","meta":{"_acf_changed":false,"_jetpack_memberships_contains_paid_content":false,"footnotes":"","jetpack_publicize_message":"","jetpack_publicize_feature_enabled":true,"jetpack_social_post_already_shared":true,"jetpack_social_options":{"image_generator_settings":{"template":"highway","default_image_id":0,"font":"","enabled":false},"version":2}},"categories":[5],"tags":[],"class_list":["post-207336","post","type-post","status-publish","format-standard","has-post-thumbnail","hentry","category-futbol"],"acf":[],"jetpack_publicize_connections":[],"jetpack_featured_media_url":"https:\/\/i0.wp.com\/sportseco.com\/wp-content\/uploads\/2026\/04\/Seleccion-Colombia-Masculina-Sub-17-2048x1366-1.jpeg?fit=2048%2C1366&ssl=1","jetpack_sharing_enabled":true,"_links":{"self":[{"href":"https:\/\/sportseco.com\/index.php?rest_route=\/wp\/v2\/posts\/207336","targetHints":{"allow":["GET"]}}],"collection":[{"href":"https:\/\/sportseco.com\/index.php?rest_route=\/wp\/v2\/posts"}],"about":[{"href":"https:\/\/sportseco.com\/index.php?rest_route=\/wp\/v2\/types\/post"}],"author":[{"embeddable":true,"href":"https:\/\/sportseco.com\/index.php?rest_route=\/wp\/v2\/users\/1"}],"replies":[{"embeddable":true,"href":"https:\/\/sportseco.com\/index.php?rest_route=%2Fwp%2Fv2%2Fcomments&post=207336"}],"version-history":[{"count":1,"href":"https:\/\/sportseco.com\/index.php?rest_route=\/wp\/v2\/posts\/207336\/revisions"}],"predecessor-version":[{"id":207339,"href":"https:\/\/sportseco.com\/index.php?rest_route=\/wp\/v2\/posts\/207336\/revisions\/207339"}],"wp:featuredmedia":[{"embeddable":true,"href":"https:\/\/sportseco.com\/index.php?rest_route=\/wp\/v2\/media\/207338"}],"wp:attachment":[{"href":"https:\/\/sportseco.com\/index.php?rest_route=%2Fwp%2Fv2%2Fmedia&parent=207336"}],"wp:term":[{"taxonomy":"category","embeddable":true,"href":"https:\/\/sportseco.com\/index.php?rest_route=%2Fwp%2Fv2%2Fcategories&post=207336"},{"taxonomy":"post_tag","embeddable":true,"href":"https:\/\/sportseco.com\/index.php?rest_route=%2Fwp%2Fv2%2Ftags&post=207336"}],"curies":[{"name":"wp","href":"https:\/\/api.w.org\/{rel}","templated":true}]}}