{"id":207382,"date":"2026-04-22T08:38:26","date_gmt":"2026-04-22T12:38:26","guid":{"rendered":"https:\/\/sportseco.com\/?p=207382"},"modified":"2026-04-22T08:39:57","modified_gmt":"2026-04-22T12:39:57","slug":"bogota-avanza-en-la-delimitacion-del-paramo-cruz-verde-sumapaz","status":"publish","type":"post","link":"https:\/\/sportseco.com\/?p=207382","title":{"rendered":"Bogot\u00e1 avanza en la delimitaci\u00f3n del p\u00e1ramo Cruz Verde\u2013Sumapaz"},"content":{"rendered":"\n<figure class=\"wp-block-image\"><img data-recalc-dims=\"1\" decoding=\"async\" src=\"https:\/\/i0.wp.com\/www.minambiente.gov.co\/wp-content\/uploads\/2026\/04\/Sumapaz.jpeg?w=640&#038;ssl=1\" alt=\"Bogot\u00e1 avanza en la delimitaci\u00f3n del p\u00e1ramo Cruz Verde\u2013Sumapaz\" title=\"Bogot\u00e1 avanza en la delimitaci\u00f3n del p\u00e1ramo Cruz Verde\u2013Sumapaz\"\/><\/figure>\n\n\n\n<p>Los acuerdos alcanzados en las localidades de Usaqu\u00e9n y Usme, en Bogot\u00e1, y en el municipio de Ubaque representan un paso clave para la protecci\u00f3n de m\u00e1s de 16.086 hect\u00e1reas del p\u00e1ramo m\u00e1s grande del mundo.<\/p>\n\n\n\n<p><strong>Bogot\u00e1, 21 de abril de 2026 (@MinAmbienteCo) \u2013<\/strong>&nbsp;Las localidades de Usaqu\u00e9n y Usme, en Bogot\u00e1, y el municipio de Ubaque, en Cundinamarca, lograron avances clave en la fase de concertaci\u00f3n para la delimitaci\u00f3n participativa del p\u00e1ramo Cruz Verde\u2013Sumapaz.<\/p>\n\n\n\n<p>En Usaqu\u00e9n se lograron consensos en los seis puntos ineludibles establecidos por la Corte Constitucional; en Usme y Ubaque se alcanzaron acuerdos en cinco de los seis puntos, consolidando avances significativos en la construcci\u00f3n colectiva de una delimitaci\u00f3n que proteja el agua y garantice los derechos de las comunidades que habitan el territorio.<\/p>\n\n\n\n<p>El Ministerio de Ambiente asegur\u00f3 que este es un nuevo avance en la protecci\u00f3n y conservaci\u00f3n del p\u00e1ramo, as\u00ed como en la garant\u00eda de los derechos de las comunidades. Con la incorporaci\u00f3n de estos tres territorios, se completan 42.113 hect\u00e1reas concertadas, lo que demuestra que es posible construir acuerdos con las comunidades.<\/p>\n\n\n\n<p>En las jornadas de concertaci\u00f3n participaron comunidades campesinas, l\u00edderes ambientales, autoridades municipales y representantes del sector productivo de estos territorios, junto con los ministerios de Agricultura y Ambiente. Tambi\u00e9n acompa\u00f1aron estos espacios la&nbsp;CAR&nbsp;Cundinamarca,&nbsp;Corporinoquia&nbsp;y la Secretar\u00eda de Ambiente de Bogot\u00e1. Como garantes del proceso asistieron la Defensor\u00eda del Pueblo y la Procuradur\u00eda General de la Naci\u00f3n, asegurando transparencia y cumplimiento de los lineamientos establecidos por la Corte Constitucional.<\/p>\n\n\n\n<p>Para el alcalde de Ubaque, Jhoanny Oswaldo Garz\u00f3n, este espacio es muy importante porque la comunidad tiene el saber y el conocimiento de lo que ocurre en el territorio, especialmente alrededor del agua. Es clave aclarar y comprender por qu\u00e9 se realiza la delimitaci\u00f3n y c\u00f3mo contribuye a proteger el p\u00e1ramo.<\/p>\n\n\n\n<p>Por su parte, \u00c1ngela Patricia Celis Roa, de la Alcald\u00eda Local de Usme, Bogot\u00e1, afirm\u00f3: \u201c<em>Queremos dejar constancia de nuestro respaldo a este proceso. Hemos acompa\u00f1ado cada jornada junto a las comunidades campesinas y seguiremos presentes en cada etapa que garantice sus derechos y el cuidado del p\u00e1ramo<\/em>\u201d.<\/p>\n\n\n\n<p>A su vez, David Espinoza, habitante de la localidad de Usaqu\u00e9n en Bogot\u00e1, expres\u00f3 que \u201c<em>la jornada fue muy productiva. Se aclararon muchas dudas y la comunidad se comprometi\u00f3 con la protecci\u00f3n de las especies de flora y fauna que son fundamentales para la conservaci\u00f3n del p\u00e1ramo<\/em>\u201d.<\/p>\n\n\n\n<p>Entre los temas de mayor discusi\u00f3n estuvieron la instancia de coordinaci\u00f3n, entendida como el espacio donde las comunidades buscan participar en la toma de decisiones sobre la gesti\u00f3n integral del p\u00e1ramo, y la definici\u00f3n del \u00e1rea de referencia del p\u00e1ramo Cruz Verde\u2013Sumapaz, frente a la cual se plantearon inquietudes sobre su alcance territorial.<\/p>\n\n\n\n<p>El Ministerio de Ambiente y Desarrollo Sostenible reiter\u00f3 su compromiso de seguir avanzando de manera participativa con las comunidades y autoridades locales en la delimitaci\u00f3n de este ecosistema estrat\u00e9gico, fundamental para la seguridad h\u00eddrica del centro del pa\u00eds.<\/p>\n\n\n\n<p><\/p>\n\n\n\n<p>minambiente.gov.co<\/p>\n","protected":false},"excerpt":{"rendered":"<p>Los acuerdos alcanzados en las localidades de Usaqu\u00e9n y Usme, en Bogot\u00e1, y en el municipio de Ubaque representan un paso clave para la protecci\u00f3n de m\u00e1s de 16.086 hect\u00e1reas del p\u00e1ramo m\u00e1s grande del mundo. Bogot\u00e1, 21 de abril de 2026 (@MinAmbienteCo) \u2013&nbsp;Las localidades de Usaqu\u00e9n y Usme, en Bogot\u00e1, y el municipio de [&hellip;]<\/p>\n","protected":false},"author":1,"featured_media":207383,"comment_status":"open","ping_status":"open","sticky":false,"template":"","format":"standard","meta":{"_acf_changed":false,"_jetpack_memberships_contains_paid_content":false,"footnotes":"","jetpack_publicize_message":"","jetpack_publicize_feature_enabled":true,"jetpack_social_post_already_shared":true,"jetpack_social_options":{"image_generator_settings":{"template":"highway","default_image_id":0,"font":"","enabled":false},"version":2}},"categories":[6],"tags":[],"class_list":["post-207382","post","type-post","status-publish","format-standard","has-post-thumbnail","hentry","category-ecologia"],"acf":[],"jetpack_publicize_connections":[],"jetpack_featured_media_url":"https:\/\/i0.wp.com\/sportseco.com\/wp-content\/uploads\/2026\/04\/paramo-cruz-verde.webp?fit=1024%2C536&ssl=1","jetpack_sharing_enabled":true,"_links":{"self":[{"href":"https:\/\/sportseco.com\/index.php?rest_route=\/wp\/v2\/posts\/207382","targetHints":{"allow":["GET"]}}],"collection":[{"href":"https:\/\/sportseco.com\/index.php?rest_route=\/wp\/v2\/posts"}],"about":[{"href":"https:\/\/sportseco.com\/index.php?rest_route=\/wp\/v2\/types\/post"}],"author":[{"embeddable":true,"href":"https:\/\/sportseco.com\/index.php?rest_route=\/wp\/v2\/users\/1"}],"replies":[{"embeddable":true,"href":"https:\/\/sportseco.com\/index.php?rest_route=%2Fwp%2Fv2%2Fcomments&post=207382"}],"version-history":[{"count":1,"href":"https:\/\/sportseco.com\/index.php?rest_route=\/wp\/v2\/posts\/207382\/revisions"}],"predecessor-version":[{"id":207384,"href":"https:\/\/sportseco.com\/index.php?rest_route=\/wp\/v2\/posts\/207382\/revisions\/207384"}],"wp:featuredmedia":[{"embeddable":true,"href":"https:\/\/sportseco.com\/index.php?rest_route=\/wp\/v2\/media\/207383"}],"wp:attachment":[{"href":"https:\/\/sportseco.com\/index.php?rest_route=%2Fwp%2Fv2%2Fmedia&parent=207382"}],"wp:term":[{"taxonomy":"category","embeddable":true,"href":"https:\/\/sportseco.com\/index.php?rest_route=%2Fwp%2Fv2%2Fcategories&post=207382"},{"taxonomy":"post_tag","embeddable":true,"href":"https:\/\/sportseco.com\/index.php?rest_route=%2Fwp%2Fv2%2Ftags&post=207382"}],"curies":[{"name":"wp","href":"https:\/\/api.w.org\/{rel}","templated":true}]}}