{"id":207395,"date":"2026-04-22T17:27:52","date_gmt":"2026-04-22T21:27:52","guid":{"rendered":"https:\/\/sportseco.com\/?p=207395"},"modified":"2026-04-22T17:28:10","modified_gmt":"2026-04-22T21:28:10","slug":"a-la-final-el-fc-bayern-gana-en-leverkusen-y-estara-en-la-gran-cita-de-berlin","status":"publish","type":"post","link":"https:\/\/sportseco.com\/?p=207395","title":{"rendered":"\u00a1A LA FINAL! El FC Bayern gana en Leverkusen y estar\u00e1 en la gran cita de Berl\u00edn"},"content":{"rendered":"\n<ul class=\"wp-block-list\">\n<li><strong>El FC Bayern vence en la semifinal de Copa contra el Leverkusen<\/strong><\/li>\n\n\n\n<li><strong>Goles de Kane &amp; Luis D\u00edaz\u00a0<\/strong><\/li>\n\n\n\n<li><strong>La final se celebrar\u00e1 el 23 de mayo<\/strong><strong>\u00a0en Berl\u00edn<\/strong><\/li>\n<\/ul>\n\n\n\n<p>\u00a1Berl\u00edn, Berl\u00edn, nos vamos a Berl\u00edn! \u00a1El FC Bayern se ha clasificado para la final de la Copa DFB! El mi\u00e9rcoles por la noche, el conjunto b\u00e1varo logr\u00f3 un merecido 0-2 (0-1) contra el Bayer 04 Leverkusen en semifinales, alcanzando as\u00ed la final por primera vez en seis a\u00f1os. El 23 de mayo, en el Olympiastadion de la capital alemana, el Bayern se enfrentar\u00e1 al ganador de la segunda semifinal que disputar\u00e1 el VfB Stuttgart y el SC Freiburg.<\/p>\n\n\n\n<h2 class=\"wp-block-heading\">\u00a1Un triunfo m\u00e1s que merecido!<\/h2>\n\n\n\n<figure class=\"wp-block-image\"><img data-recalc-dims=\"1\" decoding=\"async\" src=\"https:\/\/i0.wp.com\/img.fcbayern.com\/image\/upload\/f_auto\/q_auto\/ar_16%3A9%2Cc_fill%2Cg_custom%2Cw_1024\/v1776885764\/cms\/public\/images\/fcbayern-com\/homepage\/Saison-25-26\/Galerien\/Spiele\/leverkusen-fcb-pokal\/09-leverkusen-fcbayern-260422-mel.jpg?w=640&#038;ssl=1\" alt=\"\"\/><figcaption class=\"wp-element-caption\">\u00a9 Getty<\/figcaption><\/figure>\n\n\n\n<p>Desde el inicio, el equipo dirigido por el entrenador&nbsp;<a href=\"https:\/\/fcbayern.com\/es\/teams\/first-team\/coaches-and-staff\/vincent-kompany\">Vincent Kompany<\/a>&nbsp;mostr\u00f3 un juego muy comprometido, dominante y ofensivo.&nbsp;<a href=\"https:\/\/fcbayern.com\/es\/teams\/first-team\/harry-kane\">Harry Kane<\/a>&nbsp;adelant\u00f3 al conjunto muniqu\u00e9s, claramente superior, en el minuto 21. Posteriormente, los b\u00e1varos desaprovecharon varias oportunidades para sentenciar el partido. Sin embargo, en el tiempo de descuento, Luis D\u00edaz sell\u00f3 el merecido 0-2 definitivo.&nbsp;<\/p>\n\n\n\n<p><em>Hemos resumido las mejores jugadas del partido<\/em><\/p>\n\n\n\n<h2 class=\"wp-block-heading\">Minutos 5\/15: El Bayern tuvo buenas oportunidades al principio<\/h2>\n\n\n\n<figure class=\"wp-block-image\"><img data-recalc-dims=\"1\" decoding=\"async\" src=\"https:\/\/i0.wp.com\/img.fcbayern.com\/image\/upload\/f_auto\/q_auto\/ar_16%3A9%2Cc_fill%2Cg_custom%2Cw_1024\/v1776886151\/cms\/public\/images\/fcbayern-com\/homepage\/Saison-25-26\/Galerien\/Spiele\/leverkusen-fcb-pokal\/06-leverkusen-fcbayern-260422-mel.jpg?w=640&#038;ssl=1\" alt=\"\"\/><figcaption class=\"wp-element-caption\">\u00a9 Getty<\/figcaption><\/figure>\n\n\n\n<p>El FC Bayern tom\u00f3 el control del partido de inmediato y gener\u00f3 las primeras ocasiones de peligro. En el minuto 5,&nbsp;<a href=\"https:\/\/fcbayern.com\/es\/teams\/first-team\/dayot-upamecano\">Dayot Upamecano<\/a>&nbsp;remat\u00f3 de volea desde cinco metros tras un saque de esquina sacado en corto, pero el bal\u00f3n se march\u00f3 ligeramente por encima del larguero.<\/p>\n\n\n\n<p>Diez minutos despu\u00e9s, Luis D\u00edaz dispuso de una buena oportunidad con un disparo desde la derecha del \u00e1rea tras una jugada individual de&nbsp;<a href=\"https:\/\/fcbayern.com\/es\/teams\/first-team\/jamal-musiala\">Jamal Musiala<\/a>. Sin embargo, Mark Flekken detuvo el remate del colombiano. El portero del Bayer Leverkusen tambi\u00e9n tuvo que intervenir en dos ocasiones m\u00e1s para detener los disparos de Kane (minuto 17) y&nbsp;<a href=\"https:\/\/fcbayern.com\/es\/teams\/first-team\/konrad-laimer\">Konrad Laimer<\/a>&nbsp;(minuto 19).&nbsp;<\/p>\n\n\n\n<h2 class=\"wp-block-heading\">Minuto 22: \u00a1Kane recompensa la gran actuaci\u00f3n del Bayern!<\/h2>\n\n\n\n<figure class=\"wp-block-image\"><img data-recalc-dims=\"1\" decoding=\"async\" src=\"https:\/\/i0.wp.com\/img.fcbayern.com\/image\/upload\/f_auto\/q_auto\/ar_16%3A9%2Cc_fill%2Cg_custom%2Cw_1024\/v1776885468\/cms\/public\/images\/fcbayern-com\/homepage\/Saison-25-26\/Galerien\/Spiele\/leverkusen-fcb-pokal\/07-leverkusen-fcbayern-260422-mel.jpg?w=640&#038;ssl=1\" alt=\"\"\/><figcaption class=\"wp-element-caption\">\u00a9 FC Bayern<\/figcaption><\/figure>\n\n\n\n<p>\u00a1S\u00ed, ventaja merecida! Tras un r\u00e1pido saque de banda,&nbsp;<a href=\"https:\/\/fcbayern.com\/es\/teams\/first-team\/jamal-musiala\">Michael Olise<\/a>&nbsp;habilit\u00f3 a Musiala por la banda derecha con un magn\u00edfico taconazo. El atacante recort\u00f3 hacia el \u00e1rea y centr\u00f3. En el centro,&nbsp;<a href=\"https:\/\/fcbayern.com\/es\/teams\/first-team\/luis-diaz\">Luis D\u00edaz<\/a>&nbsp;dej\u00f3 pasar el esf\u00e9rico, Kane control\u00f3 y remat\u00f3 con frialdad para poner el 0-1 en el marcador.<\/p>\n\n\n\n<h2 class=\"wp-block-heading\">Minuto 40: El disparo de Kane se va ligeramente desviado<\/h2>\n\n\n\n<figure class=\"wp-block-image\"><img data-recalc-dims=\"1\" decoding=\"async\" src=\"https:\/\/i0.wp.com\/img.fcbayern.com\/image\/upload\/f_auto\/q_auto\/ar_16%3A9%2Cc_fill%2Cg_custom%2Cw_1024\/v1776886358\/cms\/public\/images\/fcbayern-com\/homepage\/Saison-25-26\/Galerien\/Spiele\/leverkusen-fcb-pokal\/12-leverkusen-fcbayern-260422-mel.jpg?w=640&#038;ssl=1\" alt=\"\"\/><figcaption class=\"wp-element-caption\">\u00a9 FC Bayern<\/figcaption><\/figure>\n\n\n\n<p>\u00a1Casi llega el 0-2! Un centro de Olise fue desviado por Edmond Tapsoba, defensa del Leverkusen, directamente a los pies de Kane. Nuestro n\u00famero nueve control\u00f3 el bal\u00f3n de primeras y dispar\u00f3. Sin embargo, el remate del ingl\u00e9s se march\u00f3 por encima del larguero.<\/p>\n\n\n\n<h2 class=\"wp-block-heading\">Minutos 49, 52 y 56: ocasiones de Musiala y Stani\u0161i\u0107, Neuer realiza una parada excepcional<\/h2>\n\n\n\n<figure class=\"wp-block-image\"><img data-recalc-dims=\"1\" decoding=\"async\" src=\"https:\/\/i0.wp.com\/img.fcbayern.com\/image\/upload\/f_auto\/q_auto\/ar_16%3A9%2Cc_fill%2Cg_custom%2Cw_1024\/v1776888122\/cms\/public\/images\/fcbayern-com\/homepage\/Saison-25-26\/Galerien\/Spiele\/leverkusen-fcb-pokal\/16-leverkusen-fcbayern-260422-mel.jpg?w=640&#038;ssl=1\" alt=\"\"\/><figcaption class=\"wp-element-caption\">\u00a9 Getty<\/figcaption><\/figure>\n\n\n\n<p>Tras el descanso, el Bayern sigui\u00f3 apretando y generando oportunidades de gol. En el minuto 49, Olise le dio un pase preciso a Musiala. Nuestro n\u00famero diez pic\u00f3 el bal\u00f3n por encima de Flekken, pero el capit\u00e1n del Leverkusen, Robert Andrich, se lanz\u00f3 y despej\u00f3 el peligro en el \u00faltimo instante. En el minuto 56, el disparo de&nbsp;<a href=\"https:\/\/fcbayern.com\/es\/teams\/first-team\/josip-stani%C5%A1i%C4%87\">Josip Stani\u0161i\u0107<\/a>&nbsp;desde la derecha del \u00e1rea fue detenido por Flekken.<\/p>\n\n\n\n<p>Por otro lado, los locales tuvieron su primera ocasi\u00f3n clara en el minuto 52. Nathan Tella dispar\u00f3 desde el borde del \u00e1rea, pero&nbsp;<a href=\"https:\/\/fcbayern.com\/es\/teams\/first-team\/manuel-neuer\">Manuel Neuer<\/a>&nbsp;se estir\u00f3 al m\u00e1ximo y logr\u00f3 desviar el bal\u00f3n a c\u00f3rner: \u00a1una parada de clase mundial!&nbsp;<\/p>\n\n\n\n<h2 class=\"wp-block-heading\">Minuto 62: Flekken vuelve a aparecer ante ante Kane y Lucho<\/h2>\n\n\n\n<figure class=\"wp-block-image\"><img data-recalc-dims=\"1\" decoding=\"async\" src=\"https:\/\/i0.wp.com\/img.fcbayern.com\/image\/upload\/f_auto\/q_auto\/ar_16%3A9%2Cc_fill%2Cg_custom%2Cw_1024\/v1776890512\/cms\/public\/images\/fcbayern-com\/homepage\/Saison-25-26\/Galerien\/Spiele\/leverkusen-fcb-pokal\/18-leverkusen-fcbayern-260422-mel.jpg?w=640&#038;ssl=1\" alt=\"\"\/><figcaption class=\"wp-element-caption\">\u00a9 Getty<\/figcaption><\/figure>\n\n\n\n<p>El FC Bayern estuvo mucho m\u00e1s cerca de marcar el segundo tanto, pero desperdici\u00f3 dos ocasiones clar\u00edsimas para sellar la victoria. En el minuto 62, Kane recibi\u00f3 el bal\u00f3n por la izquierda del \u00e1rea, regate\u00f3 a un defensor y dispar\u00f3. Pero Flekken se lanz\u00f3 y ataj\u00f3 el bal\u00f3n. Trece minutos despu\u00e9s, Luis D\u00edaz le rob\u00f3 el bal\u00f3n a Tapsoba, del Leverkusen, y dispar\u00f3, pero de nuevo Flekken respondi\u00f3 a la perfecci\u00f3n, desviando el bal\u00f3n por encima del larguero.<\/p>\n\n\n\n<h2 class=\"wp-block-heading\">Minuto 90+3: \u00a1LUCHO anota el gol decisivo!<\/h2>\n\n\n\n<figure class=\"wp-block-image\"><img data-recalc-dims=\"1\" decoding=\"async\" src=\"https:\/\/i0.wp.com\/img.fcbayern.com\/image\/upload\/f_auto\/q_auto\/ar_16%3A9%2Cc_fill%2Cg_custom%2Cw_1024\/v1776890876\/cms\/public\/images\/fcbayern-com\/homepage\/Saison-25-26\/Galerien\/Spiele\/leverkusen-fcb-pokal\/21-leverkusen-fcbayern-260422-mel.jpg?w=640&#038;ssl=1\" alt=\"\"\/><figcaption class=\"wp-element-caption\">\u00a9 FC Bayern<\/figcaption><\/figure>\n\n\n\n<p>\u00a1VAAAAAAAMOS! \u00a1La sentencia! Tras un buen contragolpe, Leon Goretzka cedi\u00f3 el bal\u00f3n a Luis D\u00edaz, el colombiano lo pic\u00f3 por encima de Flekken y lo envi\u00f3 al fondo de la red. El gol fue inicialmente anulado por un supuesto fuera de juego. Sin embargo, tras la revisi\u00f3n del VAR, el gol fue finalmente validado.<\/p>\n\n\n\n<p><\/p>\n\n\n\n<p>fcbayern.com<\/p>\n","protected":false},"excerpt":{"rendered":"<p>\u00a1Berl\u00edn, Berl\u00edn, nos vamos a Berl\u00edn! \u00a1El FC Bayern se ha clasificado para la final de la Copa DFB! El mi\u00e9rcoles por la noche, el conjunto b\u00e1varo logr\u00f3 un merecido 0-2 (0-1) contra el Bayer 04 Leverkusen en semifinales, alcanzando as\u00ed la final por primera vez en seis a\u00f1os. El 23 de mayo, en el [&hellip;]<\/p>\n","protected":false},"author":1,"featured_media":207396,"comment_status":"open","ping_status":"open","sticky":false,"template":"","format":"standard","meta":{"_acf_changed":false,"_jetpack_memberships_contains_paid_content":false,"footnotes":"","jetpack_publicize_message":"","jetpack_publicize_feature_enabled":true,"jetpack_social_post_already_shared":true,"jetpack_social_options":{"image_generator_settings":{"template":"highway","default_image_id":0,"font":"","enabled":false},"version":2}},"categories":[5],"tags":[],"class_list":["post-207395","post","type-post","status-publish","format-standard","has-post-thumbnail","hentry","category-futbol"],"acf":[],"jetpack_publicize_connections":[],"jetpack_featured_media_url":"https:\/\/i0.wp.com\/sportseco.com\/wp-content\/uploads\/2026\/04\/09-leverkusen-fcbayern-260422-mel.jpg?fit=1280%2C640&ssl=1","jetpack_sharing_enabled":true,"_links":{"self":[{"href":"https:\/\/sportseco.com\/index.php?rest_route=\/wp\/v2\/posts\/207395","targetHints":{"allow":["GET"]}}],"collection":[{"href":"https:\/\/sportseco.com\/index.php?rest_route=\/wp\/v2\/posts"}],"about":[{"href":"https:\/\/sportseco.com\/index.php?rest_route=\/wp\/v2\/types\/post"}],"author":[{"embeddable":true,"href":"https:\/\/sportseco.com\/index.php?rest_route=\/wp\/v2\/users\/1"}],"replies":[{"embeddable":true,"href":"https:\/\/sportseco.com\/index.php?rest_route=%2Fwp%2Fv2%2Fcomments&post=207395"}],"version-history":[{"count":2,"href":"https:\/\/sportseco.com\/index.php?rest_route=\/wp\/v2\/posts\/207395\/revisions"}],"predecessor-version":[{"id":207398,"href":"https:\/\/sportseco.com\/index.php?rest_route=\/wp\/v2\/posts\/207395\/revisions\/207398"}],"wp:featuredmedia":[{"embeddable":true,"href":"https:\/\/sportseco.com\/index.php?rest_route=\/wp\/v2\/media\/207396"}],"wp:attachment":[{"href":"https:\/\/sportseco.com\/index.php?rest_route=%2Fwp%2Fv2%2Fmedia&parent=207395"}],"wp:term":[{"taxonomy":"category","embeddable":true,"href":"https:\/\/sportseco.com\/index.php?rest_route=%2Fwp%2Fv2%2Fcategories&post=207395"},{"taxonomy":"post_tag","embeddable":true,"href":"https:\/\/sportseco.com\/index.php?rest_route=%2Fwp%2Fv2%2Ftags&post=207395"}],"curies":[{"name":"wp","href":"https:\/\/api.w.org\/{rel}","templated":true}]}}