{"id":207414,"date":"2026-04-23T07:38:48","date_gmt":"2026-04-23T11:38:48","guid":{"rendered":"https:\/\/sportseco.com\/?p=207414"},"modified":"2026-04-23T07:38:48","modified_gmt":"2026-04-23T11:38:48","slug":"dia-internacional-de-las-ninas-en-las-tic-2026","status":"publish","type":"post","link":"https:\/\/sportseco.com\/?p=207414","title":{"rendered":"D\u00eda Internacional de las Ni\u00f1as en las TIC 2026"},"content":{"rendered":"\n<p>D\u00eda Internacional de las Ni\u00f1as en las TIC 2026<\/p>\n\n\n\n<p>El D\u00eda Internacional de las Ni\u00f1as en las TIC de 2026 se celebrar\u00e1 el 23 de abril bajo el lema \u00bb&nbsp;<em>IA para el desarrollo: las ni\u00f1as configuran el futuro digital&nbsp;<\/em>\u201d.<\/p>\n\n\n\n<figure class=\"wp-block-embed is-type-rich is-provider-gestor-del-servicio wp-block-embed-gestor-del-servicio\"><div class=\"wp-block-embed__wrapper\">\nhttps:\/\/youtube.com\/watch?v=iuAT-dtYSEI%3Flist%3DPLpoIPNlF8P2N7xAWEtng4EiUBLVQ7lB6b\n<\/div><\/figure>\n\n\n\n<h2 class=\"wp-block-heading\">Celebraci\u00f3n mundial de la UIT<\/h2>\n\n\n\n<p>La celebraci\u00f3n mundial del D\u00eda Internacional de las Ni\u00f1as en las TIC por la UIT ser\u00e1 copatrocinada el 23 de abril por las Regiones de Europa y Am\u00e9rica, con un enlace en directo entre Tirana (Albania) y Brasilia (Brasil).<\/p>\n\n\n\n<p>La celebraci\u00f3n mundial ser\u00e1&nbsp;<a href=\"https:\/\/www.itu.int\/webcast\/live\/d2026girlsICT\" target=\"_blank\" rel=\"noreferrer noopener\">Transmisi\u00f3n por Internet&nbsp;<\/a>.<\/p>\n\n\n\n<figure class=\"wp-block-image\"><img data-recalc-dims=\"1\" height=\"360\" width=\"640\" decoding=\"async\" src=\"https:\/\/i0.wp.com\/www.itu.int\/women-and-girls\/girls-in-ict\/wp-content\/uploads\/sites\/2\/2026\/02\/GICT-Main-Visual-20126-Itu-global-celebration-1024x576.jpg?resize=640%2C360&#038;ssl=1\" alt=\"\" class=\"wp-image-3187\"\/><\/figure>\n\n\n\n<figure class=\"wp-block-image\"><img data-recalc-dims=\"1\" height=\"360\" width=\"640\" decoding=\"async\" src=\"https:\/\/i0.wp.com\/www.itu.int\/women-and-girls\/girls-in-ict\/wp-content\/uploads\/sites\/2\/2026\/02\/GICT-Main-Visual-20126-1024x576.jpg?resize=640%2C360&#038;ssl=1\" alt=\"\" class=\"wp-image-3178\"\/><\/figure>\n\n\n\n<h2 class=\"wp-block-heading\">Por todo el mundo<\/h2>\n\n\n\n<p>Todo el mundo est\u00e1 invitado a celebrar el D\u00eda de las Ni\u00f1as en las TIC en sus pa\u00edses y comunidades a lo largo del a\u00f1o. Explora el&nbsp;<a href=\"https:\/\/www.itu.int\/women-and-girls\/girls-in-ict\/wp-content\/uploads\/sites\/2\/2025\/04\/Girls-In-ICT-Toolkit_V2025.1.0.pdf\">Conjunto de herramientas&nbsp;<\/a>que ofrece directrices espec\u00edficas y formas creativas de organizar su evento para las Ni\u00f1as en las TIC.<\/p>\n\n\n\n<p>Para mostrar su evento como parte del esfuerzo mundial para celebrar el D\u00eda Internacional de las Ni\u00f1as en las TIC 2026, puede presentar su evento en el&nbsp;<a href=\"https:\/\/www.itu.int\/net4\/ITU-D\/GICT\/login.asp\" target=\"_blank\" rel=\"noreferrer noopener\">Portal del D\u00eda Internacional de las Ni\u00f1as en las TIC&nbsp;<\/a>.<\/p>\n\n\n\n<p>Para m\u00e1s informaci\u00f3n, dir\u00edjase a&nbsp;<a href=\"mailto:girlsinict@itu.int\" target=\"_blank\" rel=\"noreferrer noopener\">girlsinict@itu.int&nbsp;<\/a>.<\/p>\n\n\n\n<p>un.org<\/p>\n","protected":false},"excerpt":{"rendered":"<p>D\u00eda Internacional de las Ni\u00f1as en las TIC 2026 El D\u00eda Internacional de las Ni\u00f1as en las TIC de 2026 se celebrar\u00e1 el 23 de abril bajo el lema \u00bb&nbsp;IA para el desarrollo: las ni\u00f1as configuran el futuro digital&nbsp;\u201d. Celebraci\u00f3n mundial de la UIT La celebraci\u00f3n mundial del D\u00eda Internacional de las Ni\u00f1as en las [&hellip;]<\/p>\n","protected":false},"author":1,"featured_media":207417,"comment_status":"open","ping_status":"open","sticky":false,"template":"","format":"standard","meta":{"_acf_changed":false,"_jetpack_memberships_contains_paid_content":false,"footnotes":"","jetpack_publicize_message":"","jetpack_publicize_feature_enabled":true,"jetpack_social_post_already_shared":true,"jetpack_social_options":{"image_generator_settings":{"template":"highway","default_image_id":0,"font":"","enabled":false},"version":2}},"categories":[108],"tags":[],"class_list":["post-207414","post","type-post","status-publish","format-standard","has-post-thumbnail","hentry","category-dia-mundial"],"acf":[],"jetpack_publicize_connections":[],"jetpack_featured_media_url":"https:\/\/i0.wp.com\/sportseco.com\/wp-content\/uploads\/2026\/04\/GICT-Main-Visual-20126.jpg?fit=1600%2C900&ssl=1","jetpack_sharing_enabled":true,"_links":{"self":[{"href":"https:\/\/sportseco.com\/index.php?rest_route=\/wp\/v2\/posts\/207414","targetHints":{"allow":["GET"]}}],"collection":[{"href":"https:\/\/sportseco.com\/index.php?rest_route=\/wp\/v2\/posts"}],"about":[{"href":"https:\/\/sportseco.com\/index.php?rest_route=\/wp\/v2\/types\/post"}],"author":[{"embeddable":true,"href":"https:\/\/sportseco.com\/index.php?rest_route=\/wp\/v2\/users\/1"}],"replies":[{"embeddable":true,"href":"https:\/\/sportseco.com\/index.php?rest_route=%2Fwp%2Fv2%2Fcomments&post=207414"}],"version-history":[{"count":1,"href":"https:\/\/sportseco.com\/index.php?rest_route=\/wp\/v2\/posts\/207414\/revisions"}],"predecessor-version":[{"id":207418,"href":"https:\/\/sportseco.com\/index.php?rest_route=\/wp\/v2\/posts\/207414\/revisions\/207418"}],"wp:featuredmedia":[{"embeddable":true,"href":"https:\/\/sportseco.com\/index.php?rest_route=\/wp\/v2\/media\/207417"}],"wp:attachment":[{"href":"https:\/\/sportseco.com\/index.php?rest_route=%2Fwp%2Fv2%2Fmedia&parent=207414"}],"wp:term":[{"taxonomy":"category","embeddable":true,"href":"https:\/\/sportseco.com\/index.php?rest_route=%2Fwp%2Fv2%2Fcategories&post=207414"},{"taxonomy":"post_tag","embeddable":true,"href":"https:\/\/sportseco.com\/index.php?rest_route=%2Fwp%2Fv2%2Ftags&post=207414"}],"curies":[{"name":"wp","href":"https:\/\/api.w.org\/{rel}","templated":true}]}}