{"id":207425,"date":"2026-04-23T07:56:59","date_gmt":"2026-04-23T11:56:59","guid":{"rendered":"https:\/\/sportseco.com\/?p=207425"},"modified":"2026-04-23T07:56:59","modified_gmt":"2026-04-23T11:56:59","slug":"dia-mundial-del-libro-y-del-derecho-de-autor-23-de-abril-3","status":"publish","type":"post","link":"https:\/\/sportseco.com\/?p=207425","title":{"rendered":"D\u00eda Mundial del Libro y del Derecho de Autor, 23 de abril"},"content":{"rendered":"\n<h2 class=\"wp-block-heading\">Una celebraci\u00f3n del poder de los libros<\/h2>\n\n\n\n<p>Los libros son como una ventana a otro mundo: con cada nueva p\u00e1gina, nos presentan a nuevas personas, nuevas culturas y nuevas ideas. Cada a\u00f1o, el 23 de abril, la UNESCO celebra el D\u00eda Mundial del Libro y del Derecho de Autor en reconocimiento al poder de los libros como puente entre generaciones y culturas.<\/p>\n\n\n\n<figure class=\"wp-block-image\"><img data-recalc-dims=\"1\" decoding=\"async\" src=\"https:\/\/i0.wp.com\/www.unesco.org\/sites\/default\/files\/styles\/paragraph_medium_desktop\/public\/2025-04\/txt-media_world-book.jpg.webp?w=640&#038;ssl=1\" alt=\"txt-media_world-book\"\/><\/figure>\n\n\n\n<p>\u00a9 Sacha HERON \/ UNESCO<\/p>\n\n\n\n<h2 class=\"wp-block-heading\">R\u00edo de Janeiro: Capital Mundial del Libro 2025, y Rabat: Capital Mundial del Libro 2026<\/h2>\n\n\n\n<p>Cada a\u00f1o, como parte de las celebraciones del D\u00eda Mundial del Libro y del Derecho de Autor, la UNESCO y las organizaciones internacionales que representan a los principales sectores de la industria del libro (editores, libreros y bibliotecas) seleccionan una&nbsp;<a href=\"https:\/\/www.unesco.org\/en\/world-book-capital-network?hub=66703\">Capital Mundial del Libro<\/a>. Las ciudades seleccionadas promueven los libros y la lectura para todos los grupos de edad y en toda la sociedad, tanto en el pa\u00eds anfitri\u00f3n como fuera de \u00e9l.<\/p>\n\n\n\n<p>Hasta la fecha, la UNESCO ha designado 26 Capitales Mundiales del Libro, desde Madrid (Espa\u00f1a) en 2001 hasta&nbsp;<a href=\"https:\/\/www.unesco.org\/es\/articles\/rabat-elegida-capital-mundial-del-libro-para-2026-por-la-unesco?hub=66703\">Rabat (Marruecos) en 2026.<\/a><\/p>\n\n\n\n<p>\u00bfQu\u00e9 nos hace humanos?<\/p>\n\n\n\n<p>Es frecuente que algunos de los libros infantiles m\u00e1s innovadores y sorprendentes deban su origen a la frustraci\u00f3n que han sentido sus autores al no encontrar t\u00edtulos apropiados que ofrecer a sus propios hijos. Uno de los ejemplos m\u00e1s notables es \u00abPedro Melenas\u00bb (1844) del psiquiatra alem\u00e1n Heinrich Hoffmann: una colecci\u00f3n delirante y terror\u00edfica de cuentos breves creados para advertir a los ni\u00f1os de lo que no se debe hacer y, al mismo tiempo, inducirlos a cuestionar la legitimidad de la autoridad de los adultos. Una poderosa combinaci\u00f3n de ideas que tuvo que crear \u00e9l mismo, a falta de mejores opciones.<\/p>\n\n\n\n<p>Algo similar ha dado origen a \u00abLo que nos hace humanos\u00bb, un nuevo libro-\u00e1lbum que la UNESCO se enorgullece en presentar. Un t\u00edtulo que, antes de ser publicado por primera vez en Brasil, fue seleccionado en 2022 por el jurado especializado de&nbsp;<a href=\"https:\/\/dpictus.com\/unpublished\" target=\"_blank\" rel=\"noreferrer noopener\">The Unpublished Picture Book Showcase by dPICTUS<\/a>&nbsp;(que elije algunos de los mejores libros ilustrados que a\u00fan no han sido publicados) por la belleza de las ilustraciones de la artista italiana&nbsp;<a href=\"https:\/\/www.annaforlati.com\/\" target=\"_blank\" rel=\"noreferrer noopener\">Anna Forlati<\/a>&nbsp;y la fuerza del texto escrito por el ling\u00fcista brasilero&nbsp;<a href=\"https:\/\/languagemuseum.org\/interview-with-victor-santos-founder-and-ceo-of-linguacious-llc\/\" target=\"_blank\" rel=\"noreferrer noopener\">Victor D.O. Santos<\/a>. El libro tambi\u00e9n fue elegido para hacer parte de la exposici\u00f3n \u201cBeauty and the World: The New Nonfiction Picture Book\u201d\u202fen la Feria del Libro Infantil de Bolonia en 2023.&nbsp;&nbsp;<\/p>\n\n\n\n<p><em>Lo que nos hace humanos<\/em>&nbsp;tambi\u00e9n ha sido incluido en la selecci\u00f3n&nbsp;<a href=\"https:\/\/www.ijb.de\/en\/news-from-the-iyl\/news\/single\/the-white-ravens-2023-now-online\" target=\"_blank\" rel=\"noreferrer noopener\">The White Ravens 2023<\/a>&nbsp;como uno de los 200 mejores libros para ni\u00f1os publicados en todo el mundo en este a\u00f1o. Los especialistas de la&nbsp;<a href=\"https:\/\/www.ijb.de\/home\" target=\"_blank\" rel=\"noreferrer noopener\">Biblioteca Internacional de la Juventud<\/a>&nbsp;\u2013 la mayor biblioteca de libros para ni\u00f1os del mundo, situada a las afueras de Munich, Alemania, en el castillo de Blutenburg \u2013 presentan esta selecci\u00f3n desde 1986.&nbsp;<\/p>\n\n\n\n<p>En un mundo en el que se estima que 40% de las cerca de 7.000 lenguas habladas que existen actualmente est\u00e1n en peligro de desaparecer al final del siglo XXI, Victor Santos, un apasionado ling\u00fcista, se pregunt\u00f3 c\u00f3mo transmitir a sus propios hijos la noci\u00f3n muy simple, y a la vez poderosa, de que aquello que nos hace humanos est\u00e1 fuertemente unido a nuestra lengua. Que cada idioma, independientemente del n\u00famero de hablantes que tenga, es un vector de cultura: un sinn\u00famero de tradiciones, creencias y perspectivas ante la vida que merecen ser preservadas. Para Victor, entre mayor sea la diversidad ling\u00fc\u00edstica que exista, m\u00e1s ricos seremos como humanos. Reconocer y respetar la diversidad humana es para la UNESCO, desde su fundaci\u00f3n, la clave para el mutuo entendimiento entre los pueblos.&nbsp;&nbsp;<\/p>\n\n\n\n<figure class=\"wp-block-image\"><img data-recalc-dims=\"1\" decoding=\"async\" src=\"https:\/\/i0.wp.com\/www.unesco.org\/sites\/default\/files\/styles\/paragraph_medium_desktop\/article\/2023-07\/Anna%20and%20Victor_dPICTUS_Bologna2023.jpeg.webp?w=640&#038;ssl=1\" alt=\"Victor y Anna en el stand de The Unpublished Picture Book Showcase by dPICTUS en la Feria del Libro Infantil de Bolonia 2022. \u00a9 Victor Santos\" title=\"Victor y Anna en el stand de The Unpublished Picture Book Showcase by dPICTUS en la Feria del Libro Infantil de Bolonia 2022. \u00a9 Victor Santos\"\/><\/figure>\n\n\n\n<p>Victor y Anna en el stand de The Unpublished Picture Book Showcase by dPICTUS en la Feria del Libro Infantil de Bolonia 2022. \u00a9 Victor Santos<\/p>\n\n\n\n<p>Victor Santos<\/p>\n\n\n\n<p>Es ante este riesgo, considerablemente mayor para las m\u00e1s de 4.000 lenguas ind\u00edgenas que existen hoy en d\u00eda a trav\u00e9s del mundo, que las Naciones Unidas declararon 2022\u20132032 el&nbsp;<a href=\"https:\/\/www.unesco.org\/es\/decades\/indigenous-languages?hub=66703\">Decenio Internacional de las Lenguas Ind\u00edgenas<\/a>.&nbsp;&nbsp;<\/p>\n\n\n\n<p>La UNESCO, Organizaci\u00f3n de las Naciones Unidas para la Educaci\u00f3n, la Ciencia, la Cultura y la Comunicaci\u00f3n e Informaci\u00f3n, lidera conjuntamente este Decenio, y ha puesto en marcha un plan de acci\u00f3n de diez a\u00f1os para alertar acerca de la alarmante desaparici\u00f3n de las lenguas ind\u00edgenas, y hacer un llamado urgente a la comunidad internacional para preservarlas, revitalizarlas y celebrar su existencia. Una de las acciones de este plan consiste en transmitir este mensaje a las nuevas generaciones, para que reconozcan la riqueza ling\u00fc\u00edstica que heredan y act\u00faen para preservarla.&nbsp;&nbsp;<\/p>\n\n\n\n<figure class=\"wp-block-image\"><img data-recalc-dims=\"1\" decoding=\"async\" src=\"https:\/\/i0.wp.com\/www.unesco.org\/sites\/default\/files\/styles\/paragraph_medium_desktop\/article\/2023-07\/Illustration%20for%20What%20Makes%20Us%20Human.%20%C2%A9%20Anna%20Forlati_0.png.webp?w=640&#038;ssl=1\" alt=\"Ilustraci\u00f3n interior de \u201cLo que nos hace humanos\u201d. \u00a9 Anna Forlati\" title=\"Ilustraci\u00f3n interior de \u201cLo que nos hace humanos\u201d. \u00a9 Anna Forlati\"\/><\/figure>\n\n\n\n<p>Illustration for What Makes Us Human. \u00a9 Anna Forlati<\/p>\n\n\n\n<p>\u00a9 Anna Forlati<\/p>\n\n\n\n<p>Estamos muy contentos de asociarnos con la UNESCO para la promoci\u00f3n del Decenio Internacional de las Lenguas Ind\u00edgenas, y de llevar nuestro libro y su mensaje a trav\u00e9s del mundo, incluyendo a peque\u00f1os lectores de comunidades ind\u00edgenas y minoritarias, bien sea que hablen con fluidez o no sus lenguas de origen.<\/p>\n\n\n\n<p>El autor, Victor Santos (Brasil)<\/p>\n\n\n\n<p><a href=\"https:\/\/www.unesco.org\/es\/articles\/un-nuevo-informe-de-la-unesco-aboga-por-una-educacion-plurilingue-para-facilitar-el-aprendizaje-y-la?hub=66703\"><\/a><\/p>\n\n\n\n<p>unesco.org<\/p>\n","protected":false},"excerpt":{"rendered":"<p>Una celebraci\u00f3n del poder de los libros Los libros son como una ventana a otro mundo: con cada nueva p\u00e1gina, nos presentan a nuevas personas, nuevas culturas y nuevas ideas. Cada a\u00f1o, el 23 de abril, la UNESCO celebra el D\u00eda Mundial del Libro y del Derecho de Autor en reconocimiento al poder de los [&hellip;]<\/p>\n","protected":false},"author":1,"featured_media":207426,"comment_status":"open","ping_status":"open","sticky":false,"template":"","format":"standard","meta":{"_acf_changed":false,"_jetpack_memberships_contains_paid_content":false,"footnotes":"","jetpack_publicize_message":"","jetpack_publicize_feature_enabled":true,"jetpack_social_post_already_shared":true,"jetpack_social_options":{"image_generator_settings":{"template":"highway","default_image_id":0,"font":"","enabled":false},"version":2}},"categories":[108],"tags":[],"class_list":["post-207425","post","type-post","status-publish","format-standard","has-post-thumbnail","hentry","category-dia-mundial"],"acf":[],"jetpack_publicize_connections":[],"jetpack_featured_media_url":"https:\/\/i0.wp.com\/sportseco.com\/wp-content\/uploads\/2026\/04\/shutterstock_2031737963.jpg.webp?fit=1920%2C792&ssl=1","jetpack_sharing_enabled":true,"_links":{"self":[{"href":"https:\/\/sportseco.com\/index.php?rest_route=\/wp\/v2\/posts\/207425","targetHints":{"allow":["GET"]}}],"collection":[{"href":"https:\/\/sportseco.com\/index.php?rest_route=\/wp\/v2\/posts"}],"about":[{"href":"https:\/\/sportseco.com\/index.php?rest_route=\/wp\/v2\/types\/post"}],"author":[{"embeddable":true,"href":"https:\/\/sportseco.com\/index.php?rest_route=\/wp\/v2\/users\/1"}],"replies":[{"embeddable":true,"href":"https:\/\/sportseco.com\/index.php?rest_route=%2Fwp%2Fv2%2Fcomments&post=207425"}],"version-history":[{"count":1,"href":"https:\/\/sportseco.com\/index.php?rest_route=\/wp\/v2\/posts\/207425\/revisions"}],"predecessor-version":[{"id":207427,"href":"https:\/\/sportseco.com\/index.php?rest_route=\/wp\/v2\/posts\/207425\/revisions\/207427"}],"wp:featuredmedia":[{"embeddable":true,"href":"https:\/\/sportseco.com\/index.php?rest_route=\/wp\/v2\/media\/207426"}],"wp:attachment":[{"href":"https:\/\/sportseco.com\/index.php?rest_route=%2Fwp%2Fv2%2Fmedia&parent=207425"}],"wp:term":[{"taxonomy":"category","embeddable":true,"href":"https:\/\/sportseco.com\/index.php?rest_route=%2Fwp%2Fv2%2Fcategories&post=207425"},{"taxonomy":"post_tag","embeddable":true,"href":"https:\/\/sportseco.com\/index.php?rest_route=%2Fwp%2Fv2%2Ftags&post=207425"}],"curies":[{"name":"wp","href":"https:\/\/api.w.org\/{rel}","templated":true}]}}