{"id":207437,"date":"2026-04-23T16:17:40","date_gmt":"2026-04-23T20:17:40","guid":{"rendered":"https:\/\/sportseco.com\/?p=207437"},"modified":"2026-04-23T16:34:09","modified_gmt":"2026-04-23T20:34:09","slug":"jasch-solos-to-trento-as-pellizzari-carries-the-melinda-green-jersey-into-the-bozen-bolzano-finale","status":"publish","type":"post","link":"https:\/\/sportseco.com\/?p=207437","title":{"rendered":"Jasch hace un solo a Trento mientras Pellizzari lleva la camiseta verde de Melinda a la final de Bozen\/Bolzano"},"content":{"rendered":"\n<p>Jasch llega en solitario a Trento, mientras que Pellizzari se lleva el maillot verde Melinda de cara a la etapa final de Bolzano\/Bozen. El alem\u00e1n del Tudor Pro Team, ex patinador de velocidad, consigue su primera victoria profesional en el Tour de los Alpes. Le siguen Matteo Sobrero y el ciclista local Federico Iacomoni. El veredicto final se pospone hasta la etapa Trento-Bozen\/Bolzano: el d\u00fao INEOS Bernal-Arensman se encuentra a 4 segundos del italiano, portador del maillot verde Melinda.<\/p>\n\n\n\n<ul class=\"wp-block-list\">\n<li>23 de abril de 2026<br \/>El d\u00eda en que el Tour de los Alpes acogi\u00f3 y celebr\u00f3 a los patinadores de velocidad ol\u00edmpicos Arianna Sighel y Andrea Giovannini en Trento, un ex patinador de velocidad tambi\u00e9n acapar\u00f3 todas las miradas en la carretera, disfrutando del mejor d\u00eda de su carrera a la sombra de la c\u00fapula de la capital de Trentino. Lennart Jasch, que compite con los colores de Tudor Pro Cycling, retom\u00f3 el ciclismo en 2023 tras una lesi\u00f3n y no ha dejado de pedalear desde entonces, hasta que hoy, jueves 23 de abril, consigui\u00f3 su primera victoria profesional.<\/li>\n<\/ul>\n\n\n\n<p>La etapa 4 del Tour de los Alpes lo tuvo todo, a lo largo de los 167,8 km entre Arco y Trento (3900 metros de desnivel positivo): las largas subidas iniciales del Passo Bordala y El Passo Redebus y un final de infarto al estilo cl\u00e1sico, marcado por una sucesi\u00f3n incesante de saltos, mantuvieron la carrera en vilo hasta el \u00faltimo momento.<\/p>\n\n\n\n<p>Jasch forj\u00f3 su victoria embistiendo en la escapada de la subida a Bordala con otros cuatro corredores, para luego resistir en el tramo final el intento de remontada de Matteo Sobrero (Lidl\u2013Trek) y Federico Iacomoni (Team UKYO), quienes terminaron segundo y tercero respectivamente bajo el Duomo de Trento. Los dos italianos hab\u00edan intentado alcanzar al grupo del maillot verde, atacando en el descenso de Povo, pero sin el resultado esperado.<\/p>\n\n\n\n<p>Italia se confirma como un terreno favorable para el alem\u00e1n de 25 a\u00f1os, quien el a\u00f1o pasado ya hab\u00eda conseguido dos victorias en la categor\u00eda sub-23 del Giro della Regione Friuli-Venezia-Giulia, llev\u00e1ndose una etapa y la clasificaci\u00f3n general.<\/p>\n\n\n\n<figure class=\"wp-block-image size-large\"><img data-recalc-dims=\"1\" loading=\"lazy\" decoding=\"async\" width=\"640\" height=\"426\" src=\"https:\/\/i0.wp.com\/sportseco.com\/wp-content\/uploads\/2026\/04\/Tour_of_The_Alps_2026_04_23_Matassoni_Luca_Preview_32.webp?resize=640%2C426&#038;ssl=1\" alt=\"\" class=\"wp-image-207439\" srcset=\"https:\/\/i0.wp.com\/sportseco.com\/wp-content\/uploads\/2026\/04\/Tour_of_The_Alps_2026_04_23_Matassoni_Luca_Preview_32.webp?resize=1030%2C686&amp;ssl=1 1030w, https:\/\/i0.wp.com\/sportseco.com\/wp-content\/uploads\/2026\/04\/Tour_of_The_Alps_2026_04_23_Matassoni_Luca_Preview_32.webp?resize=300%2C200&amp;ssl=1 300w, https:\/\/i0.wp.com\/sportseco.com\/wp-content\/uploads\/2026\/04\/Tour_of_The_Alps_2026_04_23_Matassoni_Luca_Preview_32.webp?resize=768%2C512&amp;ssl=1 768w, https:\/\/i0.wp.com\/sportseco.com\/wp-content\/uploads\/2026\/04\/Tour_of_The_Alps_2026_04_23_Matassoni_Luca_Preview_32.webp?w=1400&amp;ssl=1 1400w, https:\/\/i0.wp.com\/sportseco.com\/wp-content\/uploads\/2026\/04\/Tour_of_The_Alps_2026_04_23_Matassoni_Luca_Preview_32.webp?w=1280&amp;ssl=1 1280w\" sizes=\"auto, (max-width: 640px) 100vw, 640px\" \/><\/figure>\n\n\n\n<p>Completando el podio, Florian Stork (Tudor Pro Cycling) y Thymen Arensman (INEOS Grenadiers), el neerland\u00e9s listo para jugar sus cartas ma\u00f1ana en busca de la victoria general en Bolzano. Giulio Pellizzari (Red Bull\u2013BORA\u2013hansgrohe) se confirm\u00f3 como l\u00edder del #TotA 2026, luciendo el maillot verde Melinda por tercer d\u00eda consecutivo, seguido de cerca por el propio Arensman y por el colombiano Egan Bernal, ambos a tan solo 4 segundos.<\/p>\n\n\n\n<p>Bernal tambi\u00e9n le sac\u00f3 dos segundos a Pellizzari, quien podr\u00e1 contar ma\u00f1ana con el apoyo de su compa\u00f1ero de equipo Alexandr Vlasov, cuarto a 6 segundos. Sin embargo, la batalla por la victoria general no parece limitarse a estos cuatro corredores. La clasificaci\u00f3n general sigue extremadamente ajustada: los diez primeros est\u00e1n separados por menos de 30 segundos y todo puede suceder, como suele ocurrir en la recta final en las carreteras de la Euregio entre Tirol, Tirol del Sur\/Alto Adige y Trentino.<\/p>\n\n\n\n<p>JASCH: \u201cA\u00daN NO ME LO CREO\u201d \u201cTodav\u00eda no me lo creo: fue un d\u00eda incre\u00edble, brutalmente duro, y me siento muy afortunado. Supe enseguida que ten\u00eda unas piernas estupendas, as\u00ed que intent\u00e9 creer en ello. Fue duro hasta el final: solo cuando gir\u00e9 a la derecha en la recta final me di cuenta de que hab\u00eda ganado mi primera carrera profesional.\u201d<\/p>\n\n\n\n<p>\u201cFui patinador de velocidad hasta finales de 2023, luego tuve una lesi\u00f3n que me oblig\u00f3 a entrar en rehabilitaci\u00f3n. En ese periodo comprend\u00ed que era bastante r\u00e1pido en bici, al menos a juzgar por los vatios. Entonces contact\u00e9 con el equipo de desarrollo de Bora, y me abrieron las puertas del ciclismo. Lo disfrut\u00e9 enseguida, fue muy divertido, aunque tuve que aprender much\u00edsimo. Creo que he crecido muy r\u00e1pido en los \u00faltimos dos a\u00f1os y medio.\u201d<\/p>\n\n\n\n<p>\u201cRecuerdo que el a\u00f1o pasado, volando de vuelta de Mallorca con Giulio Pellizzari, est\u00e1bamos hablando de esta misma carrera, y me contaba lo incre\u00edblemente exigente que era.\u201d Luego la corr\u00ed por primera vez y el clima no me acompa\u00f1\u00f3: en la etapa 4 me desplom\u00e9 por completo y tuve que abandonar. Y ahora estoy aqu\u00ed, otra vez en la etapa 4, pero esta vez la he ganado. Eso demuestra cu\u00e1nto ha cambiado todo en un a\u00f1o. Para ma\u00f1ana no puedo revelar todas nuestras t\u00e1cticas, ya que el l\u00edder est\u00e1 sentado justo a mi lado, pero obviamente, aunque aprecio a Giulio, espero que la \u00faltima palabra la tenga alguien de nuestro equipo.<\/p>\n\n\n\n<p><\/p>\n\n\n\n<p>tourofthealps.eu<\/p>\n","protected":false},"excerpt":{"rendered":"<p>Jasch llega en solitario a Trento, mientras que Pellizzari se lleva el maillot verde Melinda de cara a la etapa final de Bolzano\/Bozen. El alem\u00e1n del Tudor Pro Team, ex patinador de velocidad, consigue su primera victoria profesional en el Tour de los Alpes. Le siguen Matteo Sobrero y el ciclista local Federico Iacomoni. El [&hellip;]<\/p>\n","protected":false},"author":1,"featured_media":207438,"comment_status":"open","ping_status":"open","sticky":false,"template":"","format":"standard","meta":{"_acf_changed":false,"_jetpack_memberships_contains_paid_content":false,"footnotes":"","jetpack_publicize_message":"","jetpack_publicize_feature_enabled":true,"jetpack_social_post_already_shared":true,"jetpack_social_options":{"image_generator_settings":{"template":"highway","default_image_id":0,"font":"","enabled":false},"version":2}},"categories":[14],"tags":[],"class_list":["post-207437","post","type-post","status-publish","format-standard","has-post-thumbnail","hentry","category-ciclismo"],"acf":[],"jetpack_publicize_connections":[],"jetpack_featured_media_url":"https:\/\/i0.wp.com\/sportseco.com\/wp-content\/uploads\/2026\/04\/Jasch.webp?fit=2048%2C1152&ssl=1","jetpack_sharing_enabled":true,"_links":{"self":[{"href":"https:\/\/sportseco.com\/index.php?rest_route=\/wp\/v2\/posts\/207437","targetHints":{"allow":["GET"]}}],"collection":[{"href":"https:\/\/sportseco.com\/index.php?rest_route=\/wp\/v2\/posts"}],"about":[{"href":"https:\/\/sportseco.com\/index.php?rest_route=\/wp\/v2\/types\/post"}],"author":[{"embeddable":true,"href":"https:\/\/sportseco.com\/index.php?rest_route=\/wp\/v2\/users\/1"}],"replies":[{"embeddable":true,"href":"https:\/\/sportseco.com\/index.php?rest_route=%2Fwp%2Fv2%2Fcomments&post=207437"}],"version-history":[{"count":3,"href":"https:\/\/sportseco.com\/index.php?rest_route=\/wp\/v2\/posts\/207437\/revisions"}],"predecessor-version":[{"id":207445,"href":"https:\/\/sportseco.com\/index.php?rest_route=\/wp\/v2\/posts\/207437\/revisions\/207445"}],"wp:featuredmedia":[{"embeddable":true,"href":"https:\/\/sportseco.com\/index.php?rest_route=\/wp\/v2\/media\/207438"}],"wp:attachment":[{"href":"https:\/\/sportseco.com\/index.php?rest_route=%2Fwp%2Fv2%2Fmedia&parent=207437"}],"wp:term":[{"taxonomy":"category","embeddable":true,"href":"https:\/\/sportseco.com\/index.php?rest_route=%2Fwp%2Fv2%2Fcategories&post=207437"},{"taxonomy":"post_tag","embeddable":true,"href":"https:\/\/sportseco.com\/index.php?rest_route=%2Fwp%2Fv2%2Ftags&post=207437"}],"curies":[{"name":"wp","href":"https:\/\/api.w.org\/{rel}","templated":true}]}}