{"id":207448,"date":"2026-04-23T16:52:07","date_gmt":"2026-04-23T20:52:07","guid":{"rendered":"https:\/\/sportseco.com\/?p=207448"},"modified":"2026-04-23T16:52:07","modified_gmt":"2026-04-23T20:52:07","slug":"nueva-sede-de-parques-nacionales-naturales-en-la-orinoquia-fortalece-la-conservacion-y-la-paz-con-la-naturaleza","status":"publish","type":"post","link":"https:\/\/sportseco.com\/?p=207448","title":{"rendered":"Nueva sede de Parques Nacionales Naturales en la Orinoqu\u00eda fortalece la conservaci\u00f3n y la paz con la naturaleza"},"content":{"rendered":"\n<ul class=\"wp-block-list\">\n<li><em>En el punto donde confluyen los Andes, la Orinoqu\u00eda y la Amazon\u00eda, Parques Nacionales Naturales de Colombi y la Cooperaci\u00f3n Alemana entregan una nueva sede que fortalece la gesti\u00f3n ambiental en la regi\u00f3n. Este espacio, pensado para el trabajo de los guardaparques, se proyecta como un lugar de articulaci\u00f3n con entidades y comunidades para avanzar en la conservaci\u00f3n y la construcci\u00f3n de paz en el territorio.<\/em><\/li>\n<\/ul>\n\n\n\n<p><strong>Villavicencio, \u2013&nbsp;<\/strong>En una regi\u00f3n estrat\u00e9gica para el pa\u00eds, Parques Nacionales Naturales de Colombia y la Cooperaci\u00f3n Alemana a trav\u00e9s de KFW, entregan una nueva sede que fortalece la gesti\u00f3n ambiental y consolida alianzas para la conservaci\u00f3n y la paz en el territorio.<\/p>\n\n\n\n<p><strong>\u201d<\/strong>El cuidar los recursos naturales de todos los colombianos es una tarea compleja, es cuidar algo eternamente\u201d, afirm\u00f3 el director general de Parques Nacionales Naturales, Luisz Olmedo Mart\u00ednez Zamora, al recordar que la entidad protege alrededor de 40 millones de hect\u00e1reas. Su mensaje puso el foco en el tiempo: en la necesidad de pensar la conservaci\u00f3n mas all\u00e1 de una generaci\u00f3n y en el legado que deja cada decisi\u00f3n sobre el territorio.<\/p>\n\n\n\n<p>Esa mirada se traduce en una apuesta concreta: recuperar la conectividad ecol\u00f3gica para mantener vivos los ecosistemas y avanzar hacia una paz que incluya la naturaleza.<\/p>\n\n\n\n<p>La inauguraci\u00f3n cont\u00f3 con la participaci\u00f3n de la embajadora de Alemania en Colombia, Martina Klumm, quien resalt\u00f3 que este nuevo espacio representa un paso clave en la consolidaci\u00f3n de la presencia institucional en una regi\u00f3n estrat\u00e9gica para la biodiversidad. Asimismo, destac\u00f3 el Programa de \u00e1reas Protegidas y Diversidad Biol\u00f3gica como una iniciativa insignia de la cooperaci\u00f3n alemana a trav\u00e9s de KFW.<\/p>\n\n\n\n<p>A trav\u00e9s de este programa, se han impulsado inversiones en infraestructura, ecoturismo, sistemas sostenibles de conservaci\u00f3n y fortalecimiento institucional, con recursos que superan los 3 millones de euros, generando impactos concretos en \u00e1reas protegidas de la regi\u00f3n, como Sierra de la Macarena, Tinigua, Picachos y Sumapaz.<\/p>\n\n\n\n<p>Estas acciones incluyen un trabajo mancomunado con las comunidades, mediate acuerdos de conservaci\u00f3n y la implementaci\u00f3n de modelos productivos sostenibles en cacao y ganader\u00eda, que permiten reducir la deforestaci\u00f3n y fortalecer la conectividad ecol\u00f3gica.<\/p>\n\n\n\n<p>Desde el territorio, las autoridades coincidieron en que estos procesos tambi\u00e9n aportan a la construcci\u00f3n de paz. \u201cEl a\u00f1o pasado firmamos m\u00e1s de 250 acuerdos de conservaci\u00f3n. Eso es hacer paz\u201d, afirm\u00f3 el director territorial Orinoqu\u00eda de Parques Nacionales Naturales, Edgar Olaya.<\/p>\n\n\n\n<p>M\u00e1s all\u00e1 de la infraestructura, la nueva sede se proyecta como un nodo de articulaci\u00f3n regional, educaci\u00f3n ambiental y gesti\u00f3n del conocimiento, donde la conservaci\u00f3n se construye de la mano con las comunidades y la cooperaci\u00f3n internacional se traduce en resultados concretos para el territorio.<\/p>\n\n\n\n<p>Porque, como se reiter\u00f3 durante la jornada, proteger la vida no es solo una misi\u00f3n institucional: es una apuesta de pa\u00eds.<\/p>\n\n\n\n<p><\/p>\n\n\n\n<p>parquesnacionales.gov.co<\/p>\n","protected":false},"excerpt":{"rendered":"<p>Villavicencio, \u2013&nbsp;En una regi\u00f3n estrat\u00e9gica para el pa\u00eds, Parques Nacionales Naturales de Colombia y la Cooperaci\u00f3n Alemana a trav\u00e9s de KFW, entregan una nueva sede que fortalece la gesti\u00f3n ambiental y consolida alianzas para la conservaci\u00f3n y la paz en el territorio. \u201dEl cuidar los recursos naturales de todos los colombianos es una tarea compleja, [&hellip;]<\/p>\n","protected":false},"author":1,"featured_media":207449,"comment_status":"open","ping_status":"open","sticky":false,"template":"","format":"standard","meta":{"_acf_changed":false,"_jetpack_memberships_contains_paid_content":false,"footnotes":"","jetpack_publicize_message":"","jetpack_publicize_feature_enabled":true,"jetpack_social_post_already_shared":true,"jetpack_social_options":{"image_generator_settings":{"template":"highway","default_image_id":0,"font":"","enabled":false},"version":2}},"categories":[6],"tags":[],"class_list":["post-207448","post","type-post","status-publish","format-standard","has-post-thumbnail","hentry","category-ecologia"],"acf":[],"jetpack_publicize_connections":[],"jetpack_featured_media_url":"https:\/\/i0.wp.com\/sportseco.com\/wp-content\/uploads\/2026\/04\/Nueva-sede-de-Parques-Nacionales-Naturales-en-la-Orinoquia-5-1024x645-1.jpeg?fit=1024%2C645&ssl=1","jetpack_sharing_enabled":true,"_links":{"self":[{"href":"https:\/\/sportseco.com\/index.php?rest_route=\/wp\/v2\/posts\/207448","targetHints":{"allow":["GET"]}}],"collection":[{"href":"https:\/\/sportseco.com\/index.php?rest_route=\/wp\/v2\/posts"}],"about":[{"href":"https:\/\/sportseco.com\/index.php?rest_route=\/wp\/v2\/types\/post"}],"author":[{"embeddable":true,"href":"https:\/\/sportseco.com\/index.php?rest_route=\/wp\/v2\/users\/1"}],"replies":[{"embeddable":true,"href":"https:\/\/sportseco.com\/index.php?rest_route=%2Fwp%2Fv2%2Fcomments&post=207448"}],"version-history":[{"count":1,"href":"https:\/\/sportseco.com\/index.php?rest_route=\/wp\/v2\/posts\/207448\/revisions"}],"predecessor-version":[{"id":207450,"href":"https:\/\/sportseco.com\/index.php?rest_route=\/wp\/v2\/posts\/207448\/revisions\/207450"}],"wp:featuredmedia":[{"embeddable":true,"href":"https:\/\/sportseco.com\/index.php?rest_route=\/wp\/v2\/media\/207449"}],"wp:attachment":[{"href":"https:\/\/sportseco.com\/index.php?rest_route=%2Fwp%2Fv2%2Fmedia&parent=207448"}],"wp:term":[{"taxonomy":"category","embeddable":true,"href":"https:\/\/sportseco.com\/index.php?rest_route=%2Fwp%2Fv2%2Fcategories&post=207448"},{"taxonomy":"post_tag","embeddable":true,"href":"https:\/\/sportseco.com\/index.php?rest_route=%2Fwp%2Fv2%2Ftags&post=207448"}],"curies":[{"name":"wp","href":"https:\/\/api.w.org\/{rel}","templated":true}]}}