{"id":207484,"date":"2026-04-24T09:01:08","date_gmt":"2026-04-24T13:01:08","guid":{"rendered":"https:\/\/sportseco.com\/?p=207484"},"modified":"2026-04-24T09:01:08","modified_gmt":"2026-04-24T13:01:08","slug":"la-organizacion-meteorologica-mundial-advierte-de-la-creciente-probabilidad-de-formacion-de-un-episodio-de-el-nino","status":"publish","type":"post","link":"https:\/\/sportseco.com\/?p=207484","title":{"rendered":"La Organizaci\u00f3n Meteorol\u00f3gica Mundial advierte de la creciente probabilidad de formaci\u00f3n de un episodio de El Ni\u00f1o"},"content":{"rendered":"\n<p>Seg\u00fan la Organizaci\u00f3n Meteorol\u00f3gica Mundial (OMM), se prev\u00e9 que a partir de mediados de 2026 se forme un episodio de El Ni\u00f1o que repercutir\u00e1 en las temperaturas y las pautas de precipitaci\u00f3n a escala mundial.<\/p>\n\n\n\n<p><a href=\"https:\/\/twitter.com\/intent\/tweet?url=https:\/\/wmo.int\/es\/media\/news\/la-organizacion-meteorologica-mundial-advierte-de-la-creciente-probabilidad-de-formacion-de-un\" target=\"_blank\" rel=\"noreferrer noopener\"><\/a><a href=\"https:\/\/www.linkedin.com\/sharing\/share-offsite\/?url=https:\/\/wmo.int\/es\/media\/news\/la-organizacion-meteorologica-mundial-advierte-de-la-creciente-probabilidad-de-formacion-de-un\" target=\"_blank\" rel=\"noreferrer noopener\"><\/a><a href=\"https:\/\/www.facebook.com\/share.php?u=https:\/\/wmo.int\/es\/media\/news\/la-organizacion-meteorologica-mundial-advierte-de-la-creciente-probabilidad-de-formacion-de-un\" target=\"_blank\" rel=\"noreferrer noopener\"><\/a><a href=\"mailto:?subject=La%20Organizaci%C3%B3n%20Meteorol%C3%B3gica%20Mundial%20advierte%20de%20la%20creciente%20probabilidad%20de%20formaci%C3%B3n%20de%20un%20episodio%20de%20El%20Ni%C3%B1o&amp;body=Check%20out%20this%20site%20https%3A%2F%2Fwmo.int%2Fes%2Fmedia%2Fnews%2Fla-organizacion-meteorologica-mundial-advierte-de-la-creciente-probabilidad-de-formacion-de-un\" target=\"_blank\" rel=\"noreferrer noopener\"><\/a>En su \u00faltimo bolet\u00edn mensual sobre el clima estacional mundial, la OMM se\u00f1ala un claro cambio en el Pac\u00edfico ecuatorial: las temperaturas de la superficie del mar est\u00e1n aumentando r\u00e1pidamente, y ello sugiere que ya entre los meses de mayo y julio de 2026 es probable que vuelvan a darse condiciones caracter\u00edsticas de un episodio de El Ni\u00f1o. Seg\u00fan los pron\u00f3sticos, en el pr\u00f3ximo trimestre \u00abpredominar\u00e1n en casi todo el planeta temperaturas de la superficie terrestre superiores a lo normal\u00bb, y en determinadas regiones se producir\u00e1n variaciones en las pautas de precipitaci\u00f3n.<\/p>\n\n\n\n<p>\u00abTras un per\u00edodo de condiciones neutras a principios de a\u00f1o, ahora los modelos clim\u00e1ticos apuntan claramente en la misma direcci\u00f3n y pronostican, con un nivel de confianza alto, la instauraci\u00f3n de un episodio de El Ni\u00f1o, que cobrar\u00e1 mayor fuerza en los meses siguientes\u00bb, dijo Wilfran Moufouma Okia, jefe de predicci\u00f3n clim\u00e1tica de la OMM.<\/p>\n\n\n\n<p>\u00abLos modelos indican que puede tratarse de un episodio intenso, pero la denominada barrera de predictibilidad de la primavera a\u00f1ade incertidumbre a los pron\u00f3sticos generados en esta \u00e9poca del a\u00f1o. En general, la fiabilidad de los pron\u00f3sticos aumenta una vez pasado el mes de abril\u00bb, explica.&nbsp;<\/p>\n\n\n\n<p>El Ni\u00f1o y La Ni\u00f1a son fases opuestas del fen\u00f3meno El Ni\u00f1o-Oscilaci\u00f3n del Sur (ENOS), uno de los patrones clim\u00e1ticos m\u00e1s poderosos de la Tierra. Estos eventos alteran las condiciones meteorol\u00f3gicas del planeta e inciden en las precipitaciones, las sequ\u00edas y los fen\u00f3menos extremos en todas las regiones. Gobiernos, organizaciones humanitarias, administradores de recursos h\u00eddricos y agricultores necesitan pron\u00f3sticos del ENOS exactos y oportunos para poder anticipar los riesgos y darles respuesta.<br \/>El Ni\u00f1o se caracteriza por un aumento de la temperatura de la superficie del oc\u00e9ano en las partes central y oriental del Pac\u00edfico ecuatorial. Suele producirse entre cada dos y siete a\u00f1os y su duraci\u00f3n oscila aproximadamente entre 9 y 12 meses.<\/p>\n\n\n\n<p>La OMM no utiliza el t\u00e9rmino \u00absuperepisodio de El Ni\u00f1o\u00bb porque no forma parte de las clasificaciones operativas normalizadas.&nbsp;<\/p>\n\n\n\n<h2 class=\"wp-block-heading\">Consecuencias m\u00e1s habituales<\/h2>\n\n\n\n<p>Los episodios de El Ni\u00f1o inciden en las temperaturas y alteran las pautas de precipitaci\u00f3n en diversas regiones, y suelen ejercer un efecto de calentamiento del clima mundial. As\u00ed pues, 2024 fue el a\u00f1o m\u00e1s c\u00e1lido del que se tiene constancia a ra\u00edz de la combinaci\u00f3n del intenso episodio de El Ni\u00f1o de 2023\/2024 y el cambio clim\u00e1tico antrop\u00f3geno causado por los gases de efecto invernadero.<\/p>\n\n\n\n<p>No hay indicios de que el cambio clim\u00e1tico aumente la frecuencia o la intensidad de los episodios de El Ni\u00f1o. Sin embargo, puede amplificar los efectos asociados porque los fen\u00f3menos meteorol\u00f3gicos extremos, como las olas de calor y las lluvias intensas, disponen de m\u00e1s energ\u00eda y humedad a ra\u00edz del incremento de las temperaturas del aire y del oc\u00e9ano.<\/p>\n\n\n\n<p>Cada episodio de El Ni\u00f1o es \u00fanico en cuanto a su evoluci\u00f3n, la zona en que se produce y las consecuencias que entra\u00f1a.<\/p>\n\n\n\n<p>No obstante, El Ni\u00f1o suele asociarse a un aumento de las precipitaciones en algunas zonas del sur de Am\u00e9rica del Sur, el sur de los Estados Unidos, el Cuerno de \u00c1frica y Asia central, y a episodios de sequ\u00eda en Australia, Indonesia y partes del sur de Asia.<br \/>Durante el verano del hemisferio norte, las temperaturas oce\u00e1nicas m\u00e1s c\u00e1lidas fruto de El Ni\u00f1o pueden intensificar los huracanes en las zonas central y oriental del Pac\u00edfico y, al mismo tiempo, dificultan la formaci\u00f3n de huracanes en la cuenca atl\u00e1ntica.<\/p>\n\n\n\n<p><\/p>\n\n\n\n<p><\/p>\n\n\n\n<p>wmo.int<\/p>\n","protected":false},"excerpt":{"rendered":"<p>Seg\u00fan la Organizaci\u00f3n Meteorol\u00f3gica Mundial (OMM), se prev\u00e9 que a partir de mediados de 2026 se forme un episodio de El Ni\u00f1o que repercutir\u00e1 en las temperaturas y las pautas de precipitaci\u00f3n a escala mundial. En su \u00faltimo bolet\u00edn mensual sobre el clima estacional mundial, la OMM se\u00f1ala un claro cambio en el Pac\u00edfico ecuatorial: [&hellip;]<\/p>\n","protected":false},"author":1,"featured_media":207485,"comment_status":"open","ping_status":"open","sticky":false,"template":"","format":"standard","meta":{"_acf_changed":false,"_jetpack_memberships_contains_paid_content":false,"footnotes":"","jetpack_publicize_message":"","jetpack_publicize_feature_enabled":true,"jetpack_social_post_already_shared":true,"jetpack_social_options":{"image_generator_settings":{"template":"highway","default_image_id":0,"font":"","enabled":false},"version":2}},"categories":[6],"tags":[],"class_list":["post-207484","post","type-post","status-publish","format-standard","has-post-thumbnail","hentry","category-ecologia"],"acf":[],"jetpack_publicize_connections":[],"jetpack_featured_media_url":"https:\/\/i0.wp.com\/sportseco.com\/wp-content\/uploads\/2026\/04\/Thumbnails-2026_1.png?fit=1536%2C1024&ssl=1","jetpack_sharing_enabled":true,"_links":{"self":[{"href":"https:\/\/sportseco.com\/index.php?rest_route=\/wp\/v2\/posts\/207484","targetHints":{"allow":["GET"]}}],"collection":[{"href":"https:\/\/sportseco.com\/index.php?rest_route=\/wp\/v2\/posts"}],"about":[{"href":"https:\/\/sportseco.com\/index.php?rest_route=\/wp\/v2\/types\/post"}],"author":[{"embeddable":true,"href":"https:\/\/sportseco.com\/index.php?rest_route=\/wp\/v2\/users\/1"}],"replies":[{"embeddable":true,"href":"https:\/\/sportseco.com\/index.php?rest_route=%2Fwp%2Fv2%2Fcomments&post=207484"}],"version-history":[{"count":2,"href":"https:\/\/sportseco.com\/index.php?rest_route=\/wp\/v2\/posts\/207484\/revisions"}],"predecessor-version":[{"id":207487,"href":"https:\/\/sportseco.com\/index.php?rest_route=\/wp\/v2\/posts\/207484\/revisions\/207487"}],"wp:featuredmedia":[{"embeddable":true,"href":"https:\/\/sportseco.com\/index.php?rest_route=\/wp\/v2\/media\/207485"}],"wp:attachment":[{"href":"https:\/\/sportseco.com\/index.php?rest_route=%2Fwp%2Fv2%2Fmedia&parent=207484"}],"wp:term":[{"taxonomy":"category","embeddable":true,"href":"https:\/\/sportseco.com\/index.php?rest_route=%2Fwp%2Fv2%2Fcategories&post=207484"},{"taxonomy":"post_tag","embeddable":true,"href":"https:\/\/sportseco.com\/index.php?rest_route=%2Fwp%2Fv2%2Ftags&post=207484"}],"curies":[{"name":"wp","href":"https:\/\/api.w.org\/{rel}","templated":true}]}}