{"id":207488,"date":"2026-04-24T10:25:54","date_gmt":"2026-04-24T14:25:54","guid":{"rendered":"https:\/\/sportseco.com\/?p=207488"},"modified":"2026-04-24T10:25:54","modified_gmt":"2026-04-24T14:25:54","slug":"la-fcc-lamenta-el-fallecimiento-del-ciclista-cristian-camilo-munoz","status":"publish","type":"post","link":"https:\/\/sportseco.com\/?p=207488","title":{"rendered":"La FCC lamenta el fallecimiento del ciclista Cristian Camilo Mu\u00f1oz"},"content":{"rendered":"\n<figure class=\"wp-block-image\"><img data-recalc-dims=\"1\" decoding=\"async\" src=\"https:\/\/i0.wp.com\/efbt585jris.exactdn.com\/wp-content\/uploads\/2026\/04\/Cristian-Munoz.jpg?w=640&#038;ssl=1\" alt=\"\"\/><\/figure>\n\n\n\n<p>Con profundo dolor y consternaci\u00f3n, la Federaci\u00f3n Colombiana de Ciclismo y su Comit\u00e9 Ejecutivo lamentan el fallecimiento del talentoso deportista boyacense Cristian Camilo Mu\u00f1oz Lancheros, ciclista del equipo NU Colombia, ocurrido en la ma\u00f1ana de este viernes en Europa (jueves en la noche de Colombia), como consecuencia de complicaciones m\u00e9dicas derivadas del accidente sufrido el pasado s\u00e1bado en el Tour du Jura.<\/p>\n\n\n\n<p>Su partida deja un vac\u00edo inmenso en el ciclismo colombiano y en el coraz\u00f3n de todos aquellos que tuvieron el privilegio de conocerlo y compartir con \u00e9l en las rutas y competencias. Cristian ser\u00e1 recordado por su entrega, disciplina y calidad humana dentro y fuera del pelot\u00f3n.<\/p>\n\n\n\n<p>Mu\u00f1oz (20 marzo 1996) lleg\u00f3 al WorldTour en 2019, para hacer parte de las filas del UAE Team Emirates (hasta 2021); tras su paso por el Coldeportes Zen\u00fa, entre 2017 y 2018. Posteriormente, hizo parte del EPM-Scott, escuadra en la que corri\u00f3 durante 2022 y 2023, y desde 2024 hacia parte del NU Colombia.<\/p>\n\n\n\n<p>Dentro de su palmar\u00e9s se destaca el t\u00edtulo de la clasificaci\u00f3n por puntos en la Vuelta de la Juventud del 2017; as\u00ed como dos etapas en la misma competencia y una etapa en el Giro Cicl\u00edstico d\u2019Italia (2.2U) 2018.<\/p>\n\n\n\n<p>Expresamos nuestras m\u00e1s sinceras condolencias a su familia, seres queridos, a don Ra\u00fal Mesa, staff y compa\u00f1eros de equipo en el NU Colombia, a la Liga de Ciclismo de Boyac\u00e1 y a toda la comunidad cicl\u00edstica nacional que hoy llora la p\u00e9rdida de uno de sus grandes valores. Que en estos momentos de dolor encuentren consuelo en los recuerdos y en el legado que deja como deportista y ser humano.<\/p>\n\n\n\n<p>Nos unimos en solidaridad y respeto ante esta irreparable p\u00e9rdida.<\/p>\n\n\n\n<p>Descansa en paz, Cristian Camilo. \ud83d\udeb4\ud83c\udffb\u200d\u2642\ufe0f\ud83d\udda4<\/p>\n\n\n\n<p>federacioncolombianadeicclismo.com<\/p>\n","protected":false},"excerpt":{"rendered":"<p>Con profundo dolor y consternaci\u00f3n, la Federaci\u00f3n Colombiana de Ciclismo y su Comit\u00e9 Ejecutivo lamentan el fallecimiento del talentoso deportista boyacense Cristian Camilo Mu\u00f1oz Lancheros, ciclista del equipo NU Colombia, ocurrido en la ma\u00f1ana de este viernes en Europa (jueves en la noche de Colombia), como consecuencia de complicaciones m\u00e9dicas derivadas del accidente sufrido el [&hellip;]<\/p>\n","protected":false},"author":1,"featured_media":207489,"comment_status":"open","ping_status":"open","sticky":false,"template":"","format":"standard","meta":{"_acf_changed":false,"_jetpack_memberships_contains_paid_content":false,"footnotes":"","jetpack_publicize_message":"","jetpack_publicize_feature_enabled":true,"jetpack_social_post_already_shared":true,"jetpack_social_options":{"image_generator_settings":{"template":"highway","default_image_id":0,"font":"","enabled":false},"version":2}},"categories":[14],"tags":[],"class_list":["post-207488","post","type-post","status-publish","format-standard","has-post-thumbnail","hentry","category-ciclismo"],"acf":[],"jetpack_publicize_connections":[],"jetpack_featured_media_url":"https:\/\/i0.wp.com\/sportseco.com\/wp-content\/uploads\/2026\/04\/Cristian-Munoz-1536x864-1.webp?fit=1536%2C864&ssl=1","jetpack_sharing_enabled":true,"_links":{"self":[{"href":"https:\/\/sportseco.com\/index.php?rest_route=\/wp\/v2\/posts\/207488","targetHints":{"allow":["GET"]}}],"collection":[{"href":"https:\/\/sportseco.com\/index.php?rest_route=\/wp\/v2\/posts"}],"about":[{"href":"https:\/\/sportseco.com\/index.php?rest_route=\/wp\/v2\/types\/post"}],"author":[{"embeddable":true,"href":"https:\/\/sportseco.com\/index.php?rest_route=\/wp\/v2\/users\/1"}],"replies":[{"embeddable":true,"href":"https:\/\/sportseco.com\/index.php?rest_route=%2Fwp%2Fv2%2Fcomments&post=207488"}],"version-history":[{"count":1,"href":"https:\/\/sportseco.com\/index.php?rest_route=\/wp\/v2\/posts\/207488\/revisions"}],"predecessor-version":[{"id":207490,"href":"https:\/\/sportseco.com\/index.php?rest_route=\/wp\/v2\/posts\/207488\/revisions\/207490"}],"wp:featuredmedia":[{"embeddable":true,"href":"https:\/\/sportseco.com\/index.php?rest_route=\/wp\/v2\/media\/207489"}],"wp:attachment":[{"href":"https:\/\/sportseco.com\/index.php?rest_route=%2Fwp%2Fv2%2Fmedia&parent=207488"}],"wp:term":[{"taxonomy":"category","embeddable":true,"href":"https:\/\/sportseco.com\/index.php?rest_route=%2Fwp%2Fv2%2Fcategories&post=207488"},{"taxonomy":"post_tag","embeddable":true,"href":"https:\/\/sportseco.com\/index.php?rest_route=%2Fwp%2Fv2%2Ftags&post=207488"}],"curies":[{"name":"wp","href":"https:\/\/api.w.org\/{rel}","templated":true}]}}