{"id":207495,"date":"2026-04-24T11:21:54","date_gmt":"2026-04-24T15:21:54","guid":{"rendered":"https:\/\/sportseco.com\/?p=207495"},"modified":"2026-04-24T11:21:54","modified_gmt":"2026-04-24T15:21:54","slug":"prestianni-recibe-una-sancion-de-seis-partidos-por-conducta-homofoba","status":"publish","type":"post","link":"https:\/\/sportseco.com\/?p=207495","title":{"rendered":"Prestianni recibe una sanci\u00f3n de seis partidos por conducta hom\u00f3foba"},"content":{"rendered":"\n<p>El extremo del Benfica, Gianluca Prestianni, ha sido sancionado con seis partidos por la UEFA por conducta hom\u00f3foba durante el partido de eliminatoria de la Liga de Campeones contra el Real Madrid en febrero.<\/p>\n\n\n\n<p>El encuentro, disputado en el Estadio da Luz de Lisboa, se detuvo durante 10 minutos despu\u00e9s de que Vinicius Jr., del Real Madrid, acusara a Prestianni de proferir insultos racistas.<\/p>\n\n\n\n<p>Prestianni, de 20 a\u00f1os, neg\u00f3 haber hecho comentarios racistas y afirm\u00f3 que Vinicius lo hab\u00eda malinterpretado. El centrocampista del Real Madrid, Aur\u00e9lien Tchouameni, declar\u00f3 que Prestianni le hab\u00eda confesado que, efectivamente, hab\u00eda dirigido un comentario hom\u00f3fobo al delantero brasile\u00f1o.<\/p>\n\n\n\n<p>Prestianni, de Argentina, ser\u00e1 sancionado con dos partidos m\u00e1s, tras haber cumplido ya una sanci\u00f3n provisional de un partido, y los otros tres partidos quedar\u00e1n suspendidos durante dos a\u00f1os.<\/p>\n\n\n\n<p>La UEFA, organismo rector del f\u00fatbol europeo, ha solicitado a la FIFA, su hom\u00f3loga mundial, que extienda la sanci\u00f3n a nivel mundial.<\/p>\n\n\n\n<p>Vinicius hab\u00eda adelantado al Real Madrid 1-0 en la segunda parte contra el Benfica, antes de recibir una tarjeta amarilla por una celebraci\u00f3n excesiva.<\/p>\n\n\n\n<p>Tras un altercado con Prestianni, el brasile\u00f1o Vinicius, de 25 a\u00f1os, corri\u00f3 hacia el \u00e1rbitro Fran\u00e7ois Letexier haciendo gestos hacia el jugador rival. Letexier entonces hizo el gesto de brazos cruzados, introducido por la FIFA en mayo de 2024, para se\u00f1alar insultos racistas.<\/p>\n\n\n\n<p>Vinicius abandon\u00f3 el campo seguido por sus compa\u00f1eros del Real Madrid. Tras el partido, escribi\u00f3 en su cuenta de Instagram: \u00abLos racistas son, ante todo, cobardes\u00bb.<\/p>\n\n\n\n<p>Prestianni se habr\u00eda enfrentado a una sanci\u00f3n m\u00ednima de 10 partidos sin participar en competiciones europeas si hubiera sido declarado culpable de insultos racistas.<\/p>\n\n\n\n<p>El Benfica defendi\u00f3 a su jugador tras el incidente, alegando una \u00abcampa\u00f1a de difamaci\u00f3n\u00bb en su contra y a\u00f1adiendo que \u00abapoyan plenamente\u00bb y creen en su versi\u00f3n de los hechos.<\/p>\n\n\n\n<p>Sin embargo, el entrenador Jos\u00e9 Mourinho afirm\u00f3 que la carrera de Prestianni bajo su direcci\u00f3n se \u00abterminar\u00eda\u00bb si se demostraba el insulto.<\/p>\n\n\n\n<p>Dos semanas despu\u00e9s, el presidente de la FIFA, Gianni Infantino, declar\u00f3 que los jugadores que se tapan la boca al hablar con sus rivales durante los enfrentamientos deber\u00edan ser expulsados.<\/p>\n\n\n\n<p>La International Football Association Board (IFAB), organismo rector del f\u00fatbol, \u200b\u200bya ha acordado estudiar medidas para evitar que los jugadores oculten lo que dicen a un jugador contrario.<\/p>\n\n\n\n<p><br \/>El resultado resulta un tanto insatisfactorio.<\/p>\n\n\n\n<p>Prestianni fue acusado de proferir un comentario racista, lo que conlleva una sanci\u00f3n obligatoria de 10 partidos.<\/p>\n\n\n\n<p>Sin embargo, cumplir\u00e1 la mitad de una sanci\u00f3n de seis partidos por proferir un insulto hom\u00f3fobo.<\/p>\n\n\n\n<p>A pesar de haberlo admitido. Y a pesar de haber provocado la suspensi\u00f3n de un partido de la Liga de Campeones, cuyas im\u00e1genes se difundieron por todo el mundo.<\/p>\n\n\n\n<p>Esto da la impresi\u00f3n de que los insultos hom\u00f3fobos se tratan con mucha menos seriedad que el racismo. Algo que, culturalmente, siempre ha sido as\u00ed en el f\u00fatbol.<\/p>\n\n\n\n<p>La UEFA tuvo dificultades para alcanzar el umbral de la carga de la prueba necesario para sancionar a Prestianni por racismo, ya que el jugador del Benfica se cubri\u00f3 la boca con la camiseta.<\/p>\n\n\n\n<p>En ese sentido, basta con ver las consecuencias.<\/p>\n\n\n\n<p>La IFAB, el organismo rector del f\u00fatbol, \u200b\u200best\u00e1 estudiando formas de sancionar a los jugadores que se cubren la boca.<\/p>\n\n\n\n<p>El presidente de la FIFA, Gianni Infantino, afirm\u00f3 que los jugadores deber\u00edan ser expulsados. Quiere que esta medida se aplique en el Mundial de este verano, y se espera que se debata en el Congreso de la FIFA el 30 de abril.<\/p>\n\n\n\n<p>Al menos, solicitar a la FIFA que extienda la suspensi\u00f3n a nivel mundial deber\u00eda dejar a Prestianni fuera del Mundial.<\/p>\n\n\n\n<p>El extremo debut\u00f3 con la selecci\u00f3n argentina en noviembre, y es improbable que convoquen a un jugador de la plantilla que ya tiene una sanci\u00f3n de dos partidos.<\/p>\n\n\n\n<p>Pero si Argentina no lo convoca y permanece en el Benfica, los dos partidos que se perder\u00eda ser\u00edan de la fase previa de la Liga de Campeones o de la Liga Europa.<\/p>\n\n\n\n<p>Con una sola internacionalidad, era muy improbable que Prestianni hubiera ido al Mundial de todos modos, por lo que la percepci\u00f3n ser\u00e1 que ha recibido un castigo m\u00ednimo.<\/p>\n\n\n\n<p><\/p>\n\n\n\n<p>bbc.com<\/p>\n","protected":false},"excerpt":{"rendered":"<p>El extremo del Benfica, Gianluca Prestianni, ha sido sancionado con seis partidos por la UEFA por conducta hom\u00f3foba durante el partido de eliminatoria de la Liga de Campeones contra el Real Madrid en febrero. El encuentro, disputado en el Estadio da Luz de Lisboa, se detuvo durante 10 minutos despu\u00e9s de que Vinicius Jr., del [&hellip;]<\/p>\n","protected":false},"author":1,"featured_media":207496,"comment_status":"open","ping_status":"open","sticky":false,"template":"","format":"standard","meta":{"_acf_changed":false,"_jetpack_memberships_contains_paid_content":false,"footnotes":"","jetpack_publicize_message":"","jetpack_publicize_feature_enabled":true,"jetpack_social_post_already_shared":true,"jetpack_social_options":{"image_generator_settings":{"template":"highway","default_image_id":0,"font":"","enabled":false},"version":2}},"categories":[5],"tags":[],"class_list":["post-207495","post","type-post","status-publish","format-standard","has-post-thumbnail","hentry","category-futbol"],"acf":[],"jetpack_publicize_connections":[],"jetpack_featured_media_url":"https:\/\/i0.wp.com\/sportseco.com\/wp-content\/uploads\/2026\/04\/550f50c0-3fdf-11f1-ba72-3dd058cb149f.jpg.webp?fit=976%2C549&ssl=1","jetpack_sharing_enabled":true,"_links":{"self":[{"href":"https:\/\/sportseco.com\/index.php?rest_route=\/wp\/v2\/posts\/207495","targetHints":{"allow":["GET"]}}],"collection":[{"href":"https:\/\/sportseco.com\/index.php?rest_route=\/wp\/v2\/posts"}],"about":[{"href":"https:\/\/sportseco.com\/index.php?rest_route=\/wp\/v2\/types\/post"}],"author":[{"embeddable":true,"href":"https:\/\/sportseco.com\/index.php?rest_route=\/wp\/v2\/users\/1"}],"replies":[{"embeddable":true,"href":"https:\/\/sportseco.com\/index.php?rest_route=%2Fwp%2Fv2%2Fcomments&post=207495"}],"version-history":[{"count":1,"href":"https:\/\/sportseco.com\/index.php?rest_route=\/wp\/v2\/posts\/207495\/revisions"}],"predecessor-version":[{"id":207497,"href":"https:\/\/sportseco.com\/index.php?rest_route=\/wp\/v2\/posts\/207495\/revisions\/207497"}],"wp:featuredmedia":[{"embeddable":true,"href":"https:\/\/sportseco.com\/index.php?rest_route=\/wp\/v2\/media\/207496"}],"wp:attachment":[{"href":"https:\/\/sportseco.com\/index.php?rest_route=%2Fwp%2Fv2%2Fmedia&parent=207495"}],"wp:term":[{"taxonomy":"category","embeddable":true,"href":"https:\/\/sportseco.com\/index.php?rest_route=%2Fwp%2Fv2%2Fcategories&post=207495"},{"taxonomy":"post_tag","embeddable":true,"href":"https:\/\/sportseco.com\/index.php?rest_route=%2Fwp%2Fv2%2Ftags&post=207495"}],"curies":[{"name":"wp","href":"https:\/\/api.w.org\/{rel}","templated":true}]}}