{"id":207498,"date":"2026-04-24T16:23:36","date_gmt":"2026-04-24T20:23:36","guid":{"rendered":"https:\/\/sportseco.com\/?p=207498"},"modified":"2026-04-24T16:23:36","modified_gmt":"2026-04-24T20:23:36","slug":"la-ciencia-reclama-su-papel-en-la-transicion-energetica-en-inicio-de-la-conferencia-de-santa-marta","status":"publish","type":"post","link":"https:\/\/sportseco.com\/?p=207498","title":{"rendered":"La ciencia reclama su papel en la transici\u00f3n energ\u00e9tica en inicio de la conferencia de Santa Marta"},"content":{"rendered":"\n<p><strong>Santa Marta (Colombia), 24 abr (EFE).- La primera Conferencia para la Transici\u00f3n m\u00e1s all\u00e1 de los Combustibles F\u00f3siles ha arrancado este viernes en la ciudad colombiana de Santa Marta reivindicando el papel que juega la ciencia y la articulaci\u00f3n entre los diferentes actores sociales para lograr esa \u00abtransformaci\u00f3n\u00bb.<\/strong><\/p>\n\n\n\n<p>La viceministra de Conocimiento, Innovaci\u00f3n y Productividad de Colombia, Luisa Robayo, ha destacado que \u00abla necesidad para llevar a cabo una transici\u00f3n para abandonar los combustibles f\u00f3siles\u00bb es \u00abun desaf\u00edo que trasciende el cambio tecnol\u00f3gico\u00bb.<\/p>\n\n\n\n<p>\u00abResaltamos la importancia del cap\u00edtulo acad\u00e9mico (de la conferencia) que se abre y ratificamos que esta transformaci\u00f3n (\u2026) solo es viable si se fundamenta en la evidencia cient\u00edfica. No hay transici\u00f3n energ\u00e9tica posible sin conocimiento\u00bb, ha expresado Robayo, durante el inicio de la conferencia, que se extender\u00e1 hasta el pr\u00f3ximo 29 de abril.<\/p>\n\n\n\n<p>La reuni\u00f3n, organizada por Colombia y Pa\u00edses Bajos, cuenta con la participaci\u00f3n de representantes gubernamentales de m\u00e1s de 60 pa\u00edses, as\u00ed como de acad\u00e9micos, parlamentarios, sindicatos, ind\u00edgenas, afrodescendientes, ONG, sociedad civil organizada, juventudes, campesinos, parlamentarios, sector privado y banca multilateral.<\/p>\n\n\n\n<p>En Santa Marta, las partes dialogan sobre acciones concretas para poner en marcha mecanismos financieros, fiscales, regulatorios y de cooperaci\u00f3n internacional que permitan implementar la transici\u00f3n energ\u00e9tica.<\/p>\n\n\n\n<h2 class=\"wp-block-heading\">Transici\u00f3n ordenada<\/h2>\n\n\n\n<p>La viceministra Robayo, que representa al pa\u00eds anfitri\u00f3n en la primera actividad de la conferencia, ha subrayado que \u00abla transici\u00f3n energ\u00e9tica es posible, necesaria y est\u00e1 en marcha\u00bb, pero considera que \u00absu \u00e9xito depende de una transici\u00f3n ordenada\u00bb.<\/p>\n\n\n\n<p>\u00abNo podemos avanzar de manera aislada, la transici\u00f3n exige cooperaci\u00f3n entre pa\u00edses, pueblos hermanos\u00bb, ha a\u00f1adido Robayo, \u00abel conocimiento por s\u00ed solo no transforma las realidades, por eso vemos en este espacio una importante oportunidad para articularnos\u00bb, ha manifestado.<\/p>\n\n\n\n<p>El rector de la Universidad del Magdalena (Colombia), Pablo Vera, quien es anfitri\u00f3n del espacio acad\u00e9mico de la conferencia, ha considerado que este evento es \u00abuna conversaci\u00f3n sobre el futuro de la sociedad\u00bb y su \u00e9xito depende del aporte de los diferentes actores.<\/p>\n\n\n\n<p>\u00abNecesitamos cooperaci\u00f3n internacional, no podemos hacer esta transici\u00f3n solos\u00bb, ha dicho Vera.<\/p>\n\n\n\n<p>Durante la inauguraci\u00f3n, miembros de la comunidad ind\u00edgena arhuaca, que habita la Sierra Nevada de Santa Marta, han realizado un acto de \u00abarmonizaci\u00f3n\u00bb, denominado \u2018Transitando de la palabra al balance de la naturaleza\u2019, en el que destacaron la necesidad de proteger el medioambiente.<\/p>\n\n\n\n<h2 class=\"wp-block-heading\">Debate cient\u00edfico<\/h2>\n\n\n\n<p>Durante la jornada de este viernes ser\u00e1 instalado el Panel Cient\u00edfico para la Transici\u00f3n Energ\u00e9tica Global (SPGET, por sus siglas en ingl\u00e9s), que busca proporcionar insumos para que las pol\u00edticas p\u00fablicas ayuden al esfuerzo internacional de abandonar los combustibles f\u00f3siles.<\/p>\n\n\n\n<p>Este organismo estar\u00e1 dirigido por la copresidenta del Panel de Alto Nivel de Expertos en Financiamiento Clim\u00e1tico, la camerunesa Vera Songwe; el director y economista jefe del Instituto de Potsdam para la Investigaci\u00f3n del Impacto Clim\u00e1tico, el alem\u00e1n Ottmar Edenhofer, y el profesor de la Universidad Estatal de Campinas (Brasil), Gilberto Jannuzzi. EFE<\/p>\n","protected":false},"excerpt":{"rendered":"<p>Santa Marta (Colombia), 24 abr (EFE).- La primera Conferencia para la Transici\u00f3n m\u00e1s all\u00e1 de los Combustibles F\u00f3siles ha arrancado este viernes en la ciudad colombiana de Santa Marta reivindicando el papel que juega la ciencia y la articulaci\u00f3n entre los diferentes actores sociales para lograr esa \u00abtransformaci\u00f3n\u00bb. La viceministra de Conocimiento, Innovaci\u00f3n y Productividad [&hellip;]<\/p>\n","protected":false},"author":1,"featured_media":207499,"comment_status":"open","ping_status":"open","sticky":false,"template":"","format":"standard","meta":{"_acf_changed":false,"_jetpack_memberships_contains_paid_content":false,"footnotes":"","jetpack_publicize_message":"","jetpack_publicize_feature_enabled":true,"jetpack_social_post_already_shared":true,"jetpack_social_options":{"image_generator_settings":{"template":"highway","default_image_id":0,"font":"","enabled":false},"version":2}},"categories":[6],"tags":[],"class_list":["post-207498","post","type-post","status-publish","format-standard","has-post-thumbnail","hentry","category-ecologia"],"acf":[],"jetpack_publicize_connections":[],"jetpack_featured_media_url":"https:\/\/i0.wp.com\/sportseco.com\/wp-content\/uploads\/2026\/04\/AME6756-COLOMBIA-CELAC-CUMBRE-UE.jpg?fit=1920%2C1280&ssl=1","jetpack_sharing_enabled":true,"_links":{"self":[{"href":"https:\/\/sportseco.com\/index.php?rest_route=\/wp\/v2\/posts\/207498","targetHints":{"allow":["GET"]}}],"collection":[{"href":"https:\/\/sportseco.com\/index.php?rest_route=\/wp\/v2\/posts"}],"about":[{"href":"https:\/\/sportseco.com\/index.php?rest_route=\/wp\/v2\/types\/post"}],"author":[{"embeddable":true,"href":"https:\/\/sportseco.com\/index.php?rest_route=\/wp\/v2\/users\/1"}],"replies":[{"embeddable":true,"href":"https:\/\/sportseco.com\/index.php?rest_route=%2Fwp%2Fv2%2Fcomments&post=207498"}],"version-history":[{"count":1,"href":"https:\/\/sportseco.com\/index.php?rest_route=\/wp\/v2\/posts\/207498\/revisions"}],"predecessor-version":[{"id":207500,"href":"https:\/\/sportseco.com\/index.php?rest_route=\/wp\/v2\/posts\/207498\/revisions\/207500"}],"wp:featuredmedia":[{"embeddable":true,"href":"https:\/\/sportseco.com\/index.php?rest_route=\/wp\/v2\/media\/207499"}],"wp:attachment":[{"href":"https:\/\/sportseco.com\/index.php?rest_route=%2Fwp%2Fv2%2Fmedia&parent=207498"}],"wp:term":[{"taxonomy":"category","embeddable":true,"href":"https:\/\/sportseco.com\/index.php?rest_route=%2Fwp%2Fv2%2Fcategories&post=207498"},{"taxonomy":"post_tag","embeddable":true,"href":"https:\/\/sportseco.com\/index.php?rest_route=%2Fwp%2Fv2%2Ftags&post=207498"}],"curies":[{"name":"wp","href":"https:\/\/api.w.org\/{rel}","templated":true}]}}