{"id":207504,"date":"2026-04-24T18:02:22","date_gmt":"2026-04-24T22:02:22","guid":{"rendered":"https:\/\/sportseco.com\/?p=207504"},"modified":"2026-04-24T18:02:22","modified_gmt":"2026-04-24T22:02:22","slug":"duo-de-la-gc-sella-el-podio-en-los-alpes","status":"publish","type":"post","link":"https:\/\/sportseco.com\/?p=207504","title":{"rendered":"D\u00fao de la GC sella el podio en los Alpes"},"content":{"rendered":"\n<p>H\u00e9roes de la trastienda<br \/>Egan Bernal y Thymen Arensman realizaron s\u00f3lidas actuaciones en la GC, asegurando el segundo y tercer puesto en la general del Tour de los Alpes.<\/p>\n\n\n\n<p>Bernal se impuso al sprint en la \u00faltima etapa, con Arensman en cuarto lugar, mientras que Giulio Pellizzari (Red Bull Bora Hansgrohe) se llev\u00f3 la victoria de etapa y de la carrera.<\/p>\n\n\n\n<p>Hora antes, se hab\u00eda librado una intensa lucha por entrar en la escapada, con el equipo INEOS Grenadiers intentando controlar a los escapados.<\/p>\n\n\n\n<p>Una vez formada la escapada, el equipo se mantuvo atento cerca de la cabeza del pelot\u00f3n, con Nicolas Milesi y Tobais Foss reparti\u00e9ndose el trabajo.<\/p>\n\n\n\n<p>Al llegar a la subida de primera categor\u00eda Nobis\/Montoppio, Peter \u00d8xenberg y Embret Svestad-B\u00e5rdseng pudieron aumentar el ritmo, lo que comenz\u00f3 a reducir el tama\u00f1o del pelot\u00f3n.<\/p>\n\n\n\n<p>Esto provoc\u00f3 que el n\u00famero de corredores siguiera disminuyendo, pero a falta de 20 kil\u00f3metros, Pellizzari atac\u00f3 y logr\u00f3 abrir una peque\u00f1a brecha con Bernal y Arensman.<\/p>\n\n\n\n<p>Ambos apretaron con fuerza y \u200b\u200btrabajaron bien por detr\u00e1s para intentar reducir la diferencia al descender hacia Bozen\/Bolzano, pero no pudieron alcanzar al italiano, asegurando as\u00ed el segundo y tercer puesto en la general mientras se preparan para su pr\u00f3ximo objetivo: el Giro de Italia.<\/p>\n\n\n\n<p>Imagen de marcador de posici\u00f3n<br \/>Resultados<br \/>Clasificaciones<br \/>Bandera de TI<br \/>Tour de los Alpes<br \/>Etapa 5<br \/>1 Giulio Pellizzari Red Bull-BORA-hansgrohe 03:20:36<br \/>2 Egan Bernal Granaderos INEOS 30<br \/>3 Michael Storer Equipo ciclista profesional Tudor 40<br \/>4 Tomillo Arensman Granaderos INEOS 30<br \/>13 Embret Svestad-B\u00e5rdseng Granaderos INEOS 03:55<br \/>31 Peter \u00d8xenberg Granaderos INEOS 08:01<br \/>60 Nicol\u00e1s Milesi Granaderos INEOS 19:10<br \/>72 Tobias Foss Granaderos INEOS 19:10<br \/>Desarrollado por FirstCycling.com<\/p>\n\n\n\n<p>ineosgrenadiers.com<\/p>\n","protected":false},"excerpt":{"rendered":"<p>H\u00e9roes de la trastiendaEgan Bernal y Thymen Arensman realizaron s\u00f3lidas actuaciones en la GC, asegurando el segundo y tercer puesto en la general del Tour de los Alpes. Bernal se impuso al sprint en la \u00faltima etapa, con Arensman en cuarto lugar, mientras que Giulio Pellizzari (Red Bull Bora Hansgrohe) se llev\u00f3 la victoria de [&hellip;]<\/p>\n","protected":false},"author":1,"featured_media":207505,"comment_status":"open","ping_status":"open","sticky":false,"template":"","format":"standard","meta":{"_acf_changed":false,"_jetpack_memberships_contains_paid_content":false,"footnotes":"","jetpack_publicize_message":"","jetpack_publicize_feature_enabled":true,"jetpack_social_post_already_shared":true,"jetpack_social_options":{"image_generator_settings":{"template":"highway","default_image_id":0,"font":"","enabled":false},"version":2}},"categories":[14],"tags":[],"class_list":["post-207504","post","type-post","status-publish","format-standard","has-post-thumbnail","hentry","category-ciclismo"],"acf":[],"jetpack_publicize_connections":[],"jetpack_featured_media_url":"https:\/\/i0.wp.com\/sportseco.com\/wp-content\/uploads\/2026\/04\/gettyimages-2272937216-1.jpg?fit=2560%2C1120&ssl=1","jetpack_sharing_enabled":true,"_links":{"self":[{"href":"https:\/\/sportseco.com\/index.php?rest_route=\/wp\/v2\/posts\/207504","targetHints":{"allow":["GET"]}}],"collection":[{"href":"https:\/\/sportseco.com\/index.php?rest_route=\/wp\/v2\/posts"}],"about":[{"href":"https:\/\/sportseco.com\/index.php?rest_route=\/wp\/v2\/types\/post"}],"author":[{"embeddable":true,"href":"https:\/\/sportseco.com\/index.php?rest_route=\/wp\/v2\/users\/1"}],"replies":[{"embeddable":true,"href":"https:\/\/sportseco.com\/index.php?rest_route=%2Fwp%2Fv2%2Fcomments&post=207504"}],"version-history":[{"count":1,"href":"https:\/\/sportseco.com\/index.php?rest_route=\/wp\/v2\/posts\/207504\/revisions"}],"predecessor-version":[{"id":207506,"href":"https:\/\/sportseco.com\/index.php?rest_route=\/wp\/v2\/posts\/207504\/revisions\/207506"}],"wp:featuredmedia":[{"embeddable":true,"href":"https:\/\/sportseco.com\/index.php?rest_route=\/wp\/v2\/media\/207505"}],"wp:attachment":[{"href":"https:\/\/sportseco.com\/index.php?rest_route=%2Fwp%2Fv2%2Fmedia&parent=207504"}],"wp:term":[{"taxonomy":"category","embeddable":true,"href":"https:\/\/sportseco.com\/index.php?rest_route=%2Fwp%2Fv2%2Fcategories&post=207504"},{"taxonomy":"post_tag","embeddable":true,"href":"https:\/\/sportseco.com\/index.php?rest_route=%2Fwp%2Fv2%2Ftags&post=207504"}],"curies":[{"name":"wp","href":"https:\/\/api.w.org\/{rel}","templated":true}]}}