{"id":207537,"date":"2026-04-25T12:24:54","date_gmt":"2026-04-25T16:24:54","guid":{"rendered":"https:\/\/sportseco.com\/?p=207537"},"modified":"2026-04-25T12:25:04","modified_gmt":"2026-04-25T16:25:04","slug":"la-justicia-argentina-frena-la-aplicacion-de-la-ley-de-glaciares-en-la-provincia-de-santa-cruz","status":"publish","type":"post","link":"https:\/\/sportseco.com\/?p=207537","title":{"rendered":"La justicia argentina frena la aplicaci\u00f3n de la ley de glaciares en la provincia de Santa Cruz"},"content":{"rendered":"\n<p><strong>Buenos Aires.- Un juez federal de Argentina ha dispuesto este viernes frenar la aplicaci\u00f3n en la austral provincia de Santa Cruz de la reforma a la ley de protecci\u00f3n de glaciares aprobada recientemente por el Parlamento argentino por impulso del Gobierno de Javier Milei.<\/strong><\/p>\n\n\n\n<p>El fallo, que lleva la firma de Claudio V\u00e1zquez, juez federal de la ciudad de R\u00edo Gallegos (Santa Cruz), tiene lugar tras una acci\u00f3n de amparo ambiental presentada por el Gobierno municipal y el Concejo Deliberante (Poder Legislativo local) de la ciudad santacruce\u00f1a de El Calafate, puerta de entrada al Parque Nacional Los Glaciares, donde est\u00e1, entre otros, el monumental glaciar Perito Moreno.<\/p>\n\n\n\n<p>La resoluci\u00f3n judicial dispone la suspensi\u00f3n dentro del territorio de Santa Cruz de los efectos de la reforma a la ley de protecci\u00f3n de glaciares aprobada por el Parlamento argentino el pasado 9 de abril y promulgada este viernes por Milei.<\/p>\n\n\n\n<p>De acuerdo con el fallo, la suspensi\u00f3n rige hasta que se dicte una sentencia de fondo en la causa judicial.<\/p>\n\n\n\n<p>El juez ha ordenado al Estado nacional que \u00abse abstenga de aplicar, ejecutar o autorizar, en el territorio de la provincia de Santa Cruz, cualquier acto administrativo o decisi\u00f3n que tenga fundamento en la normativa cuya suspensi\u00f3n\u00bb ha dispuesto el magistrado.<\/p>\n\n\n\n<p>En su presentaci\u00f3n judicial junto a legisladores provinciales y nacionales, las autoridades ejecutivas y legislativas de El Calafate han reclamado que la reforma aprobada por el Parlamento argentino sea declarada inconstitucional.<\/p>\n\n\n\n<h2 class=\"wp-block-heading\">Pol\u00e9mica reforma<\/h2>\n\n\n\n<p>La reforma, cuyo debate ha sido impulsado por el Gobierno, otorga a las provincias la potestad de determinar las zonas periglaciales (cercanas a los glaciares) en las que se pueden permitir las actividades mineras.<\/p>\n\n\n\n<p>La norma modifica la ley de glaciares aprobada en 2010 en Argentina, pionera en Latinoam\u00e9rica y que establece la protecci\u00f3n de los glaciares y del ambiente periglacial como reservas estrat\u00e9gicas de agua.<\/p>\n\n\n\n<p>El Gobierno de Milei ha alegado que esta modificaci\u00f3n a la ley de glaciares era necesaria para contribuir al desarrollo econ\u00f3mico del pa\u00eds a trav\u00e9s del impulso a la miner\u00eda, sector que ahora mismo registra fuertes inversiones, principalmente en litio, cobre y oro.<\/p>\n\n\n\n<p>Las empresas mineras sostienen que no todos los ambientes periglaciales constituyen \u00abreservas estrat\u00e9gicas de recursos h\u00eddricos\u00bb a ser protegidas y que una evaluaci\u00f3n, caso por caso, por parte de las provincias podr\u00eda habilitar proyectos productivos en \u00e1reas cercanas a los glaciares \u00absin funci\u00f3n h\u00eddrica relevante\u00bb.<\/p>\n\n\n\n<p>La discusi\u00f3n de esta ley ha desatado una fuerte reacci\u00f3n de rechazo entre organizaciones ambientalistas, que advierten que est\u00e1n en juego importantes reservas de agua y que no se puede permitir que los intereses de empresas privadas tengan prioridad frente a los derechos colectivos a un ambiente sano, consagrados en la Constituci\u00f3n nacional de Argentina.<\/p>\n\n\n\n<h2 class=\"wp-block-heading\">Otro amparo<\/h2>\n\n\n\n<p>Adem\u00e1s del amparo presentado en Santa Cruz, el Gobierno de la provincia de La Pampa (centro) ha presentado un amparo colectivo contra la reforma de la ley de protecci\u00f3n de glaciares en el que plantea la \u00abinconstitucionalidad y la nulidad absoluta\u00bb de la norma impulsada por el Ejecutivo de Milei.<\/p>\n\n\n\n<p>En su reclamo judicial, La Pampa se\u00f1ala que, si bien no tiene glaciares en su territorio, se nutre de agua del r\u00edo Colorado, que nace en un \u00e1rea glacial de la Cordillera de los Andes.<\/p>\n\n\n\n<p>La batalla judicial en ciernes tiene un antecedente de peso: en 2019 la Corte Suprema argentina ratific\u00f3 la constitucionalidad de la ley de 2010 al fallar en una demanda contra aquella norma iniciada en 2011 por la minera canadiense Barrick Gold y la provincia de San Juan (oeste).<\/p>\n\n\n\n<p>En aquella sentencia, el Supremo reafirm\u00f3 que los glaciares y el ambiente periglacial son bienes de car\u00e1cter p\u00fablico y que, en contextos de conflicto, los derechos colectivos como el acceso al agua prevalecen por sobre intereses individuales.<\/p>\n\n\n\n<p><\/p>\n\n\n\n<p>efeverde.com<\/p>\n","protected":false},"excerpt":{"rendered":"<p>Buenos Aires.- Un juez federal de Argentina ha dispuesto este viernes frenar la aplicaci\u00f3n en la austral provincia de Santa Cruz de la reforma a la ley de protecci\u00f3n de glaciares aprobada recientemente por el Parlamento argentino por impulso del Gobierno de Javier Milei. El fallo, que lleva la firma de Claudio V\u00e1zquez, juez federal [&hellip;]<\/p>\n","protected":false},"author":1,"featured_media":207538,"comment_status":"open","ping_status":"open","sticky":false,"template":"","format":"standard","meta":{"_acf_changed":false,"_jetpack_memberships_contains_paid_content":false,"footnotes":"","jetpack_publicize_message":"","jetpack_publicize_feature_enabled":true,"jetpack_social_post_already_shared":true,"jetpack_social_options":{"image_generator_settings":{"template":"highway","default_image_id":0,"font":"","enabled":false},"version":2}},"categories":[6],"tags":[],"class_list":["post-207537","post","type-post","status-publish","format-standard","has-post-thumbnail","hentry","category-ecologia"],"acf":[],"jetpack_publicize_connections":[],"jetpack_featured_media_url":"https:\/\/i0.wp.com\/sportseco.com\/wp-content\/uploads\/2026\/04\/BAS01-ARGENTINA-GLACIARES.jpg?fit=1920%2C1260&ssl=1","jetpack_sharing_enabled":true,"_links":{"self":[{"href":"https:\/\/sportseco.com\/index.php?rest_route=\/wp\/v2\/posts\/207537","targetHints":{"allow":["GET"]}}],"collection":[{"href":"https:\/\/sportseco.com\/index.php?rest_route=\/wp\/v2\/posts"}],"about":[{"href":"https:\/\/sportseco.com\/index.php?rest_route=\/wp\/v2\/types\/post"}],"author":[{"embeddable":true,"href":"https:\/\/sportseco.com\/index.php?rest_route=\/wp\/v2\/users\/1"}],"replies":[{"embeddable":true,"href":"https:\/\/sportseco.com\/index.php?rest_route=%2Fwp%2Fv2%2Fcomments&post=207537"}],"version-history":[{"count":2,"href":"https:\/\/sportseco.com\/index.php?rest_route=\/wp\/v2\/posts\/207537\/revisions"}],"predecessor-version":[{"id":207540,"href":"https:\/\/sportseco.com\/index.php?rest_route=\/wp\/v2\/posts\/207537\/revisions\/207540"}],"wp:featuredmedia":[{"embeddable":true,"href":"https:\/\/sportseco.com\/index.php?rest_route=\/wp\/v2\/media\/207538"}],"wp:attachment":[{"href":"https:\/\/sportseco.com\/index.php?rest_route=%2Fwp%2Fv2%2Fmedia&parent=207537"}],"wp:term":[{"taxonomy":"category","embeddable":true,"href":"https:\/\/sportseco.com\/index.php?rest_route=%2Fwp%2Fv2%2Fcategories&post=207537"},{"taxonomy":"post_tag","embeddable":true,"href":"https:\/\/sportseco.com\/index.php?rest_route=%2Fwp%2Fv2%2Ftags&post=207537"}],"curies":[{"name":"wp","href":"https:\/\/api.w.org\/{rel}","templated":true}]}}