{"id":207541,"date":"2026-04-25T12:28:50","date_gmt":"2026-04-25T16:28:50","guid":{"rendered":"https:\/\/sportseco.com\/?p=207541"},"modified":"2026-04-25T12:29:01","modified_gmt":"2026-04-25T16:29:01","slug":"3-4-tras-ir-perdiendo-0-3-el-bayern-derrota-al-mainz-05-tras-una-espectacular-remontada","status":"publish","type":"post","link":"https:\/\/sportseco.com\/?p=207541","title":{"rendered":"\u00a13-4 tras ir perdiendo 0-3! El Bayern derrota al Mainz 05 tras una espectacular remontada"},"content":{"rendered":"\n<ul class=\"wp-block-list\">\n<li><strong>\u00a13-4 tras\u00a00-3!<\/strong><\/li>\n\n\n\n<li><strong>Jackson, Olise, Musiala y\u00a0Kane marcan<\/strong><\/li>\n\n\n\n<li><strong>El martes ante el PSG<\/strong><\/li>\n<\/ul>\n\n\n\n<p>Con un gran esp\u00edritu de lucha, el FC Bayern celebr\u00f3 el s\u00e1bado por la tarde una contundente victoria a domicilio ante el 1. FSV Mainz 05. El reci\u00e9n coronado campe\u00f3n de Alemania remont\u00f3 una desventaja de tres goles al descanso en un partido muy disputado y acab\u00f3 imponi\u00e9ndose por 3-4, una victoria emotiva que le da un plus de confianza a tres d\u00edas del partido de ida de las semifinales de la Liga de Campeones ante el Par\u00eds Saint-Germain.<\/p>\n\n\n\n<p>El gol de Dominik Kohr (minuto 15) lleg\u00f3 tras un saque de esquina, antes de que el Mainz ampliara la ventaja por medio de Paul Nebel (29\u2019) tras un contraataque. Poco antes del descanso, Sheraldo Becker puso el 3-0, antes de que&nbsp;<a href=\"https:\/\/fcbayern.com\/es\/teams\/first-team\/nicolas-jackson\">Nicolas Jackson<\/a>&nbsp;(53\u2019) recortara distancias tras la reanudaci\u00f3n. Antes de que comenzara el \u00faltimo cuarto de hora, el FCB recort\u00f3 distancias con un golazo de&nbsp;<a href=\"https:\/\/fcbayern.com\/es\/teams\/first-team\/michael-olise\">Michael Olise&nbsp;<\/a>(73&#8242;), antes de que&nbsp;<a href=\"https:\/\/fcbayern.com\/es\/teams\/first-team\/jamal-musiala\">Jamal Musiala<\/a>&nbsp;(81&#8242;) y&nbsp;<a href=\"https:\/\/fcbayern.com\/es\/teams\/first-team\/harry-kane\">Harry Kane<\/a>&nbsp;(83&#8242;) dieran la alegr\u00eda al FCB. El martes por la noche (21:00 CEST), el equipo de&nbsp;<a href=\"https:\/\/fcbayern.com\/es\/teams\/first-team\/coaches-and-staff\/vincent-kompany\">Vincent Kompany<\/a>&nbsp;disputar\u00e1 el partido de ida de las semifinales de la Liga de Campeones en el campo del Par\u00eds Saint-Germain.<\/p>\n\n\n\n<h2 class=\"wp-block-heading\">&nbsp;<\/h2>\n\n\n\n<h2 class=\"wp-block-heading\">Debut como titular para Ndiaye, Goretzka capit\u00e1n por primera vez<\/h2>\n\n\n\n<figure class=\"wp-block-image\"><img data-recalc-dims=\"1\" decoding=\"async\" src=\"https:\/\/i0.wp.com\/img.fcbayern.com\/image\/upload\/f_auto\/q_auto\/ar_16%3A9%2Cc_fill%2Cg_custom%2Cw_1024\/v1777127893\/cms\/public\/images\/fcbayern-com\/homepage\/Saison-25-26\/Galerien\/Spiele\/mainz-fcb\/04-mainz-fcbayern-260425-mel.jpg?w=640&#038;ssl=1\" alt=\"\"\/><figcaption class=\"wp-element-caption\">\u00a9 FC Bayern<\/figcaption><\/figure>\n\n\n\n<p>En comparaci\u00f3n con la victoria por 0-2 en la Copa DFB ante el Bayer 04 Leverkusen a mitad de semana, Kompany realiz\u00f3 un total de ocho cambios en su once inicial:&nbsp;<a href=\"https:\/\/fcbayern.com\/es\/teams\/first-team\/jonas-urbig\">Jonas Urbig,<\/a>&nbsp;<a href=\"https:\/\/fcbayern.com\/es\/teams\/first-team\/minjae-kim\">Minjae Kim<\/a>,&nbsp;<a href=\"https:\/\/fcbayern.com\/es\/teams\/first-team\/leon-goretzka\">Leon Goretzka<\/a>,&nbsp;<a href=\"https:\/\/fcbayern.com\/es\/teams\/first-team\/nicolas-jackson\">Nicolas Jackson<\/a>,&nbsp;<a href=\"https:\/\/fcbayern.com\/es\/teams\/first-team\/alphonso-davies\">Alphonso Davies<\/a>,&nbsp;<a href=\"https:\/\/fcbayern.com\/es\/teams\/first-team\/minjae-kim\">Hiroki Ito<\/a>,&nbsp;<a href=\"https:\/\/fcbayern.com\/es\/teams\/first-team\/raphael-guerreiro\">Rapha\u00ebl Guerreiro<\/a>&nbsp;y Bara Ndiaye ocuparon la alineaci\u00f3n inicial en lugar de&nbsp;<a href=\"https:\/\/fcbayern.com\/es\/teams\/first-team\/manuel-neuer\">Manuel Neuer<\/a>,&nbsp;<a href=\"https:\/\/fcbayern.com\/es\/teams\/first-team\/jonathan-tah\">Jonathan Tah,<\/a>&nbsp;<a href=\"https:\/\/fcbayern.com\/es\/teams\/first-team\/harry-kane\">Harry Kane<\/a>,&nbsp;<a href=\"https:\/\/fcbayern.com\/es\/teams\/first-team\/jamal-musiala\">Jamal Musiala,<\/a>&nbsp;<a href=\"https:\/\/fcbayern.com\/es\/teams\/first-team\/michael-olise\">Michael Olise,<\/a>&nbsp;<a href=\"https:\/\/fcbayern.com\/es\/teams\/first-team\/josip-stani%C5%A1i%C4%87\">Josip Stani\u0161i\u0107<\/a>,&nbsp;<a href=\"https:\/\/fcbayern.com\/es\/teams\/first-team\/dayot-upamecano\">Dayot Upamecano<\/a>&nbsp;y&nbsp;<a href=\"https:\/\/fcbayern.com\/es\/teams\/first-team\/joshua-kimmich\">Joshua Kimmich<\/a>. Ndiaye, de 18 a\u00f1os, debut\u00f3 en el once inicial del FC Bayern en la Bundesliga, mientras que Goretzka capitane\u00f3 al equipo muniqu\u00e9s por primera vez en un partido oficial.<\/p>\n\n\n\n<p><em>Hemos resumido las mejores jugadas del partido:<\/em><\/p>\n\n\n\n<h2 class=\"wp-block-heading\">Minuto 15: Kohr adelanta al Mainz<\/h2>\n\n\n\n<figure class=\"wp-block-image\"><img data-recalc-dims=\"1\" decoding=\"async\" src=\"https:\/\/i0.wp.com\/img.fcbayern.com\/image\/upload\/f_auto\/q_auto\/ar_16%3A9%2Cc_fill%2Cg_custom%2Cw_1024\/v1777125106\/cms\/public\/images\/fcbayern-com\/homepage\/Saison-25-26\/Galerien\/Spiele\/mainz-fcb\/05-mainz-fcbayern-260425-get.jpg?w=640&#038;ssl=1\" alt=\"\"\/><figcaption class=\"wp-element-caption\">\u00a9 Getty Images<\/figcaption><\/figure>\n\n\n\n<p>El gol del Mainz surgi\u00f3 a ra\u00edz de un c\u00f3rner. Jonas Urbig despej\u00f3 inicialmente el centro con el pu\u00f1o desde el \u00e1rea peque\u00f1a, pero el rebote le lleg\u00f3 a Kaish\u016b Sano. El centrocampista del Mainz se abri\u00f3 paso por la banda derecha, se dirigi\u00f3 hacia la l\u00ednea de fondo y centr\u00f3 al espacio libre a la espalda de la defensa del Bayern. All\u00ed, Dominik Kohr remat\u00f3 de volea desde unos diez metros y marc\u00f3 con un disparo raso.<\/p>\n\n\n\n<h2 class=\"wp-block-heading\">Minuto 29: Nebel aumenta para el Mainz<\/h2>\n\n\n\n<figure class=\"wp-block-image\"><img data-recalc-dims=\"1\" decoding=\"async\" src=\"https:\/\/i0.wp.com\/img.fcbayern.com\/image\/upload\/f_auto\/q_auto\/ar_16%3A9%2Cc_fill%2Cg_custom%2Cw_1024\/v1777125909\/cms\/public\/images\/fcbayern-com\/homepage\/Saison-25-26\/Galerien\/Spiele\/mainz-fcb\/07-mainz-fcbayern-260425-get.jpg?w=640&#038;ssl=1\" alt=\"\"\/><figcaption class=\"wp-element-caption\">\u00a9 Getty Images<\/figcaption><\/figure>\n\n\n\n<p>Una vez m\u00e1s, los de Maguncia lanzaron un contraataque impecable; esta vez, Urbig tuvo que sacar el bal\u00f3n de su porter\u00eda. Amiri remat\u00f3 desde la izquierda del \u00e1rea; el portero del M\u00fanich desvi\u00f3 el bal\u00f3n hacia el centro, donde Paul Nebel fue el m\u00e1s r\u00e1pido en reaccionar y, con un toque por encima del portero, envi\u00f3 el bal\u00f3n al fondo de la red para marcar el segundo gol del Mainz.<\/p>\n\n\n\n<h2 class=\"wp-block-heading\">Minuto 45+2: Beckerhace el 3-0<\/h2>\n\n\n\n<figure class=\"wp-block-image\"><img data-recalc-dims=\"1\" decoding=\"async\" src=\"https:\/\/i0.wp.com\/img.fcbayern.com\/image\/upload\/f_auto\/q_auto\/ar_16%3A9%2Cc_fill%2Cg_custom%2Cw_1024\/v1777128693\/cms\/public\/images\/fcbayern-com\/homepage\/Saison-25-26\/Galerien\/Spiele\/mainz-fcb\/12-mainz-fcbayern-260425-get.jpg?w=640&#038;ssl=1\" alt=\"\"\/><figcaption class=\"wp-element-caption\">\u00a9 Getty Images<\/figcaption><\/figure>\n\n\n\n<p>Poco antes del descanso, el Mainz puso el 0-3. Los locales desplazaron el juego de la banda derecha a la izquierda y, una vez m\u00e1s, lanzaron un contraataque fulminante. Amiri lo intent\u00f3 desde lejos y Urbig desvi\u00f3 el bal\u00f3n al larguero. Sin embargo, desde all\u00ed, el bal\u00f3n sali\u00f3 rebotando en un arco alto hacia el poste derecho, donde Becker solo tuvo que empujarlo al fondo de la red. Una primera parte amarga desde el punto de vista del FCB.<\/p>\n\n\n\n<h2 class=\"wp-block-heading\">Minut0 53: Jackson recorta a 1-3<\/h2>\n\n\n\n<figure class=\"wp-block-image\"><img data-recalc-dims=\"1\" decoding=\"async\" src=\"https:\/\/i0.wp.com\/img.fcbayern.com\/image\/upload\/f_auto\/q_auto\/ar_16%3A9%2Cc_fill%2Cg_custom%2Cw_1024\/v1777129313\/cms\/public\/images\/fcbayern-com\/homepage\/Saison-25-26\/Galerien\/Spiele\/mainz-fcb\/16-mainz-fcbayern-260425-ima.jpg?w=640&#038;ssl=1\" alt=\"\"\/><figcaption class=\"wp-element-caption\">\u00a9 Imago<\/figcaption><\/figure>\n\n\n\n<p>El Bayern sali\u00f3 del descanso con mucho m\u00e1s \u00edmpetu. Por la banda derecha, Konrad Laimer se adelant\u00f3 al reci\u00e9n incorporado Michael Olise, quien asisti\u00f3 a su compa\u00f1ero con un ingenioso taconazo. Laimer envi\u00f3 un centro que encontr\u00f3 a Nicolas Jackson, solo en el segundo palo, quien remat\u00f3 de volea tras un rebote para enviar el bal\u00f3n al palo izquierdo: ya solo quedaba 1-3.<\/p>\n\n\n\n<h2 class=\"wp-block-heading\">Minuto 73: Olise marca un golazo para recortar distancias<\/h2>\n\n\n\n<figure class=\"wp-block-image\"><img data-recalc-dims=\"1\" decoding=\"async\" src=\"https:\/\/i0.wp.com\/img.fcbayern.com\/image\/upload\/f_auto\/q_auto\/ar_16%3A9%2Cc_fill%2Cg_custom%2Cw_1024\/v1777124297\/cms\/public\/images\/fcbayern-com\/homepage\/Saison-25-26\/Galerien\/Spiele\/mainz-fcb\/01-mainz-fcbayern-260425-mel.jpg?w=640&#038;ssl=1\" alt=\"\"\/><figcaption class=\"wp-element-caption\">\u00a9 FC Bayern<\/figcaption><\/figure>\n\n\n\n<p>El Bayern vio recompensada su notable mejora tras el descanso con el gol para acercarse en el marcador. Como suele ocurrir, el ataque cobr\u00f3 impulso por la banda derecha: Olise regate\u00f3 a su rival con pasos cortos, se intern\u00f3 hacia el centro con su habitual estilo y, desde unos 20 metros en una posici\u00f3n ligeramente escorada a la derecha, envi\u00f3 el bal\u00f3n con precisi\u00f3n al palo izquierdo. As\u00ed, en el \u00faltimo cuarto de hora volvi\u00f3 a reinar una tensi\u00f3n palpable.<\/p>\n\n\n\n<h2 class=\"wp-block-heading\">Minuto 81: \u00a1S\u00cd\u00cd\u00cd\u00cd! Musiala con el empate<\/h2>\n\n\n\n<figure class=\"wp-block-image\"><img data-recalc-dims=\"1\" decoding=\"async\" src=\"https:\/\/i0.wp.com\/img.fcbayern.com\/image\/upload\/f_auto\/q_auto\/ar_16%3A9%2Cc_fill%2Cg_custom%2Cw_1024\/v1777130833\/cms\/public\/images\/fcbayern-com\/homepage\/Saison-25-26\/Galerien\/Spiele\/mainz-fcb\/23-mainz-fcbayern-260425-mel.jpg?w=640&#038;ssl=1\" alt=\"\"\/><figcaption class=\"wp-element-caption\">\u00a9 FC Bayern<\/figcaption><\/figure>\n\n\n\n<p>\u00a1El Bayern vuelve a la carga! Tras un bal\u00f3n despejado, los muniqueses se mantuvieron muy atentos en el \u00e1rea, y el reci\u00e9n incorporado Jamal Musiala asisti\u00f3 a Olise con un pase en profundidad. Desde la l\u00ednea de fondo, el extremo envi\u00f3 un centro raso al primer palo, donde Batz logr\u00f3 despejar en un primer momento. En el barullo posterior, nuestro n\u00famero diez fue el m\u00e1s r\u00e1pido y empuj\u00f3 el bal\u00f3n al fondo de la red desde corta distancia.<\/p>\n\n\n\n<h2 class=\"wp-block-heading\">Minut0 83: \u00a1INCRE\u00cdBLE! \u00a1Kane le da la victoria al Bayern!<\/h2>\n\n\n\n<figure class=\"wp-block-image\"><img data-recalc-dims=\"1\" decoding=\"async\" src=\"https:\/\/i0.wp.com\/img.fcbayern.com\/image\/upload\/f_auto\/q_auto\/ar_16%3A9%2Cc_fill%2Cg_custom%2Cw_1024\/v1777130243\/cms\/public\/images\/fcbayern-com\/homepage\/Saison-25-26\/Galerien\/Spiele\/mainz-fcb\/27-mainz-fcbayern-260425-mel.jpg?w=640&#038;ssl=1\" alt=\"\"\/><figcaption class=\"wp-element-caption\">\u00a9 FC Bayern<\/figcaption><\/figure>\n\n\n\n<p>\u00a1\u00bfQU\u00c9 PAS AQU\u00cd?! \u00a1Es incre\u00edble, este Bayern nunca se rinde! Harry Kane acab\u00f3 marcando el gol de la victoria para los muniqueses. Musiala centr\u00f3 el bal\u00f3n desde la derecha al \u00e1rea, Batz solo pudo despejar el centro hacia delante\u2026 y Kane estaba en el lugar adecuado. El ingl\u00e9s remat\u00f3 a puerta vac\u00eda y, con su 34.\u00ba gol de la temporada, puso el 3-4. \u00a1QU\u00c9 SEGUNDA PARTE!<\/p>\n\n\n\n<p><\/p>\n\n\n\n<p>fcbayern.com<\/p>\n","protected":false},"excerpt":{"rendered":"<p>Con un gran esp\u00edritu de lucha, el FC Bayern celebr\u00f3 el s\u00e1bado por la tarde una contundente victoria a domicilio ante el 1. FSV Mainz 05. El reci\u00e9n coronado campe\u00f3n de Alemania remont\u00f3 una desventaja de tres goles al descanso en un partido muy disputado y acab\u00f3 imponi\u00e9ndose por 3-4, una victoria emotiva que le [&hellip;]<\/p>\n","protected":false},"author":1,"featured_media":207542,"comment_status":"open","ping_status":"open","sticky":false,"template":"","format":"standard","meta":{"_acf_changed":false,"_jetpack_memberships_contains_paid_content":false,"footnotes":"","jetpack_publicize_message":"","jetpack_publicize_feature_enabled":true,"jetpack_social_post_already_shared":true,"jetpack_social_options":{"image_generator_settings":{"template":"highway","default_image_id":0,"font":"","enabled":false},"version":2}},"categories":[5],"tags":[],"class_list":["post-207541","post","type-post","status-publish","format-standard","has-post-thumbnail","hentry","category-futbol"],"acf":[],"jetpack_publicize_connections":[],"jetpack_featured_media_url":"https:\/\/sportseco.com\/wp-content\/uploads\/2026\/04\/28-mainz-fcbayern-260425-mel.avif","jetpack_sharing_enabled":true,"_links":{"self":[{"href":"https:\/\/sportseco.com\/index.php?rest_route=\/wp\/v2\/posts\/207541","targetHints":{"allow":["GET"]}}],"collection":[{"href":"https:\/\/sportseco.com\/index.php?rest_route=\/wp\/v2\/posts"}],"about":[{"href":"https:\/\/sportseco.com\/index.php?rest_route=\/wp\/v2\/types\/post"}],"author":[{"embeddable":true,"href":"https:\/\/sportseco.com\/index.php?rest_route=\/wp\/v2\/users\/1"}],"replies":[{"embeddable":true,"href":"https:\/\/sportseco.com\/index.php?rest_route=%2Fwp%2Fv2%2Fcomments&post=207541"}],"version-history":[{"count":2,"href":"https:\/\/sportseco.com\/index.php?rest_route=\/wp\/v2\/posts\/207541\/revisions"}],"predecessor-version":[{"id":207544,"href":"https:\/\/sportseco.com\/index.php?rest_route=\/wp\/v2\/posts\/207541\/revisions\/207544"}],"wp:featuredmedia":[{"embeddable":true,"href":"https:\/\/sportseco.com\/index.php?rest_route=\/wp\/v2\/media\/207542"}],"wp:attachment":[{"href":"https:\/\/sportseco.com\/index.php?rest_route=%2Fwp%2Fv2%2Fmedia&parent=207541"}],"wp:term":[{"taxonomy":"category","embeddable":true,"href":"https:\/\/sportseco.com\/index.php?rest_route=%2Fwp%2Fv2%2Fcategories&post=207541"},{"taxonomy":"post_tag","embeddable":true,"href":"https:\/\/sportseco.com\/index.php?rest_route=%2Fwp%2Fv2%2Ftags&post=207541"}],"curies":[{"name":"wp","href":"https:\/\/api.w.org\/{rel}","templated":true}]}}