{"id":207548,"date":"2026-04-25T15:37:14","date_gmt":"2026-04-25T19:37:14","guid":{"rendered":"https:\/\/sportseco.com\/?p=207548"},"modified":"2026-04-25T15:37:14","modified_gmt":"2026-04-25T19:37:14","slug":"se-crea-primer-panel-cientifico-que-asesorara-la-transicion-energetica-global","status":"publish","type":"post","link":"https:\/\/sportseco.com\/?p=207548","title":{"rendered":"Se crea primer panel cient\u00edfico que asesorar\u00e1 la transici\u00f3n energ\u00e9tica global"},"content":{"rendered":"\n<figure class=\"wp-block-image\"><img data-recalc-dims=\"1\" decoding=\"async\" src=\"https:\/\/i0.wp.com\/www.minambiente.gov.co\/wp-content\/uploads\/2026\/04\/Transicion.jpeg?w=640&#038;ssl=1\" alt=\"Se crea primer panel cient\u00edfico que asesorar\u00e1 la transici\u00f3n energ\u00e9tica global\" title=\"Se crea primer panel cient\u00edfico que asesorar\u00e1 la transici\u00f3n energ\u00e9tica global\"\/><\/figure>\n\n\n\n<p>La iniciativa, anunciada en Santa Marta por la ministra Irene V\u00e9lez Torres durante la Primera Conferencia para la Transici\u00f3n m\u00e1s all\u00e1 de los Combustibles F\u00f3siles, reunir\u00e1 a expertos de talla mundial en clima, econom\u00eda y tecnolog\u00eda para orientar pol\u00edticas p\u00fablicas y acciones concretas hacia la descarbonizaci\u00f3n.<\/p>\n\n\n\n<p><strong>Santa Marta (Colombia), 25 de abril de 2026 (#M\u00e1sAll\u00e1DeLosCombustiblesF\u00f3siles) \u2013<\/strong><\/p>\n\n\n\n<p>En el marco de la Primera Conferencia para la Transici\u00f3n m\u00e1s all\u00e1 de los Combustibles F\u00f3siles, la ministra de Ambiente y Desarrollo Sostenible de Colombia (e), Irene V\u00e9lez Torres, anunci\u00f3 la creaci\u00f3n del Panel Cient\u00edfico para la Transici\u00f3n Energ\u00e9tica Global (SPGET, por sus siglas en ingl\u00e9s), el primero en su tipo a nivel mundial para asesorar a las naciones en acciones concretas hacia una transici\u00f3n m\u00e1s all\u00e1 de los combustibles f\u00f3siles.<\/p>\n\n\n\n<p>El anuncio se realiz\u00f3 junto con reconocidos cient\u00edficos internacionales como Johan Rockstr\u00f6m, director del Instituto Potsdam para la Investigaci\u00f3n del Impacto Clim\u00e1tico; Carlos Nobre, cient\u00edfico brasile\u00f1o experto en la Amazon\u00eda; y Gilberto M. Jannuzzi, de la Universidad Estadual de Campinas, en Brasil.<\/p>\n\n\n\n<p>Este panel reunir\u00e1 a algunos de los mejores cient\u00edficos del mundo en clima, econom\u00eda y tecnolog\u00eda, quienes aportar\u00e1n insumos para la construcci\u00f3n y el fortalecimiento de acciones relevantes, urgentes y concretas, respaldadas por la mejor evidencia disponible para entregar recomendaciones respecto al dise\u00f1o de pol\u00edticas p\u00fablicas orientadas a la salida progresiva de los combustibles f\u00f3siles.<\/p>\n\n\n\n<p><em>\u201cEste panel no solo repara una deuda hist\u00f3rica de un organismo dedicado, por fin y por primera vez, a la superaci\u00f3n de los combustibles f\u00f3siles en la matriz energ\u00e9tica; tambi\u00e9n nos habla de otro tipo de desaf\u00edos respecto a cu\u00e1les son las limitaciones sociales y econ\u00f3micas de poder hacer lo m\u00e1s r\u00e1pido posible esta transformaci\u00f3n. Este panel es el primero en su tipo dise\u00f1ado para organizar, en los pr\u00f3ximos cinco a\u00f1os, la evidencia cient\u00edfica que les permita a ciudades, regiones, pa\u00edses y coaliciones dar ese gran salto\u00bb, asegur\u00f3 Irene V\u00e9lez Torres.<\/em><\/p>\n\n\n\n<p><em>Por su parte, Rockstrom asegur\u00f3 que \u201cla raz\u00f3n por la que este panel es tan importante es que cient\u00edficos de todo el mundo, y de todas las disciplinas y geograf\u00edas, unan fuerzas en la transici\u00f3n energ\u00e9tica global es doble: por un lado, se trata de una transici\u00f3n compleja que tiene que ver con econom\u00eda, medioambiente, equidad y elementos fundamentales de justicia. Y por otro, veo a la ciencia desempe\u00f1ando un rol de puente entre los pa\u00edses que quieren avanzar m\u00e1s r\u00e1pido en la transici\u00f3n lejos de los combustibles f\u00f3siles y aquellos pa\u00edses que a\u00fan dudan. Es una forma de ir integrando gradualmente a todos\u201d.<\/em><\/p>\n\n\n\n<p>En el contexto actual, marcado por la persistente volatilidad de los precios mundiales del petr\u00f3leo, el mundo enfrenta riesgos en materia de seguridad, econ\u00f3micos, energ\u00e9ticos y ambientales asociados a la alta dependencia de los combustibles f\u00f3siles.<\/p>\n\n\n\n<p>Este panel representa un esfuerzo de articulaci\u00f3n entre la academia y los gobiernos para la eliminaci\u00f3n progresiva de los combustibles f\u00f3siles, liderada por consejos clim\u00e1ticos independientes u organismos similares, y fundamentada en la colaboraci\u00f3n entre la experiencia internacional, la mejor ciencia disponible y el conocimiento regional.<\/p>\n\n\n\n<p>Con este anuncio, Colombia reafirma su liderazgo en la agenda clim\u00e1tica global. La conformaci\u00f3n de este panel busca asegurar que el camino hacia la descarbonizaci\u00f3n, m\u00e1s all\u00e1 de la eficiencia energ\u00e9tica y centrado en la salida de los combustibles f\u00f3siles, no sea solo una meta, sino una realidad t\u00e9cnica que fortalezca la econom\u00eda nacional y global, y garantice la seguridad energ\u00e9tica de las futuras generaciones.<\/p>\n\n\n\n<p>minambiente.gov.co<\/p>\n","protected":false},"excerpt":{"rendered":"<p>La iniciativa, anunciada en Santa Marta por la ministra Irene V\u00e9lez Torres durante la Primera Conferencia para la Transici\u00f3n m\u00e1s all\u00e1 de los Combustibles F\u00f3siles, reunir\u00e1 a expertos de talla mundial en clima, econom\u00eda y tecnolog\u00eda para orientar pol\u00edticas p\u00fablicas y acciones concretas hacia la descarbonizaci\u00f3n. Santa Marta (Colombia), 25 de abril de 2026 (#M\u00e1sAll\u00e1DeLosCombustiblesF\u00f3siles) [&hellip;]<\/p>\n","protected":false},"author":1,"featured_media":207549,"comment_status":"open","ping_status":"open","sticky":false,"template":"","format":"standard","meta":{"_acf_changed":false,"_jetpack_memberships_contains_paid_content":false,"footnotes":"","jetpack_publicize_message":"","jetpack_publicize_feature_enabled":true,"jetpack_social_post_already_shared":true,"jetpack_social_options":{"image_generator_settings":{"template":"highway","default_image_id":0,"font":"","enabled":false},"version":2}},"categories":[6],"tags":[],"class_list":["post-207548","post","type-post","status-publish","format-standard","has-post-thumbnail","hentry","category-ecologia"],"acf":[],"jetpack_publicize_connections":[],"jetpack_featured_media_url":"https:\/\/i0.wp.com\/sportseco.com\/wp-content\/uploads\/2026\/04\/Transicion.jpeg?fit=900%2C600&ssl=1","jetpack_sharing_enabled":true,"_links":{"self":[{"href":"https:\/\/sportseco.com\/index.php?rest_route=\/wp\/v2\/posts\/207548","targetHints":{"allow":["GET"]}}],"collection":[{"href":"https:\/\/sportseco.com\/index.php?rest_route=\/wp\/v2\/posts"}],"about":[{"href":"https:\/\/sportseco.com\/index.php?rest_route=\/wp\/v2\/types\/post"}],"author":[{"embeddable":true,"href":"https:\/\/sportseco.com\/index.php?rest_route=\/wp\/v2\/users\/1"}],"replies":[{"embeddable":true,"href":"https:\/\/sportseco.com\/index.php?rest_route=%2Fwp%2Fv2%2Fcomments&post=207548"}],"version-history":[{"count":1,"href":"https:\/\/sportseco.com\/index.php?rest_route=\/wp\/v2\/posts\/207548\/revisions"}],"predecessor-version":[{"id":207550,"href":"https:\/\/sportseco.com\/index.php?rest_route=\/wp\/v2\/posts\/207548\/revisions\/207550"}],"wp:featuredmedia":[{"embeddable":true,"href":"https:\/\/sportseco.com\/index.php?rest_route=\/wp\/v2\/media\/207549"}],"wp:attachment":[{"href":"https:\/\/sportseco.com\/index.php?rest_route=%2Fwp%2Fv2%2Fmedia&parent=207548"}],"wp:term":[{"taxonomy":"category","embeddable":true,"href":"https:\/\/sportseco.com\/index.php?rest_route=%2Fwp%2Fv2%2Fcategories&post=207548"},{"taxonomy":"post_tag","embeddable":true,"href":"https:\/\/sportseco.com\/index.php?rest_route=%2Fwp%2Fv2%2Ftags&post=207548"}],"curies":[{"name":"wp","href":"https:\/\/api.w.org\/{rel}","templated":true}]}}