{"id":207582,"date":"2026-04-26T10:34:16","date_gmt":"2026-04-26T14:34:16","guid":{"rendered":"https:\/\/sportseco.com\/?p=207582"},"modified":"2026-04-26T10:34:16","modified_gmt":"2026-04-26T14:34:16","slug":"tadej-pogacar-gana-a-paul-seixas-en-un-duelo-increible-en-la-lieja-bastona-lieja-2026-%c2%b7-ciclismo","status":"publish","type":"post","link":"https:\/\/sportseco.com\/?p=207582","title":{"rendered":"Tadej Pogacar gana a Paul Seixas en un duelo incre\u00edble en la Lieja-Basto\u00f1a-Lieja 2026 \u00b7 Ciclismo"},"content":{"rendered":"\n<p>Resultados y clasificaci\u00f3n de la Lieja-Basto\u00f1a-Lieja 2026, con Pogacar, Seixas y Evenepoel en el podio.<\/p>\n\n\n\n<p>Foto por: A.S.O.\/Jennifer Lindini<\/p>\n\n\n\n<p><strong>Por\u00a0<a href=\"https:\/\/www.olympics.com\/es\/autor\/marta-martin\">Marta Mart\u00edn<\/a><\/strong><\/p>\n\n\n\n<p><a href=\"https:\/\/www.olympics.com\/es\/atletas\/tadej-pogacar\"><strong>Tadej Pogacar<\/strong><\/a>&nbsp;volvi\u00f3 a ser Tadej Pogacar y gan\u00f3 este 26 de abril en la&nbsp;<strong>Lieja-Basto\u00f1a-Lieja 2026<\/strong>&nbsp;de&nbsp;<a href=\"https:\/\/www.olympics.com\/es\/deportes\/ciclismo-en-ruta\/\">ciclismo<\/a>.<\/p>\n\n\n\n<p>Pero el pelot\u00f3n no es el mismo pelot\u00f3n.<\/p>\n\n\n\n<p>Si antes de la Lieja-Basto\u00f1a-Lieja, ya&nbsp;<a href=\"https:\/\/www.olympics.com\/es\/noticias\/paul-seixas-opiniones-unanimes-pogacar-y-mas-lieja-bastona-lieja-2026\" target=\"_blank\" rel=\"noreferrer noopener\">todo el mundo hablaba<\/a>&nbsp;del joven franc\u00e9s&nbsp;<strong>Paul Seixas<\/strong>, los elogios se van a amplificar tras esta carrera.<\/p>\n\n\n\n<p>Pogacar necesit\u00f3&nbsp;<strong>cuatro ataques<\/strong>&nbsp;para poder descolgar al ciclista galo para alzarse con su tercera victoria en Lieja, la cuarta en total. \u00abEstaba preparado para llegar al esprint con \u00e9l\u00bb, reconoci\u00f3 Pogacar en los micr\u00f3fonos de los organizadores.<\/p>\n\n\n\n<p>Tras cruzar la meta primero, el esloveno esper\u00f3 a&nbsp;Seixas, que finaliz\u00f3 segundo, para felicitarle por su actuaci\u00f3n.<\/p>\n\n\n\n<p>Por detr\u00e1s y al esprint, cruz\u00f3 tercero&nbsp;<a href=\"https:\/\/www.olympics.com\/es\/atletas\/remco-evenepoel\">Remco Evenepoel<\/a>. El colombiano&nbsp;<a href=\"https:\/\/www.olympics.com\/es\/atletas\/egan-bernal\">Egan Bernal<\/a>&nbsp;estuvo a punto de imponerse en los \u00faltimos metros y acarici\u00f3 el podio.<\/p>\n\n\n\n<p><\/p>\n\n\n\n<p>olympics.com<\/p>\n","protected":false},"excerpt":{"rendered":"<p>Resultados y clasificaci\u00f3n de la Lieja-Basto\u00f1a-Lieja 2026, con Pogacar, Seixas y Evenepoel en el podio. Foto por: A.S.O.\/Jennifer Lindini Por\u00a0Marta Mart\u00edn Tadej Pogacar&nbsp;volvi\u00f3 a ser Tadej Pogacar y gan\u00f3 este 26 de abril en la&nbsp;Lieja-Basto\u00f1a-Lieja 2026&nbsp;de&nbsp;ciclismo. Pero el pelot\u00f3n no es el mismo pelot\u00f3n. Si antes de la Lieja-Basto\u00f1a-Lieja, ya&nbsp;todo el mundo hablaba&nbsp;del joven franc\u00e9s&nbsp;Paul [&hellip;]<\/p>\n","protected":false},"author":1,"featured_media":207583,"comment_status":"open","ping_status":"open","sticky":false,"template":"","format":"standard","meta":{"_acf_changed":false,"_jetpack_memberships_contains_paid_content":false,"footnotes":"","jetpack_publicize_message":"","jetpack_publicize_feature_enabled":true,"jetpack_social_post_already_shared":true,"jetpack_social_options":{"image_generator_settings":{"template":"highway","default_image_id":0,"font":"","enabled":false},"version":2}},"categories":[14],"tags":[],"class_list":["post-207582","post","type-post","status-publish","format-standard","has-post-thumbnail","hentry","category-ciclismo"],"acf":[],"jetpack_publicize_connections":[],"jetpack_featured_media_url":"https:\/\/sportseco.com\/wp-content\/uploads\/2026\/04\/gco7h1yiyi1st5rfjxe2.avif","jetpack_sharing_enabled":true,"_links":{"self":[{"href":"https:\/\/sportseco.com\/index.php?rest_route=\/wp\/v2\/posts\/207582","targetHints":{"allow":["GET"]}}],"collection":[{"href":"https:\/\/sportseco.com\/index.php?rest_route=\/wp\/v2\/posts"}],"about":[{"href":"https:\/\/sportseco.com\/index.php?rest_route=\/wp\/v2\/types\/post"}],"author":[{"embeddable":true,"href":"https:\/\/sportseco.com\/index.php?rest_route=\/wp\/v2\/users\/1"}],"replies":[{"embeddable":true,"href":"https:\/\/sportseco.com\/index.php?rest_route=%2Fwp%2Fv2%2Fcomments&post=207582"}],"version-history":[{"count":1,"href":"https:\/\/sportseco.com\/index.php?rest_route=\/wp\/v2\/posts\/207582\/revisions"}],"predecessor-version":[{"id":207584,"href":"https:\/\/sportseco.com\/index.php?rest_route=\/wp\/v2\/posts\/207582\/revisions\/207584"}],"wp:featuredmedia":[{"embeddable":true,"href":"https:\/\/sportseco.com\/index.php?rest_route=\/wp\/v2\/media\/207583"}],"wp:attachment":[{"href":"https:\/\/sportseco.com\/index.php?rest_route=%2Fwp%2Fv2%2Fmedia&parent=207582"}],"wp:term":[{"taxonomy":"category","embeddable":true,"href":"https:\/\/sportseco.com\/index.php?rest_route=%2Fwp%2Fv2%2Fcategories&post=207582"},{"taxonomy":"post_tag","embeddable":true,"href":"https:\/\/sportseco.com\/index.php?rest_route=%2Fwp%2Fv2%2Ftags&post=207582"}],"curies":[{"name":"wp","href":"https:\/\/api.w.org\/{rel}","templated":true}]}}