{"id":207635,"date":"2026-04-27T09:34:12","date_gmt":"2026-04-27T13:34:12","guid":{"rendered":"https:\/\/sportseco.com\/?p=207635"},"modified":"2026-04-27T09:34:12","modified_gmt":"2026-04-27T13:34:12","slug":"nairo-quintana-campeon-en-asturias-lidera-una-jornada-positiva-para-colombianos-en-europa","status":"publish","type":"post","link":"https:\/\/sportseco.com\/?p=207635","title":{"rendered":"Nairo Quintana, campe\u00f3n en Asturias, lidera una jornada positiva para colombianos en Europa"},"content":{"rendered":"\n<figure class=\"wp-block-image\"><a class=\"block w-full\" href=\"https:\/\/i0.wp.com\/www.mindeporte.gov.co\/files\/019dcba1-2dbc-71ee-8ad5-5d3f6d78e2d6\/019dcba1-d452-7089-8d9b-17f6a9533834\/Nairo-Quintana-gano-la-Vuelta-a-Asturias-a-sus-36-anos.jpeg?ssl=1\" target=\"_blank\" rel=\"noreferrer noopener\"><img data-recalc-dims=\"1\" decoding=\"async\" src=\"https:\/\/i0.wp.com\/www.mindeporte.gov.co\/files\/019dcba1-2dbc-71ee-8ad5-5d3f6d78e2d6\/019dcba1-d452-7089-8d9b-17f6a9533834\/Nairo-Quintana-gano-la-Vuelta-a-Asturias-a-sus-36-anos.jpeg?w=640&#038;ssl=1\" alt=\"Nairo-Quintana-gano-la-Vuelta-a-Asturias-a-sus-36-anos.jpeg\" title=\"Nairo Quintana gan\u00f3 la Vuelta a Asturias a sus 36 a\u00f1os.\"\/><\/a><figcaption class=\"wp-element-caption\">Nairo Quintana gan\u00f3 la Vuelta a Asturias a sus 36 a\u00f1os.<\/figcaption><\/figure>\n\n\n\n<h5 class=\"wp-block-heading\">El ciclismo colombiano vivi\u00f3 una jornada destacada este domingo, con protagonismo en Espa\u00f1a y B\u00e9lgica.<\/h5>\n\n\n\n<p>Autor\u00eda: Jefferson Ram\u00edrez &#8211; Prensa Mindeporte<\/p>\n\n\n\n<p><strong>Bogot\u00e1,&nbsp;26&nbsp;de&nbsp;abril&nbsp;de 2026.<\/strong>&nbsp;El pedalista boyacense Nairo Quintana, del Movistar Team, se consagr\u00f3 campe\u00f3n de la Vuelta a Asturias 2026 tras defender el liderato en la cuarta y \u00faltima etapa de la competencia. Quintana cruz\u00f3 la meta en la cuarta posici\u00f3n de la jornada, resultado que le permiti\u00f3 asegurar el t\u00edtulo y vestir el maillot azul de l\u00edder.<\/p>\n\n\n\n<p>Con este triunfo, el colombiano alcanz\u00f3 su tercer campeonato en esta carrera, luego de los obtenidos en 2017 y 2021. En la clasificaci\u00f3n general, el podio tambi\u00e9n cont\u00f3 con presencia nacional gracias a Diego Pescador, compa\u00f1ero de equipo de Quintana, quien finaliz\u00f3 tercero a 1 minuto y 33 segundos del l\u00edder. El segundo lugar fue para el espa\u00f1ol Adri\u00e0 Pericas, a 25 segundos del colombiano.<\/p>\n\n\n\n<p>De otro lado, en territorio belga, Egan Bernal, del INEOS Grenadiers, firm\u00f3 una s\u00f3lida actuaci\u00f3n en la cl\u00e1sica Lieja-Basto\u00f1a-Lieja al ubicarse en la quinta posici\u00f3n. En esta misma competencia, Santiago Buitrago termin\u00f3 en el puesto 22 y Daniel Mart\u00ednez en la casilla 42.<\/p>\n\n\n\n<p>La&nbsp;carrera&nbsp;fue ganada por el esloveno Tadej Poga\u010dar, quien, adem\u00e1s, rindi\u00f3 homenaje al ciclista colombiano Cristian Camilo Mu\u00f1oz, fallecido recientemente en Espa\u00f1a. Durante la prueba, el campe\u00f3n port\u00f3 una cinta negra en su brazo izquierdo en se\u00f1al de respeto y memoria hacia su excompa\u00f1ero de equipo.<\/p>\n\n\n\n<p>En el motociclismo, David Alonso volvi\u00f3 a mostrar su progresi\u00f3n en Moto2 al finalizar cuarto en el Gran Premio de Espa\u00f1a, disputado en Jerez. Pese a una salida complicada que lo releg\u00f3 en el grupo, el piloto avanz\u00f3 posiciones de forma constante hasta ubicarse cerca del podio.<\/p>\n\n\n\n<p><\/p>\n\n\n\n<p>mindeporte.gov.co<\/p>\n","protected":false},"excerpt":{"rendered":"<p>El ciclismo colombiano vivi\u00f3 una jornada destacada este domingo, con protagonismo en Espa\u00f1a y B\u00e9lgica. Autor\u00eda: Jefferson Ram\u00edrez &#8211; Prensa Mindeporte Bogot\u00e1,&nbsp;26&nbsp;de&nbsp;abril&nbsp;de 2026.&nbsp;El pedalista boyacense Nairo Quintana, del Movistar Team, se consagr\u00f3 campe\u00f3n de la Vuelta a Asturias 2026 tras defender el liderato en la cuarta y \u00faltima etapa de la competencia. Quintana cruz\u00f3 la [&hellip;]<\/p>\n","protected":false},"author":1,"featured_media":207636,"comment_status":"open","ping_status":"open","sticky":false,"template":"","format":"standard","meta":{"_acf_changed":false,"_jetpack_memberships_contains_paid_content":false,"footnotes":"","jetpack_publicize_message":"","jetpack_publicize_feature_enabled":true,"jetpack_social_post_already_shared":true,"jetpack_social_options":{"image_generator_settings":{"template":"highway","default_image_id":0,"font":"","enabled":false},"version":2}},"categories":[14],"tags":[],"class_list":["post-207635","post","type-post","status-publish","format-standard","has-post-thumbnail","hentry","category-ciclismo"],"acf":[],"jetpack_publicize_connections":[],"jetpack_featured_media_url":"https:\/\/i0.wp.com\/sportseco.com\/wp-content\/uploads\/2026\/04\/681984084_18580853920050607_3005651878836931769_n.webp?fit=1440%2C1800&ssl=1","jetpack_sharing_enabled":true,"_links":{"self":[{"href":"https:\/\/sportseco.com\/index.php?rest_route=\/wp\/v2\/posts\/207635","targetHints":{"allow":["GET"]}}],"collection":[{"href":"https:\/\/sportseco.com\/index.php?rest_route=\/wp\/v2\/posts"}],"about":[{"href":"https:\/\/sportseco.com\/index.php?rest_route=\/wp\/v2\/types\/post"}],"author":[{"embeddable":true,"href":"https:\/\/sportseco.com\/index.php?rest_route=\/wp\/v2\/users\/1"}],"replies":[{"embeddable":true,"href":"https:\/\/sportseco.com\/index.php?rest_route=%2Fwp%2Fv2%2Fcomments&post=207635"}],"version-history":[{"count":1,"href":"https:\/\/sportseco.com\/index.php?rest_route=\/wp\/v2\/posts\/207635\/revisions"}],"predecessor-version":[{"id":207637,"href":"https:\/\/sportseco.com\/index.php?rest_route=\/wp\/v2\/posts\/207635\/revisions\/207637"}],"wp:featuredmedia":[{"embeddable":true,"href":"https:\/\/sportseco.com\/index.php?rest_route=\/wp\/v2\/media\/207636"}],"wp:attachment":[{"href":"https:\/\/sportseco.com\/index.php?rest_route=%2Fwp%2Fv2%2Fmedia&parent=207635"}],"wp:term":[{"taxonomy":"category","embeddable":true,"href":"https:\/\/sportseco.com\/index.php?rest_route=%2Fwp%2Fv2%2Fcategories&post=207635"},{"taxonomy":"post_tag","embeddable":true,"href":"https:\/\/sportseco.com\/index.php?rest_route=%2Fwp%2Fv2%2Ftags&post=207635"}],"curies":[{"name":"wp","href":"https:\/\/api.w.org\/{rel}","templated":true}]}}