{"id":207638,"date":"2026-04-27T10:55:47","date_gmt":"2026-04-27T14:55:47","guid":{"rendered":"https:\/\/sportseco.com\/?p=207638"},"modified":"2026-04-27T10:55:47","modified_gmt":"2026-04-27T14:55:47","slug":"cvc-celebro-el-dia-mundial-de-la-tierra-con-siembra-de-260-arboles-en-la-cumbre","status":"publish","type":"post","link":"https:\/\/sportseco.com\/?p=207638","title":{"rendered":"CVC CELEBR\u00d3 EL D\u00cdA MUNDIAL DE LA TIERRA CON SIEMBRA DE 260 \u00c1RBOLES EN LA CUMBRE"},"content":{"rendered":"\n<h2 class=\"wp-block-heading\">EL PREDIO LA CABA\u00d1A ES CLAVE PARA EL SUMINISTRO DEL AGUA EN LA CEBECERA MUNICIPAL<\/h2>\n\n\n\n<p>La CVC recibi\u00f3 tres predios estrat\u00e9gicos para la conservaci\u00f3n y sembr\u00f3 especies en peligro de extinci\u00f3n como el Cedro negro; junto a tres instituciones educativas, el Comit\u00e9 Interinstitucional de Educaci\u00f3n Ambiental -CIDEA, la concesionaria Covimar y otros actores sociales.<\/p>\n\n\n\n<p>El del d\u00eda Mundial de la Tierra en La Cumbre, se convirti\u00f3 en un espacio de uni\u00f3n entre instituciones educativas, comunidad y actores sociales, quienes se dieron cita en el predio La Caba\u00f1a, un terreno de 33 hect\u00e1reas que actualmente es objeto de restauraci\u00f3n ecol\u00f3gica. &nbsp;All\u00ed, la CVC lider\u00f3 la siembra de 260 \u00e1rboles de especies como: guamos, carboneros, madro\u00f1os y en riesgo de extinci\u00f3n como el cedro negro.<\/p>\n\n\n\n<p>La jornada no solo tuvo un car\u00e1cter simb\u00f3lico, sino tambi\u00e9n pedag\u00f3gico. Los estudiantes participantes aprendieron sobre la importancia de la restauraci\u00f3n ecol\u00f3gica como garant\u00eda para la conservaci\u00f3n del agua de la cabecera municipal.&nbsp;<br \/>\u201cEstamos plantando vida, pero sobre todo asegurando el agua que estos mismos j\u00f3venes est\u00e1n consumiendo; &nbsp;ver a los estudiantes apropiarse de estas actividades ambientales nos da la certeza de que el mensaje de conservaci\u00f3n est\u00e1 dando su fruto en las nuevas generaciones\u00bb, Dijo, Marco Antonio Suarez Guti\u00e9rrez, director general de la CVC.<\/p>\n\n\n\n<p>Vale mencionar que, el proceso de recuperaci\u00f3n del predio La Caba\u00f1a est\u00e1 siendo adelantado por la concesionaria Covimar, como medida de compensaci\u00f3n ambiental por la obra Mulual\u00f3\u2013Loboguerrero. &nbsp;En dos a\u00f1os, Covimar ha sembrado 6.700 \u00e1rboles y proyecta alcanzar la meta de 13.000 individuos arb\u00f3reos, consolidando este espacio como un referente de regeneraci\u00f3n ecol\u00f3gica.<\/p>\n\n\n\n<p>\u201cEn la celebraci\u00f3n del d\u00eda mundial de la tierra, recibimos por parte de Covimar las tres escrituras de los predios Ambal\u00e1 y La Caba\u00f1a de 33 hectareas y Pinos Altos de 73 hectareas, en este \u00faltimo cuando la concesionaria cumpla los dos a\u00f1os de restauraci\u00f3n ecol\u00f3gica, ser\u00e1 otro de los Centros de Educaci\u00f3n Ambiental de la CVC\u201d. A\u00f1adi\u00f3 el director general de la CVC.<\/p>\n\n\n\n<p>De manera complementaria, la CVC entreg\u00f3 a la alcald\u00eda de La Cumbre 5.000 \u00e1rboles de diversas especies, que ser\u00e1n utilizados en las jornadas de reforestaci\u00f3n programadas por el municipio.<\/p>\n\n\n\n<p>Redact\u00f3: Karol Vivian Arango \u2013 Comunicaciones CVC<br \/>Revis\u00f3: Wilson Garc\u00eda.<\/p>\n\n\n\n<p>cvc.gov.co<\/p>\n","protected":false},"excerpt":{"rendered":"<p>EL PREDIO LA CABA\u00d1A ES CLAVE PARA EL SUMINISTRO DEL AGUA EN LA CEBECERA MUNICIPAL La CVC recibi\u00f3 tres predios estrat\u00e9gicos para la conservaci\u00f3n y sembr\u00f3 especies en peligro de extinci\u00f3n como el Cedro negro; junto a tres instituciones educativas, el Comit\u00e9 Interinstitucional de Educaci\u00f3n Ambiental -CIDEA, la concesionaria Covimar y otros actores sociales. El [&hellip;]<\/p>\n","protected":false},"author":1,"featured_media":207639,"comment_status":"open","ping_status":"open","sticky":false,"template":"","format":"standard","meta":{"_acf_changed":false,"_jetpack_memberships_contains_paid_content":false,"footnotes":"","jetpack_publicize_message":"","jetpack_publicize_feature_enabled":true,"jetpack_social_post_already_shared":true,"jetpack_social_options":{"image_generator_settings":{"template":"highway","default_image_id":0,"font":"","enabled":false},"version":2}},"categories":[6],"tags":[],"class_list":["post-207638","post","type-post","status-publish","format-standard","has-post-thumbnail","hentry","category-ecologia"],"acf":[],"jetpack_publicize_connections":[],"jetpack_featured_media_url":"https:\/\/i0.wp.com\/sportseco.com\/wp-content\/uploads\/2026\/04\/WhatsApp-Image-2026-04-23-at-3.01.08-PM.jpeg?fit=360%2C273&ssl=1","jetpack_sharing_enabled":true,"_links":{"self":[{"href":"https:\/\/sportseco.com\/index.php?rest_route=\/wp\/v2\/posts\/207638","targetHints":{"allow":["GET"]}}],"collection":[{"href":"https:\/\/sportseco.com\/index.php?rest_route=\/wp\/v2\/posts"}],"about":[{"href":"https:\/\/sportseco.com\/index.php?rest_route=\/wp\/v2\/types\/post"}],"author":[{"embeddable":true,"href":"https:\/\/sportseco.com\/index.php?rest_route=\/wp\/v2\/users\/1"}],"replies":[{"embeddable":true,"href":"https:\/\/sportseco.com\/index.php?rest_route=%2Fwp%2Fv2%2Fcomments&post=207638"}],"version-history":[{"count":1,"href":"https:\/\/sportseco.com\/index.php?rest_route=\/wp\/v2\/posts\/207638\/revisions"}],"predecessor-version":[{"id":207640,"href":"https:\/\/sportseco.com\/index.php?rest_route=\/wp\/v2\/posts\/207638\/revisions\/207640"}],"wp:featuredmedia":[{"embeddable":true,"href":"https:\/\/sportseco.com\/index.php?rest_route=\/wp\/v2\/media\/207639"}],"wp:attachment":[{"href":"https:\/\/sportseco.com\/index.php?rest_route=%2Fwp%2Fv2%2Fmedia&parent=207638"}],"wp:term":[{"taxonomy":"category","embeddable":true,"href":"https:\/\/sportseco.com\/index.php?rest_route=%2Fwp%2Fv2%2Fcategories&post=207638"},{"taxonomy":"post_tag","embeddable":true,"href":"https:\/\/sportseco.com\/index.php?rest_route=%2Fwp%2Fv2%2Ftags&post=207638"}],"curies":[{"name":"wp","href":"https:\/\/api.w.org\/{rel}","templated":true}]}}