{"id":207641,"date":"2026-04-27T16:42:07","date_gmt":"2026-04-27T20:42:07","guid":{"rendered":"https:\/\/sportseco.com\/?p=207641"},"modified":"2026-04-27T16:42:07","modified_gmt":"2026-04-27T20:42:07","slug":"gol-y-atajada-de-la-fecha-18-de-la-liga-dimayor-l-2026","status":"publish","type":"post","link":"https:\/\/sportseco.com\/?p=207641","title":{"rendered":"Gol y atajada de la fecha 18 de la Liga DIMAYOR l-2026"},"content":{"rendered":"\n<p>La fecha 18 dej\u00f3 acciones que marcaron la diferencia y se robaron las miradas de los aficionados del FPC.<\/p>\n\n\n\n<p>En esta ocasi\u00f3n, el&nbsp;<em><strong>Gol de la Fecha<\/strong><\/em>&nbsp;fue protagonizado por Franco Fag\u00fandez, de Independiente Santa Fe quien anot\u00f3 un golazo.<\/p>\n\n\n\n<figure class=\"wp-block-embed is-type-rich is-provider-twitter wp-block-embed-twitter\"><div class=\"wp-block-embed__wrapper\">\n<div class=\"embed-twitter\"><blockquote class=\"twitter-tweet\" data-width=\"550\" data-dnt=\"true\"><p lang=\"es\" dir=\"ltr\">\u00a1\ud835\uddda\ud835\uddfc\ud835\uddf9\ud835\uddf2\ud835\ude00 \ud835\ude00\ud835\uddfc\ud835\uddfb \ud835\uddee\ud835\uddfa\ud835\uddfc\ud835\uddff\ud835\uddf2\ud835\ude00! \u26bd La Fecha 18 nos dej\u00f3 muchas emociones \ud83d\ude4c<br><br>\u00a1Franco Fag\u00fandez anot\u00f3 un GOLAZO para <a href=\"https:\/\/twitter.com\/SantaFe?ref_src=twsrc%5Etfw\">@SantaFe<\/a> en Pasto! \ud83e\udd81<a href=\"https:\/\/twitter.com\/hashtag\/LigaBetPlayDIMAYOR?src=hash&amp;ref_src=twsrc%5Etfw\">#LigaBetPlayDIMAYOR<\/a> I-2026<a href=\"https:\/\/twitter.com\/hashtag\/LaCasaDeTodos?src=hash&amp;ref_src=twsrc%5Etfw\">#LaCasaDeTodos<\/a> <a href=\"https:\/\/t.co\/lRLfH0ZU98\">pic.twitter.com\/lRLfH0ZU98<\/a><\/p>&mdash; DIMAYOR (@Dimayor) <a href=\"https:\/\/twitter.com\/Dimayor\/status\/2048816756869771706?ref_src=twsrc%5Etfw\">April 27, 2026<\/a><\/blockquote><script async src=\"https:\/\/platform.twitter.com\/widgets.js\" charset=\"utf-8\"><\/script><\/div>\n<\/div><\/figure>\n\n\n\n<p><\/p>\n\n\n\n<p>Por su parte, la&nbsp;<strong><em>Atajada de la Fecha<\/em><\/strong>&nbsp;estuvo en manos del arquero del Deportes Tolima, Luis Marqu\u00ednes.<\/p>\n\n\n\n<figure class=\"wp-block-embed is-type-rich is-provider-twitter wp-block-embed-twitter\"><div class=\"wp-block-embed__wrapper\">\n<div class=\"embed-twitter\"><blockquote class=\"twitter-tweet\" data-width=\"550\" data-dnt=\"true\"><p lang=\"es\" dir=\"ltr\">\ud83e\udde4 \u00a1\ud835\uddd8\ud835\ude00\ud835\ude01\ud835\uddee \ud835\uddf2\ud835\ude00 \ud835\uddf9\ud835\uddee <a href=\"https:\/\/twitter.com\/hashtag\/%F0%9D%97%94%F0%9D%98%81%F0%9D%97%AE%F0%9D%97%B7%F0%9D%97%AE%F0%9D%97%B1%F0%9D%97%AE%F0%9D%97%95%F0%9D%97%B2%F0%9D%98%81%F0%9D%97%A3%F0%9D%97%B9%F0%9D%97%AE%F0%9D%98%86?src=hash&amp;ref_src=twsrc%5Etfw\">#\ud835\uddd4\ud835\ude01\ud835\uddee\ud835\uddf7\ud835\uddee\ud835\uddf1\ud835\uddee\ud835\uddd5\ud835\uddf2\ud835\ude01\ud835\udde3\ud835\uddf9\ud835\uddee\ud835\ude06<\/a> \ud835\uddf1\ud835\uddf2 \ud835\uddf9\ud835\uddee \ud835\uddd9\ud835\uddf2\ud835\uddf0\ud835\uddf5\ud835\uddee \ud835\udfed\ud835\udff4 \ud835\uddf2\ud835\uddfb \ud835\uddf9\ud835\uddee <a href=\"https:\/\/twitter.com\/hashtag\/%F0%9D%97%9F%F0%9D%97%B6%F0%9D%97%B4%F0%9D%97%AE%F0%9D%97%95%F0%9D%97%B2%F0%9D%98%81%F0%9D%97%A3%F0%9D%97%B9%F0%9D%97%AE%F0%9D%98%86%F0%9D%97%97%F0%9D%97%9C%F0%9D%97%A0%F0%9D%97%94%F0%9D%97%AC%F0%9D%97%A2%F0%9D%97%A5?src=hash&amp;ref_src=twsrc%5Etfw\">#\ud835\udddf\ud835\uddf6\ud835\uddf4\ud835\uddee\ud835\uddd5\ud835\uddf2\ud835\ude01\ud835\udde3\ud835\uddf9\ud835\uddee\ud835\ude06\ud835\uddd7\ud835\udddc\ud835\udde0\ud835\uddd4\ud835\uddec\ud835\udde2\ud835\udde5<\/a> \ud835\udddc-\ud835\udfee\ud835\udfec\ud835\udfee\ud835\udff2! \ud83e\udd29<br><br>\u00a1Luis Marqu\u00ednez de <a href=\"https:\/\/twitter.com\/cdtolima?ref_src=twsrc%5Etfw\">@cdtolima<\/a> vol\u00f3 en el estadio El Camp\u00edn! \ud83d\udc40<a href=\"https:\/\/twitter.com\/BetPlayCO?ref_src=twsrc%5Etfw\">@BetPlayCO<\/a> <a href=\"https:\/\/twitter.com\/hashtag\/LaCasaDeTodos?src=hash&amp;ref_src=twsrc%5Etfw\">#LaCasaDeTodos<\/a> <a href=\"https:\/\/t.co\/XUvatZCR89\">pic.twitter.com\/XUvatZCR89<\/a><\/p>&mdash; DIMAYOR (@Dimayor) <a href=\"https:\/\/twitter.com\/Dimayor\/status\/2048821406335451589?ref_src=twsrc%5Etfw\">April 27, 2026<\/a><\/blockquote><script async src=\"https:\/\/platform.twitter.com\/widgets.js\" charset=\"utf-8\"><\/script><\/div>\n<\/div><\/figure>\n\n\n\n<p>dimayor.com.co<\/p>\n","protected":false},"excerpt":{"rendered":"<p>La fecha 18 dej\u00f3 acciones que marcaron la diferencia y se robaron las miradas de los aficionados del FPC. En esta ocasi\u00f3n, el&nbsp;Gol de la Fecha&nbsp;fue protagonizado por Franco Fag\u00fandez, de Independiente Santa Fe quien anot\u00f3 un golazo. Por su parte, la&nbsp;Atajada de la Fecha&nbsp;estuvo en manos del arquero del Deportes Tolima, Luis Marqu\u00ednes. dimayor.com.co<\/p>\n","protected":false},"author":1,"featured_media":207642,"comment_status":"open","ping_status":"open","sticky":false,"template":"","format":"standard","meta":{"_acf_changed":false,"_jetpack_memberships_contains_paid_content":false,"footnotes":"","jetpack_publicize_message":"","jetpack_publicize_feature_enabled":true,"jetpack_social_post_already_shared":true,"jetpack_social_options":{"image_generator_settings":{"template":"highway","default_image_id":0,"font":"","enabled":false},"version":2}},"categories":[5],"tags":[],"class_list":["post-207641","post","type-post","status-publish","format-standard","has-post-thumbnail","hentry","category-futbol"],"acf":[],"jetpack_publicize_connections":[],"jetpack_featured_media_url":"https:\/\/i0.wp.com\/sportseco.com\/wp-content\/uploads\/2026\/04\/0100735248.webp?fit=1200%2C675&ssl=1","jetpack_sharing_enabled":true,"_links":{"self":[{"href":"https:\/\/sportseco.com\/index.php?rest_route=\/wp\/v2\/posts\/207641","targetHints":{"allow":["GET"]}}],"collection":[{"href":"https:\/\/sportseco.com\/index.php?rest_route=\/wp\/v2\/posts"}],"about":[{"href":"https:\/\/sportseco.com\/index.php?rest_route=\/wp\/v2\/types\/post"}],"author":[{"embeddable":true,"href":"https:\/\/sportseco.com\/index.php?rest_route=\/wp\/v2\/users\/1"}],"replies":[{"embeddable":true,"href":"https:\/\/sportseco.com\/index.php?rest_route=%2Fwp%2Fv2%2Fcomments&post=207641"}],"version-history":[{"count":1,"href":"https:\/\/sportseco.com\/index.php?rest_route=\/wp\/v2\/posts\/207641\/revisions"}],"predecessor-version":[{"id":207643,"href":"https:\/\/sportseco.com\/index.php?rest_route=\/wp\/v2\/posts\/207641\/revisions\/207643"}],"wp:featuredmedia":[{"embeddable":true,"href":"https:\/\/sportseco.com\/index.php?rest_route=\/wp\/v2\/media\/207642"}],"wp:attachment":[{"href":"https:\/\/sportseco.com\/index.php?rest_route=%2Fwp%2Fv2%2Fmedia&parent=207641"}],"wp:term":[{"taxonomy":"category","embeddable":true,"href":"https:\/\/sportseco.com\/index.php?rest_route=%2Fwp%2Fv2%2Fcategories&post=207641"},{"taxonomy":"post_tag","embeddable":true,"href":"https:\/\/sportseco.com\/index.php?rest_route=%2Fwp%2Fv2%2Ftags&post=207641"}],"curies":[{"name":"wp","href":"https:\/\/api.w.org\/{rel}","templated":true}]}}