{"id":207686,"date":"2026-04-28T08:27:27","date_gmt":"2026-04-28T12:27:27","guid":{"rendered":"https:\/\/sportseco.com\/?p=207686"},"modified":"2026-04-28T08:27:27","modified_gmt":"2026-04-28T12:27:27","slug":"minambiente-aplaza-mesas-de-concertacion-en-paramo-de-santurban-por-alerta-invernal","status":"publish","type":"post","link":"https:\/\/sportseco.com\/?p=207686","title":{"rendered":"Minambiente aplaza mesas de concertaci\u00f3n en P\u00e1ramo de Santurb\u00e1n por alerta invernal"},"content":{"rendered":"\n<figure class=\"wp-block-image\"><img data-recalc-dims=\"1\" decoding=\"async\" src=\"https:\/\/i0.wp.com\/www.minambiente.gov.co\/wp-content\/uploads\/2026\/04\/Aplazamiento-mesas-de-concertacio%CC%81n-Santurba%CC%81n.jpeg?w=640&#038;ssl=1\" alt=\"Minambiente aplaza mesas de concertaci\u00f3n en P\u00e1ramo de Santurb\u00e1n por alerta invernal\" title=\"Minambiente aplaza mesas de concertaci\u00f3n en P\u00e1ramo de Santurb\u00e1n por alerta invernal\"\/><\/figure>\n\n\n\n<ul class=\"wp-block-list\">\n<li>Las reuniones en Salazar de las Palmas, Cucutilla y Arboledas ser\u00e1n reprogramadas cuando existan condiciones seguras.<\/li>\n\n\n\n<li>El aplazamiento se da debido a las condiciones clim\u00e1ticas adversas y a los riesgos que representan para la movilidad, la seguridad y el bienestar de las comunidades, as\u00ed como del personal t\u00e9cnico del Ministerio y dem\u00e1s entidades.<\/li>\n<\/ul>\n\n\n\n<p><strong>Bogot\u00e1, 27 de abril de 2026 (@MinAmbienteCo)<\/strong>&nbsp;\u2013 Ante la alerta emitida por el Instituto&nbsp;de Hidrolog\u00eda, Meteorolog\u00eda y Estudios Ambientales (Ideam) por crecientes s\u00fabitas y las recientes afectaciones por lluvias en Norte de Santander, el Ministerio de Ambiente y Desarrollo Sostenible decidi\u00f3 aplazar, por seguridad y bienestar de las comunidades, los encuentros comunitarios previstos en Salazar de las Palmas, Cucutilla y Arboledas, en el marco del proceso de delimitaci\u00f3n participativa del P\u00e1ramo Jurisdicciones Santurb\u00e1n\u2013Berl\u00edn.<\/p>\n\n\n\n<p>Seg\u00fan el informe de alertas hidrometeorol\u00f3gicas emitido por el Ideam el pasado 25 de abril, existe alta probabilidad de crecientes s\u00fabitas en las cuencas de los r\u00edos Tib\u00fa, Sardinata, Zulia y Pamplonita, adem\u00e1s de afectaciones recientes por inundaciones en varios municipios de Norte de Santander.<\/p>\n\n\n\n<p>En la cuenca del r\u00edo Zulia se mantiene un riesgo elevado en quebradas como La Ocarena, La Desplayada, Siravita y La Floresta, con especial atenci\u00f3n en los municipios de Mutiscua, Cucutilla, Arboledas, Salazar, Gramalote, Santiago, San Cayetano, El Zulia, C\u00facuta y Puerto Santander.<\/p>\n\n\n\n<p>Entre las zonas impactadas tambi\u00e9n se encuentran Arboledas, Salazar de las Palmas, El Zulia, San Cayetano, Santiago, Los Patios, Villa del Rosario y \u00e1reas rurales de Pamplonita, donde en los \u00faltimos d\u00edas se han registrado desbordamientos de r\u00edos y quebradas.<\/p>\n\n\n\n<p>Estas condiciones representan riesgos para la movilidad, la integridad y el bienestar de las comunidades, as\u00ed como para los equipos territoriales que acompa\u00f1an el proceso participativo. Por esta raz\u00f3n, y atendiendo las recomendaciones t\u00e9cnicas, el Ministerio tom\u00f3 la decisi\u00f3n preventiva de aplazar las reuniones programadas en:<\/p>\n\n\n\n<ul class=\"wp-block-list\">\n<li>Salazar de las Palmas: 28 y 29 de abril<\/li>\n\n\n\n<li>Cucutilla: 29 de abril<\/li>\n\n\n\n<li>Arboledas: 30 de abril<\/li>\n<\/ul>\n\n\n\n<p>Las nuevas fechas ser\u00e1n anunciadas oportunamente a trav\u00e9s de los canales oficiales del Ministerio de Ambiente y Desarrollo Sostenible. Las reuniones se realizar\u00e1n cuando existan condiciones seguras para las comunidades y los equipos en territorio.<\/p>\n\n\n\n<p>El Ministerio de Ambiente reitera su compromiso con una participaci\u00f3n amplia, segura y transparente, y continuar\u00e1 trabajando con las comunidades para avanzar en la construcci\u00f3n colectiva del proceso de delimitaci\u00f3n del P\u00e1ramo Jurisdicciones Santurb\u00e1n\u2013Berl\u00edn.<\/p>\n\n\n\n<p><\/p>\n\n\n\n<p>minambiente.gov.co<\/p>\n","protected":false},"excerpt":{"rendered":"<p>Bogot\u00e1, 27 de abril de 2026 (@MinAmbienteCo)&nbsp;\u2013 Ante la alerta emitida por el Instituto&nbsp;de Hidrolog\u00eda, Meteorolog\u00eda y Estudios Ambientales (Ideam) por crecientes s\u00fabitas y las recientes afectaciones por lluvias en Norte de Santander, el Ministerio de Ambiente y Desarrollo Sostenible decidi\u00f3 aplazar, por seguridad y bienestar de las comunidades, los encuentros comunitarios previstos en Salazar [&hellip;]<\/p>\n","protected":false},"author":1,"featured_media":207687,"comment_status":"open","ping_status":"open","sticky":false,"template":"","format":"standard","meta":{"_acf_changed":false,"_jetpack_memberships_contains_paid_content":false,"footnotes":"","jetpack_publicize_message":"","jetpack_publicize_feature_enabled":true,"jetpack_social_post_already_shared":true,"jetpack_social_options":{"image_generator_settings":{"template":"highway","default_image_id":0,"font":"","enabled":false},"version":2}},"categories":[6],"tags":[],"class_list":["post-207686","post","type-post","status-publish","format-standard","has-post-thumbnail","hentry","category-ecologia"],"acf":[],"jetpack_publicize_connections":[],"jetpack_featured_media_url":"https:\/\/i0.wp.com\/sportseco.com\/wp-content\/uploads\/2026\/04\/Aplazamiento-mesas-de-concertacion-Santurban.jpeg?fit=1280%2C716&ssl=1","jetpack_sharing_enabled":true,"_links":{"self":[{"href":"https:\/\/sportseco.com\/index.php?rest_route=\/wp\/v2\/posts\/207686","targetHints":{"allow":["GET"]}}],"collection":[{"href":"https:\/\/sportseco.com\/index.php?rest_route=\/wp\/v2\/posts"}],"about":[{"href":"https:\/\/sportseco.com\/index.php?rest_route=\/wp\/v2\/types\/post"}],"author":[{"embeddable":true,"href":"https:\/\/sportseco.com\/index.php?rest_route=\/wp\/v2\/users\/1"}],"replies":[{"embeddable":true,"href":"https:\/\/sportseco.com\/index.php?rest_route=%2Fwp%2Fv2%2Fcomments&post=207686"}],"version-history":[{"count":1,"href":"https:\/\/sportseco.com\/index.php?rest_route=\/wp\/v2\/posts\/207686\/revisions"}],"predecessor-version":[{"id":207688,"href":"https:\/\/sportseco.com\/index.php?rest_route=\/wp\/v2\/posts\/207686\/revisions\/207688"}],"wp:featuredmedia":[{"embeddable":true,"href":"https:\/\/sportseco.com\/index.php?rest_route=\/wp\/v2\/media\/207687"}],"wp:attachment":[{"href":"https:\/\/sportseco.com\/index.php?rest_route=%2Fwp%2Fv2%2Fmedia&parent=207686"}],"wp:term":[{"taxonomy":"category","embeddable":true,"href":"https:\/\/sportseco.com\/index.php?rest_route=%2Fwp%2Fv2%2Fcategories&post=207686"},{"taxonomy":"post_tag","embeddable":true,"href":"https:\/\/sportseco.com\/index.php?rest_route=%2Fwp%2Fv2%2Ftags&post=207686"}],"curies":[{"name":"wp","href":"https:\/\/api.w.org\/{rel}","templated":true}]}}