{"id":207712,"date":"2026-04-28T17:55:54","date_gmt":"2026-04-28T21:55:54","guid":{"rendered":"https:\/\/sportseco.com\/?p=207712"},"modified":"2026-04-28T17:55:54","modified_gmt":"2026-04-28T21:55:54","slug":"el-bayern-cae-por-la-minima-ante-el-psg-tras-una-locura-de-partido-con-nueve-goles","status":"publish","type":"post","link":"https:\/\/sportseco.com\/?p=207712","title":{"rendered":"El Bayern cae por la m\u00ednima ante el PSG tras una locura de partido con nueve goles"},"content":{"rendered":"\n<ul class=\"wp-block-list\">\n<li><strong>Nueve goles en el espect\u00e1culo de\u00a0Par\u00eds<\/strong><\/li>\n\n\n\n<li><strong>Derrota por la m\u00ednima\u00a0tras una dura batalla<\/strong><\/li>\n\n\n\n<li><strong>Partido de vuelta el 6 de mayo<\/strong><\/li>\n<\/ul>\n\n\n\n<p>El FC Bayern perdi\u00f3 el partido de ida de las semifinales de la Liga de Campeones por 5-4 (3-2) ante el Par\u00eds Saint-Germain, a pesar de haber plantado cara. En un partido muy ofensivo por parte de ambos equipos, el equipo de Vincent Kompany volvi\u00f3 a demostrar una gran moral y se gan\u00f3 una posici\u00f3n de partida viable para el partido de vuelta, que se disputar\u00e1 dentro de ocho d\u00edas en el Allianz Arena. All\u00ed, el campe\u00f3n r\u00e9cord alem\u00e1n podr\u00eda sellar su pase a la final de la m\u00e1xima competici\u00f3n europea en Budapest con una victoria por dos goles de diferencia.<\/p>\n\n\n\n<h2 class=\"wp-block-heading\">Todo abierto para la vuelta<\/h2>\n\n\n\n<figure class=\"wp-block-image\"><img data-recalc-dims=\"1\" decoding=\"async\" src=\"https:\/\/i0.wp.com\/img.fcbayern.com\/image\/upload\/f_auto\/q_auto\/ar_16%3A9%2Cc_fill%2Cg_custom%2Cw_1024\/v1777409887\/cms\/public\/images\/fcbayern-com\/homepage\/Saison-25-26\/Galerien\/Spiele\/psg-fcb-cl-halbfinale\/28-psg-fcbayern-260428-mel.jpg?w=640&#038;ssl=1\" alt=\"\"\/><figcaption class=\"wp-element-caption\">\u00a9 FC Bayern<\/figcaption><\/figure>\n\n\n\n<p>Sin su entrenador titular, sancionado, el Bayern protagoniz\u00f3 un duelo de alto nivel contra el actual campe\u00f3n de la Liga de Campeones.&nbsp;<a href=\"https:\/\/fcbayern.com\/es\/teams\/first-team\/harry-kane\">Harry Kane<\/a>&nbsp;(minuto 17) adelant\u00f3 a los visitantes con un penalti, antes de que el Par\u00eds le diera la vuelta al marcador gracias a Khvicha Kvaratskhelia (24\u2019) y Jo\u00e3o Neves (33\u2019). Tras el empate de&nbsp;<a href=\"https:\/\/fcbayern.com\/es\/teams\/first-team\/michael-olise\">Michael Olise<\/a>&nbsp;(41&#8242;), los locales volvieron a ponerse por delante en el tiempo de descuento de la primera parte gracias a un pol\u00e9mico penalti por medio de Ousmane Demb\u00e9l\u00e9 (45&#8217;+5). Tras el descanso, el PSG se alej\u00f3 inicialmente en el marcador con dos goles consecutivos de Kvaratskhelia (56&#8242;) y Demb\u00e9l\u00e9 (58&#8242;), pero el Bayern no se rindi\u00f3 y logr\u00f3 recortar distancias gracias a&nbsp;<a href=\"https:\/\/fcbayern.com\/es\/teams\/first-team\/dayot-upamecano\">Dayot Upamecano<\/a>&nbsp;(65&#8242;) y&nbsp;<a href=\"https:\/\/fcbayern.com\/es\/teams\/first-team\/luis-diaz\">Luis D\u00edaz<\/a>&nbsp;(69&#8242;).<\/p>\n\n\n\n<p><em>Hemos resumido las jugadas m\u00e1s importantes del partido:<\/em><\/p>\n\n\n\n<h2 class=\"wp-block-heading\">Minuto 17: \u00a1KANE! El Bayern se adelanta pronto en el marcador<\/h2>\n\n\n\n<figure class=\"wp-block-image\"><img data-recalc-dims=\"1\" decoding=\"async\" src=\"https:\/\/i0.wp.com\/img.fcbayern.com\/image\/upload\/f_auto\/q_auto\/ar_16%3A9%2Cc_fill%2Cg_custom%2Cw_1024\/v1777404412\/cms\/public\/images\/fcbayern-com\/homepage\/Saison-25-26\/Galerien\/Spiele\/psg-fcb-cl-halbfinale\/07-psg-fcbayern-260428-mel.jpg?w=640&#038;ssl=1\" alt=\"\"\/><figcaption class=\"wp-element-caption\">\u00a9 FC Bayern<\/figcaption><\/figure>\n\n\n\n<p>El Bayern, que realiz\u00f3 ocho cambios con respecto al 3-4 en Maguncia en la Bundesliga, comenz\u00f3 con valent\u00eda&#8230; y vio recompensado su esfuerzo.&nbsp;<a href=\"https:\/\/fcbayern.com\/es\/teams\/first-team\/joshua-kimmich\">Joshua Kimmich<\/a>&nbsp;envi\u00f3 un pase al \u00e1rea hacia Olise, quien se la cedi\u00f3 directamente a Luis D\u00edaz. El colombiano solo pudo ser detenido por una falta de Willian Pacho. Kane se encarg\u00f3 de lanzar el penalti y lo transform\u00f3 con seguridad por la esquina derecha.<\/p>\n\n\n\n<h2 class=\"wp-block-heading\">Minuto 20: Olise falla ante Safonov<\/h2>\n\n\n\n<figure class=\"wp-block-image\"><img data-recalc-dims=\"1\" decoding=\"async\" src=\"https:\/\/i0.wp.com\/img.fcbayern.com\/image\/upload\/f_auto\/q_auto\/ar_16%3A9%2Cc_fill%2Cg_custom%2Cw_1024\/v1777404934\/cms\/public\/images\/fcbayern-com\/homepage\/Saison-25-26\/Galerien\/Spiele\/psg-fcb-cl-halbfinale\/11-psg-fcbayern-260428-ima.jpg?w=640&#038;ssl=1\" alt=\"\"\/><figcaption class=\"wp-element-caption\">\u00a9 Imago<\/figcaption><\/figure>\n\n\n\n<p>\u00a1Ufff! Por muy poco, los visitantes estuvieron a punto de marcar el 0-2. Harry Kane asisti\u00f3 a Michael Olise en la punta, que se qued\u00f3 solo ante la porter\u00eda del PSG, pero su disparo se top\u00f3 con la buena reacci\u00f3n de Matvey Safonov bajo los palos. Poco despu\u00e9s, Ousmane Demb\u00e9l\u00e9 (23\u2019) se plant\u00f3 solo en el \u00e1rea contraria, pero su disparo se fue desviado de la porter\u00eda muniquesa.<\/p>\n\n\n\n<h2 class=\"wp-block-heading\">Minuto 24: \u00a1NOOO! Kvaratskhelia empata<\/h2>\n\n\n\n<figure class=\"wp-block-image\"><img data-recalc-dims=\"1\" decoding=\"async\" src=\"https:\/\/i0.wp.com\/img.fcbayern.com\/image\/upload\/f_auto\/q_auto\/ar_16%3A9%2Cc_fill%2Cg_custom%2Cw_1024\/v1777404645\/cms\/public\/images\/fcbayern-com\/homepage\/Saison-25-26\/Galerien\/Spiele\/psg-fcb-cl-halbfinale\/12-psg-fcbayern-260428-get.jpg?w=640&#038;ssl=1\" alt=\"\"\/><figcaption class=\"wp-element-caption\">\u00a9 Getty Images<\/figcaption><\/figure>\n\n\n\n<p>\u00a1Qu\u00e9 pena! Desir\u00e9 Dou\u00e9 encontr\u00f3 a Kvaratskhelia en la banda izquierda con un pase en largo. El georgiano se lanz\u00f3 en una jugada individual y, dentro del \u00e1rea, se impuso en el regate a&nbsp;<a href=\"https:\/\/fcbayern.com\/es\/teams\/first-team\/josip-stanisic\">Josip Stani\u0161i\u0107<\/a>&nbsp;antes de enviar el bal\u00f3n con precisi\u00f3n al segundo palo.<\/p>\n\n\n\n<h2 class=\"wp-block-heading\">Minuto 33: El PSG le da la vuelta al partido<\/h2>\n\n\n\n<figure class=\"wp-block-image\"><img data-recalc-dims=\"1\" decoding=\"async\" src=\"https:\/\/i0.wp.com\/img.fcbayern.com\/image\/upload\/f_auto\/q_auto\/ar_16%3A9%2Cc_fill%2Cg_custom%2Cw_1024\/v1777406465\/cms\/public\/images\/fcbayern-com\/homepage\/Saison-25-26\/Galerien\/Spiele\/psg-fcb-cl-halbfinale\/14-psg-fcbayern-260428-get.jpg?w=640&#038;ssl=1\" alt=\"\"\/><figcaption class=\"wp-element-caption\">\u00a9 Getty Images<\/figcaption><\/figure>\n\n\n\n<p>\u00a1No pod\u00eda ser verdad! Apenas un minuto despu\u00e9s de que Jo\u00e3o Neves (32\u2019) tuviera suerte en su propia \u00e1rea y desviara al poste un centro de Olise, el portugu\u00e9s se convirti\u00f3 en goleador en el otro campo. Tras un saque de esquina de Demb\u00e9l\u00e9, Neves marc\u00f3 de cabeza el 2-1 para el equipo galo. \u00a1Qu\u00e9 amargo!<\/p>\n\n\n\n<h2 class=\"wp-block-heading\">Minuto 41: Olise con la respuesta correcta, el 2-2<\/h2>\n\n\n\n<figure class=\"wp-block-image\"><img data-recalc-dims=\"1\" decoding=\"async\" src=\"https:\/\/i0.wp.com\/img.fcbayern.com\/image\/upload\/f_auto\/q_auto\/ar_16%3A9%2Cc_fill%2Cg_custom%2Cw_1024\/v1777405833\/cms\/public\/images\/fcbayern-com\/homepage\/Saison-25-26\/Galerien\/Spiele\/psg-fcb-cl-halbfinale\/15-psg-fcbayern-260428-get.jpg?w=640&#038;ssl=1\" alt=\"\"\/><figcaption class=\"wp-element-caption\">\u00a9 Getty Images<\/figcaption><\/figure>\n\n\n\n<p>\u00a1Qu\u00e9 partido, por favor! El duelo fue de un lado a otro y los de M\u00fanich no tardaron en recuperarse del golpe inicial.&nbsp;<a href=\"https:\/\/fcbayern.com\/es\/teams\/first-team\/aleksandar-pavlovic\">Aleksandar Pavlovi\u0107<\/a>&nbsp;pas\u00f3 el bal\u00f3n a Olise, quien, con una larga zancada, se desmarc\u00f3 de varios rivales para entrar en el \u00e1rea y rematar con mucha fuerza a la red. Una jugada impresionante.<\/p>\n\n\n\n<h2 class=\"wp-block-heading\">Minuto 45+5: \u00a1Tras el VAR! &#8211; Demb\u00e9l\u00e9 marca de penalti<\/h2>\n\n\n\n<figure class=\"wp-block-image\"><img data-recalc-dims=\"1\" decoding=\"async\" src=\"https:\/\/i0.wp.com\/img.fcbayern.com\/image\/upload\/f_auto\/q_auto\/ar_16%3A9%2Cc_fill%2Cg_custom%2Cw_1024\/v1777407296\/cms\/public\/images\/fcbayern-com\/homepage\/Saison-25-26\/Galerien\/Spiele\/psg-fcb-cl-halbfinale\/19-psg-fcbayern-260428-mel.jpg?w=640&#038;ssl=1\" alt=\"\"\/><figcaption class=\"wp-element-caption\">\u00a9 FC Bayern<\/figcaption><\/figure>\n\n\n\n<p>Ahora, adem\u00e1s, la mala suerte se ceb\u00f3 con el Bayern. Demb\u00e9l\u00e9 envi\u00f3 un centro desde la banda izquierda que rebot\u00f3 en&nbsp;<a href=\"https:\/\/fcbayern.com\/es\/teams\/first-team\/alphonso-davies\">Alphonso Davies<\/a>. El bal\u00f3n le dio desafortunadamente en la mano al canadiense dentro del \u00e1rea, tras rebotar en su torso, y el \u00e1rbitro Sandro Sch\u00e4rer no lo consider\u00f3 inicialmente como mano. Tras la intervenci\u00f3n del VAR, el \u00e1rbitro suizo decidi\u00f3 finalmente pitar penalti a favor de los locales. Demb\u00e9l\u00e9 lanz\u00f3 y transform\u00f3 el 3-2 para el PSG justo antes del descanso.<\/p>\n\n\n\n<h2 class=\"wp-block-heading\">Minuto 54\/56: Laimer al exterior de la red, Kvaratskhelia marca de nuevo<\/h2>\n\n\n\n<figure class=\"wp-block-image\"><img data-recalc-dims=\"1\" decoding=\"async\" src=\"https:\/\/i0.wp.com\/img.fcbayern.com\/image\/upload\/f_auto\/q_auto\/ar_16%3A9%2Cc_fill%2Cg_custom%2Cw_1024\/v1777408528\/cms\/public\/images\/fcbayern-com\/homepage\/Saison-25-26\/Galerien\/Spiele\/psg-fcb-cl-halbfinale\/21-psg-fcbayern-260428-ima.jpg?w=640&#038;ssl=1\" alt=\"\"\/><figcaption class=\"wp-element-caption\">\u00a9 Imago<\/figcaption><\/figure>\n\n\n\n<p>El Bayern sali\u00f3 del vestuario con mucho \u00edmpetu y se lanz\u00f3 en busca del empate. Tras una asistencia de Luis D\u00edaz, el suplente Konrad Laimer remat\u00f3 con poco \u00e1ngulo, pero el bal\u00f3n se fue al exterior de la red. Eso se pag\u00f3 caro: en el otro extremo del campo, Achraf Hakimi centr\u00f3 al \u00e1rea, donde dos jugadores del PSG no lograron controlar el bal\u00f3n. Finalmente, el cuero lleg\u00f3 a Kvaratskhelia, que marc\u00f3 el 4-2 desde unos diez metros.<\/p>\n\n\n\n<h2 class=\"wp-block-heading\">Minuto 58: \u00a1No! Demb\u00e9l\u00e9 hace el siguiente<\/h2>\n\n\n\n<figure class=\"wp-block-image\"><img data-recalc-dims=\"1\" decoding=\"async\" src=\"https:\/\/i0.wp.com\/img.fcbayern.com\/image\/upload\/f_auto\/q_auto\/ar_16%3A9%2Cc_fill%2Cg_custom%2Cw_1024\/v1777409353\/cms\/public\/images\/fcbayern-com\/homepage\/Saison-25-26\/Galerien\/Spiele\/psg-fcb-cl-halbfinale\/22-psg-fcbayern-260428-get.jpg?w=640&#038;ssl=1\" alt=\"\"\/><figcaption class=\"wp-element-caption\">\u00a9 Getty Images<\/figcaption><\/figure>\n\n\n\n<p>\u00a1Ahora s\u00ed que se puso feo! El Par\u00eds contraatac\u00f3 desde su propio campo por medio de Dou\u00e9, quien asisti\u00f3 a Demb\u00e9l\u00e9 en el \u00e1rea de los visitantes. El delantero del PSG dispar\u00f3 y, con la ayuda del poste izquierdo, marc\u00f3 el 5-2.<\/p>\n\n\n\n<h2 class=\"wp-block-heading\">Minuto 65: Upamecano recorta<\/h2>\n\n\n\n<figure class=\"wp-block-image\"><img data-recalc-dims=\"1\" decoding=\"async\" src=\"https:\/\/i0.wp.com\/img.fcbayern.com\/image\/upload\/f_auto\/q_auto\/ar_16%3A9%2Cc_fill%2Cg_custom%2Cw_1024\/v1777408733\/cms\/public\/images\/fcbayern-com\/homepage\/Saison-25-26\/Galerien\/Spiele\/psg-fcb-cl-halbfinale\/25-psg-fcbayern-260428-mel.jpg?w=640&#038;ssl=1\" alt=\"\"\/><figcaption class=\"wp-element-caption\">\u00a9 FC Bayern<\/figcaption><\/figure>\n\n\n\n<p>\u00a1Qu\u00e9 importante! Tras un centro de falta de Joshua Kimmich desde la banda izquierda, Upamecano se impuso en el duelo a\u00e9reo y envi\u00f3 el bal\u00f3n al fondo de la red. \u00a1El Bayern volv\u00eda a meterse en el partido!<\/p>\n\n\n\n<h2 class=\"wp-block-heading\">Minuto 68: \u00a1QU\u00c9 LOCURA! Luis D\u00edaz recorta a 5-4<\/h2>\n\n\n\n<figure class=\"wp-block-image\"><img data-recalc-dims=\"1\" decoding=\"async\" src=\"https:\/\/i0.wp.com\/img.fcbayern.com\/image\/upload\/f_auto\/q_auto\/ar_16%3A9%2Cc_fill%2Cg_custom%2Cw_1024\/v1777408707\/cms\/public\/images\/fcbayern-com\/homepage\/Saison-25-26\/Galerien\/Spiele\/psg-fcb-cl-halbfinale\/26-psg-fcbayern-260428-mel.jpg?w=640&#038;ssl=1\" alt=\"\"\/><figcaption class=\"wp-element-caption\">\u00a9 FC Bayern<\/figcaption><\/figure>\n\n\n\n<p>Y la locura no ten\u00eda fin: Kane habilit\u00f3 a D\u00edaz, quien regate\u00f3 a Safonov y, finalmente, envi\u00f3 el bal\u00f3n con sangre fr\u00eda al segundo palo. Al principio, el \u00e1rbitro crey\u00f3 ver un fuera de juego, \u00a1pero el gol subi\u00f3 al marcador tras la revisi\u00f3n del v\u00eddeo! \u00a1Este partido se hab\u00eda vuelto una aut\u00e9ntica locura! Como Mayulu solo acert\u00f3 en el larguero para el PSG poco antes del final, el Bayern se llev\u00f3 una derrota por la m\u00ednima, lo que le deja con todas las opciones de pasar de ronda en el partido de vuelta.<\/p>\n\n\n\n<p><a href=\"https:\/\/fcbayern.com\/es\/matches\/profis\/champions-league\/2025-2026\/paris-saint-germain-fc-bayern-muenchen-28-04-2026\/gallery\">Ir a la p\u00e1gina de la galer\u00eda: Ver galer\u00eda<\/a><\/p>\n\n\n\n<ul class=\"wp-block-list\">\n<li><a href=\"https:\/\/fcbayern.com\/es\/matches\/profis\/champions-league\/2025-2026\/paris-saint-germain-fc-bayern-muenchen-28-04-2026\/gallery\"><\/a><a href=\"https:\/\/fcbayern.com\/es\/matches\/profis\/champions-league\/2025-2026\/paris-saint-germain-fc-bayern-muenchen-28-04-2026\/gallery\"><\/a><\/li>\n\n\n\n<li><a href=\"https:\/\/fcbayern.com\/es\/matches\/profis\/champions-league\/2025-2026\/paris-saint-germain-fc-bayern-muenchen-28-04-2026\/gallery\"><\/a><a href=\"https:\/\/fcbayern.com\/es\/matches\/profis\/champions-league\/2025-2026\/paris-saint-germain-fc-bayern-muenchen-28-04-2026\/gallery\"><\/a><\/li>\n\n\n\n<li><a href=\"https:\/\/fcbayern.com\/es\/matches\/profis\/champions-league\/2025-2026\/paris-saint-germain-fc-bayern-muenchen-28-04-2026\/gallery\"><\/a><a href=\"https:\/\/fcbayern.com\/es\/matches\/profis\/champions-league\/2025-2026\/paris-saint-germain-fc-bayern-muenchen-28-04-2026\/gallery\"><\/a><\/li>\n\n\n\n<li><a href=\"https:\/\/fcbayern.com\/es\/matches\/profis\/champions-league\/2025-2026\/paris-saint-germain-fc-bayern-muenchen-28-04-2026\/gallery\"><\/a><a href=\"https:\/\/fcbayern.com\/es\/matches\/profis\/champions-league\/2025-2026\/paris-saint-germain-fc-bayern-muenchen-28-04-2026\/gallery\"><\/a><a href=\"https:\/\/fcbayern.com\/es\/matches\/profis\/champions-league\/2025-2026\/paris-saint-germain-fc-bayern-muenchen-28-04-2026\/gallery\">+24<\/a><\/li>\n<\/ul>\n\n\n\n<h2 class=\"wp-block-heading\">Paris Saint-Germain 5-4 FC Bayern (3-2)<\/h2>\n\n\n\n<ul class=\"wp-block-list\">\n<li>Paris Saint-GermainSafonov \u2013 Hakimi, Marquinhos, Pacho, Nuno Mendes (84. Hern\u00e1ndez) \u2013 Za\u00efre-Emery (64. Fabi\u00e1n Ruiz), Vitinha, Jo\u00e3o Neves \u2013 Dou\u00e9 (70. Barcola), Demb\u00e9l\u00e9, Kvaratskhelia (84. Mayulu)<\/li>\n\n\n\n<li>CambiosChevalier, Marin \u2013 Lucas Beraldo, Zabarnyi, Gon\u00e7alo Ramos, Kang-in Lee, Dro Fern\u00e1ndez, Mbaye<\/li>\n\n\n\n<li>FC BayernNeuer \u2013 Stani\u0161i\u0107, Upamecano, Tah, Davies (46.Laimer) \u2013 Kimmich, Pavlovi\u0107 (90.+3 Jackson) \u2013 Luis D\u00edaz, Musiala (78. Goretzka), Olise \u2013 Kane<\/li>\n\n\n\n<li>CambiosUlreich, Urbig \u2013 Minaje, Ito, Ofli, Pavi\u0107<\/li>\n\n\n\n<li>\u00c1rbitroSandro Sch\u00e4rer (suizo)<\/li>\n\n\n\n<li>Asistencia48.583 (lleno)<\/li>\n\n\n\n<li>Goles0-1 Kane (17&#8217;\/penalti), 1-1 Kvaratskhelia (24&#8242;), 2-1 Jo\u00e3o Neves (33&#8242;), 2-2 Olise (41&#8242;), 3-2 Demb\u00e9l\u00e9, 4-2 Kvaratskhelia (56&#8242;), 5-2 Demb\u00e9l\u00e9 (58&#8242;), 5-3 Upamecano (65&#8242;), 5-4 Lusi D\u00edaz (68&#8242;)<\/li>\n\n\n\n<li>Tarjetas amarillasMarquinhos, Hakimi, Fabi\u00e1n Ruiz \/ &#8211;<\/li>\n<\/ul>\n\n\n\n<p>fcbayern.com<\/p>\n","protected":false},"excerpt":{"rendered":"<p>El FC Bayern perdi\u00f3 el partido de ida de las semifinales de la Liga de Campeones por 5-4 (3-2) ante el Par\u00eds Saint-Germain, a pesar de haber plantado cara. En un partido muy ofensivo por parte de ambos equipos, el equipo de Vincent Kompany volvi\u00f3 a demostrar una gran moral y se gan\u00f3 una posici\u00f3n [&hellip;]<\/p>\n","protected":false},"author":1,"featured_media":207713,"comment_status":"open","ping_status":"open","sticky":false,"template":"","format":"standard","meta":{"_acf_changed":false,"_jetpack_memberships_contains_paid_content":false,"footnotes":"","jetpack_publicize_message":"","jetpack_publicize_feature_enabled":true,"jetpack_social_post_already_shared":true,"jetpack_social_options":{"image_generator_settings":{"template":"highway","default_image_id":0,"font":"","enabled":false},"version":2}},"categories":[5],"tags":[],"class_list":["post-207712","post","type-post","status-publish","format-standard","has-post-thumbnail","hentry","category-futbol"],"acf":[],"jetpack_publicize_connections":[],"jetpack_featured_media_url":"https:\/\/sportseco.com\/wp-content\/uploads\/2026\/04\/03-psg-fcbayern-260428-mel.avif","jetpack_sharing_enabled":true,"_links":{"self":[{"href":"https:\/\/sportseco.com\/index.php?rest_route=\/wp\/v2\/posts\/207712","targetHints":{"allow":["GET"]}}],"collection":[{"href":"https:\/\/sportseco.com\/index.php?rest_route=\/wp\/v2\/posts"}],"about":[{"href":"https:\/\/sportseco.com\/index.php?rest_route=\/wp\/v2\/types\/post"}],"author":[{"embeddable":true,"href":"https:\/\/sportseco.com\/index.php?rest_route=\/wp\/v2\/users\/1"}],"replies":[{"embeddable":true,"href":"https:\/\/sportseco.com\/index.php?rest_route=%2Fwp%2Fv2%2Fcomments&post=207712"}],"version-history":[{"count":1,"href":"https:\/\/sportseco.com\/index.php?rest_route=\/wp\/v2\/posts\/207712\/revisions"}],"predecessor-version":[{"id":207714,"href":"https:\/\/sportseco.com\/index.php?rest_route=\/wp\/v2\/posts\/207712\/revisions\/207714"}],"wp:featuredmedia":[{"embeddable":true,"href":"https:\/\/sportseco.com\/index.php?rest_route=\/wp\/v2\/media\/207713"}],"wp:attachment":[{"href":"https:\/\/sportseco.com\/index.php?rest_route=%2Fwp%2Fv2%2Fmedia&parent=207712"}],"wp:term":[{"taxonomy":"category","embeddable":true,"href":"https:\/\/sportseco.com\/index.php?rest_route=%2Fwp%2Fv2%2Fcategories&post=207712"},{"taxonomy":"post_tag","embeddable":true,"href":"https:\/\/sportseco.com\/index.php?rest_route=%2Fwp%2Fv2%2Ftags&post=207712"}],"curies":[{"name":"wp","href":"https:\/\/api.w.org\/{rel}","templated":true}]}}