{"id":207719,"date":"2026-04-29T08:43:26","date_gmt":"2026-04-29T12:43:26","guid":{"rendered":"https:\/\/sportseco.com\/?p=207719"},"modified":"2026-04-29T08:43:26","modified_gmt":"2026-04-29T12:43:26","slug":"dia-internacional-en-memoria-de-las-victimas-de-los-terremotos-29-de-abril","status":"publish","type":"post","link":"https:\/\/sportseco.com\/?p=207719","title":{"rendered":"D\u00eda Internacional en Memoria de las V\u00edctimas de los Terremotos, 29 de abril"},"content":{"rendered":"\n<p><img data-recalc-dims=\"1\" decoding=\"async\" src=\"https:\/\/i0.wp.com\/www.un.org\/sites\/un2.un.org\/files\/styles\/banner-image-style-27-10\/public\/2026\/04\/id-victims-of-earthquakes-hero.jpg?w=640&#038;ssl=1\" alt=\"Un hombre se sienta sobre los escombros de lo que una vez fue su hogar.\"\/><\/p>\n\n\n\n<p>Un hombre sobre los escombros de lo que alguna vez fue su hogar en una barriada de Hait\u00ed asolada por un terremoto.<\/p>\n\n\n\n<p><strong>Foto:<\/strong>ONU\/Logan Abassi<\/p>\n\n\n\n<h2 class=\"wp-block-heading\">Cuando la tierra tiembla: Recordar a las v\u00edctimas y reducir las p\u00e9rdidas futuras<\/h2>\n\n\n\n<p>Los terremotos se encuentran entre los desastres naturales m\u00e1s mortales&nbsp;y, a menudo, ocurren sin previo aviso, causando una devastadora p\u00e9rdida de vidas y da\u00f1os sociales, econ\u00f3micos y psicol\u00f3gicos duraderos. Los recientes terremotos en pa\u00edses como Myanmar y Afganist\u00e1n son recordatorios contundentes de c\u00f3mo estos eventos pueden destruir infraestructuras, desplazar comunidades enteras y afectar a generaciones mucho despu\u00e9s de que la tierra deje de temblar.<\/p>\n\n\n\n<p>Su impacto es grave y medible. Desde 1900, ha habido&nbsp;<strong>al menos 12 grandes terremotos, cada uno de los cuales caus\u00f3 m\u00e1s de 50.000 muertes<\/strong>. Los terremotos tambi\u00e9n tienen consecuencias econ\u00f3micas sustanciales, representando m\u00e1s de una cuarta parte de las p\u00e9rdidas globales por desastres y provocando da\u00f1os por valor de billones de d\u00f3lares en las \u00faltimas d\u00e9cadas. M\u00e1s all\u00e1 de la destrucci\u00f3n directa, pueden desencadenar incendios, tsunamis y deslizamientos de tierra, agravando los da\u00f1os en la vivienda, la salud, la educaci\u00f3n y los medios de vida.<\/p>\n\n\n\n<p>El riesgo s\u00edsmico est\u00e1 impulsado por factores como la r\u00e1pida urbanizaci\u00f3n en zonas s\u00edsmicas, infraestructuras d\u00e9biles o envejecidas, la pobreza, la desigualdad y la escasa aplicaci\u00f3n de los c\u00f3digos de construcci\u00f3n. Ante ello es esencial informar y concienciar acerca de los riesgos y desarrollar infraestructuras resilientes.&nbsp;<\/p>\n\n\n\n<p>En reconocimiento de las graves consecuencias de estos desastres, las Naciones Unidas han declarado el 29 de abril como&nbsp;el&nbsp;<strong>D\u00eda Internacional en Memoria de las V\u00edctimas de los Terremotos&nbsp;<\/strong>y la Oficina de las Naciones Unidas para la Reducci\u00f3n del Riesgo de Desastres (UNDRR)&nbsp;es la encargada de liderar&nbsp;su conmemoraci\u00f3n.<strong>&nbsp;<\/strong>Este d\u00eda ofrece un momento para recordar a quienes se perdieron y renovar el compromiso con la prevenci\u00f3n, la preparaci\u00f3n y la reconstrucci\u00f3n mejorada, en consonancia con las prioridades del Marco de Sendai para la Reducci\u00f3n del Riesgo de Desastres.<\/p>\n\n\n\n<h3 class=\"wp-block-heading\">Acciones clave para reducir el riesgo s\u00edsmico y proteger vidas<\/h3>\n\n\n\n<p>En la conmemoraci\u00f3n de este d\u00eda, se invita a los pa\u00edses y socios a:<\/p>\n\n\n\n<ul class=\"wp-block-list\">\n<li><strong>Recordar e informar<\/strong>: Honrar a quienes han fallecido y apoyar a los supervivientes, utilizando este d\u00eda para sensibilizar sobre los riesgos s\u00edsmicos y fortalecer la confianza, la preparaci\u00f3n y la toma de decisiones informadas en toda la sociedad.<\/li>\n\n\n\n<li><strong>Reducir el riesgo mediante la acci\u00f3n<\/strong>: Compartir y ampliar soluciones comprobadas \u2014como c\u00f3digos de construcci\u00f3n m\u00e1s estrictos, preparaci\u00f3n en escuelas y lugares de trabajo, y enfoques comunitarios\u2014 e integrar la planificaci\u00f3n informada sobre el riesgo para prepararse para una recuperaci\u00f3n resiliente antes de que ocurran los desastres.<\/li>\n\n\n\n<li><strong>Invertir en resiliencia<\/strong>: Movilizar financiaci\u00f3n y alianzas para apoyar inversiones informadas sobre el riesgo, infraestructura resiliente y la rehabilitaci\u00f3n de instalaciones cr\u00edticas, dando prioridad a los pa\u00edses y comunidades m\u00e1s vulnerables y de alto riesgo.<\/li>\n<\/ul>\n\n\n\n<h3 class=\"wp-block-heading\">Qu\u00e9 hace la agencia de la ONU<br \/>especializada en la prevenci\u00f3n de desastres naturales<\/h3>\n\n\n\n<p>https:\/\/youtube.com\/watch?v=CL8sTDa0udY%3Fsi%3DlqSrLr_SmFI0rsSz%26enablejsapi%3D1%26origin%3Dhttps%253A%252F%252Fwww.un.org<\/p>\n\n\n\n<h3 class=\"wp-block-heading\">Antecedentes<\/h3>\n\n\n\n<p>En abril de 2025, la Asamblea General de las Naciones Unidas&nbsp;<a href=\"https:\/\/docs.un.org\/en\/A\/RES\/79\/285\">design\u00f3<\/a>&nbsp;el 29 de abril como el D\u00eda Internacional en Memoria de las V\u00edctimas de los Terremotos, invitando a todos los Estados Miembros, organizaciones del sistema de las Naciones Unidas y otras organizaciones internacionales pertinentes a colaborar en su conmemoraci\u00f3n.<\/p>\n\n\n\n<p>Al hacerlo, la Asamblea General reafirm\u00f3 su compromiso con la&nbsp;<a href=\"https:\/\/docs.un.org\/es\/A\/RES\/70\/1\"><strong>Agenda 2030 para el Desarrollo Sostenible<\/strong><\/a>&nbsp;y record\u00f3 el&nbsp;<a href=\"https:\/\/www.undrr.org\/publication\/sendai-framework-disaster-risk-reduction-2015-2030\"><strong>Marco de Sendai para la Reducci\u00f3n del Riesgo de Desastres 2015\u20132030<\/strong><\/a>, reconociendo que los desastres contin\u00faan socavando el desarrollo sostenible.<\/p>\n\n\n\n<p>Estos compromisos subrayan que comprender el riesgo de desastres, fortalecer la prevenci\u00f3n y la mitigaci\u00f3n, y mejorar la preparaci\u00f3n y la respuesta eficaz son esenciales para proteger vidas y alcanzar los Objetivos de Desarrollo Sostenible para 2030.<\/p>\n\n\n\n<p><\/p>\n\n\n\n<p>un.org<\/p>\n","protected":false},"excerpt":{"rendered":"<p>Un hombre sobre los escombros de lo que alguna vez fue su hogar en una barriada de Hait\u00ed asolada por un terremoto. Foto:ONU\/Logan Abassi Cuando la tierra tiembla: Recordar a las v\u00edctimas y reducir las p\u00e9rdidas futuras Los terremotos se encuentran entre los desastres naturales m\u00e1s mortales&nbsp;y, a menudo, ocurren sin previo aviso, causando una [&hellip;]<\/p>\n","protected":false},"author":1,"featured_media":207720,"comment_status":"open","ping_status":"open","sticky":false,"template":"","format":"standard","meta":{"_acf_changed":false,"_jetpack_memberships_contains_paid_content":false,"footnotes":"","jetpack_publicize_message":"","jetpack_publicize_feature_enabled":true,"jetpack_social_post_already_shared":true,"jetpack_social_options":{"image_generator_settings":{"template":"highway","default_image_id":0,"font":"","enabled":false},"version":2}},"categories":[108],"tags":[],"class_list":["post-207719","post","type-post","status-publish","format-standard","has-post-thumbnail","hentry","category-dia-mundial"],"acf":[],"jetpack_publicize_connections":[],"jetpack_featured_media_url":"https:\/\/i0.wp.com\/sportseco.com\/wp-content\/uploads\/2026\/04\/id-victims-of-earthquakes-hero.jpg?fit=1350%2C500&ssl=1","jetpack_sharing_enabled":true,"_links":{"self":[{"href":"https:\/\/sportseco.com\/index.php?rest_route=\/wp\/v2\/posts\/207719","targetHints":{"allow":["GET"]}}],"collection":[{"href":"https:\/\/sportseco.com\/index.php?rest_route=\/wp\/v2\/posts"}],"about":[{"href":"https:\/\/sportseco.com\/index.php?rest_route=\/wp\/v2\/types\/post"}],"author":[{"embeddable":true,"href":"https:\/\/sportseco.com\/index.php?rest_route=\/wp\/v2\/users\/1"}],"replies":[{"embeddable":true,"href":"https:\/\/sportseco.com\/index.php?rest_route=%2Fwp%2Fv2%2Fcomments&post=207719"}],"version-history":[{"count":1,"href":"https:\/\/sportseco.com\/index.php?rest_route=\/wp\/v2\/posts\/207719\/revisions"}],"predecessor-version":[{"id":207721,"href":"https:\/\/sportseco.com\/index.php?rest_route=\/wp\/v2\/posts\/207719\/revisions\/207721"}],"wp:featuredmedia":[{"embeddable":true,"href":"https:\/\/sportseco.com\/index.php?rest_route=\/wp\/v2\/media\/207720"}],"wp:attachment":[{"href":"https:\/\/sportseco.com\/index.php?rest_route=%2Fwp%2Fv2%2Fmedia&parent=207719"}],"wp:term":[{"taxonomy":"category","embeddable":true,"href":"https:\/\/sportseco.com\/index.php?rest_route=%2Fwp%2Fv2%2Fcategories&post=207719"},{"taxonomy":"post_tag","embeddable":true,"href":"https:\/\/sportseco.com\/index.php?rest_route=%2Fwp%2Fv2%2Ftags&post=207719"}],"curies":[{"name":"wp","href":"https:\/\/api.w.org\/{rel}","templated":true}]}}