{"id":207728,"date":"2026-04-29T08:57:54","date_gmt":"2026-04-29T12:57:54","guid":{"rendered":"https:\/\/sportseco.com\/?p=207728"},"modified":"2026-04-29T08:57:54","modified_gmt":"2026-04-29T12:57:54","slug":"conozca-el-recorrido-oficial-de-42k-en-la-maraton-de-cali-2026","status":"publish","type":"post","link":"https:\/\/sportseco.com\/?p=207728","title":{"rendered":"Conozca el recorrido oficial de 42K en la \u2018Marat\u00f3n de Cali 2026\u2019"},"content":{"rendered":"\n<figure class=\"wp-block-image\"><img data-recalc-dims=\"1\" decoding=\"async\" src=\"https:\/\/i0.wp.com\/www.cali.gov.co\/info\/caligovco_se\/media\/pubInt\/thumbs\/thpubInt_700X400_192333.webp?w=640&#038;ssl=1\" alt=\"Conozca el recorrido oficial de 42K en la \u2018Marat\u00f3n de Cali 2026\u2019\" title=\"Conozca el recorrido oficial de 42K en la \u2018Marat\u00f3n de Cali 2026\u2019\"\/><\/figure>\n\n\n\n<p><em><strong>|&nbsp;<\/strong><\/em><em>La ruta certificada conectar\u00e1 los cuatro puntos cardinales de la ciudad, con inicio y finalizaci\u00f3n en la calle 9 con carrera 39.<\/em><br \/><br \/><em><strong>|<\/strong><\/em><em>&nbsp;La prueba reina se llevar\u00e1 a cabo el domingo 3 de mayo, a partir de las 5:00 a.m.<\/em><\/p>\n\n\n\n<p><br \/><strong>Santiago de Cali, 27 de abril de 2026<\/strong><br \/><br \/>La&nbsp;<em>\u2018<\/em><em><strong>Marat\u00f3n de Cali 2026<\/strong><\/em><em>\u2019<\/em>&nbsp;ya est\u00e1 en su cuenta regresiva y confirm\u00f3 oficialmente el recorrido de&nbsp;<em><strong>42 kil\u00f3metros<\/strong><\/em>. Se trata de la&nbsp;<em>prueba reina<\/em>&nbsp;del evento, que se disputar\u00e1 durante la jornada principal del&nbsp;<em>domingo 3 de mayo<\/em>, en el marco de un fin de semana atl\u00e9tico que tambi\u00e9n tendr\u00e1 actividades el s\u00e1bado (<em>02.05.2026<\/em>).<br \/><br \/><em>Shamyr Aly<\/em>, miembro del equipo organizador, destac\u00f3 las mejor\u00edas que tendr\u00e1 la edici\u00f3n para este a\u00f1o y ratific\u00f3 que se mantendr\u00e1 la base del trazado de 2025.<br \/><br \/><em>\u201cLa \u2018Marat\u00f3n de Cali\u2019 mantiene el mismo recorrido del a\u00f1o pasado, porque est\u00e1 certificado, medido cent\u00edmetro a cent\u00edmetro y delimita los 42 kil\u00f3metros y 195 metros. Dentro del plan de mejora, tendremos una llegada mucho m\u00e1s amplia y c\u00f3moda: vamos a abarcar los dos carriles de la calle 9 en sentido sur-norte y cada distancia va a tener un despliegue de llegada por separado, para que sea m\u00e1s limpia\u201d<\/em>, recalc\u00f3 Aly.<br \/><br \/><strong>Un recorrido que muestra a Cali en toda su dimensi\u00f3n<\/strong><br \/><br \/>La ruta de la&nbsp;<em>Marat\u00f3n<\/em>&nbsp;volver\u00e1 a atravesar los cuatro puntos cardinales de la ciudad, conectando lugares emblem\u00e1ticos que convierten la competencia en una experiencia deportiva y tur\u00edstica \u00fanica.<br \/><br \/>La prueba iniciar\u00e1 en la&nbsp;<em>calle novena con carrera 39<\/em>, tomando rumbo hacia el norte por la novena. Posteriormente, los atletas girar\u00e1n hacia la&nbsp;<em>carrera 29<\/em>, conectando luego con la&nbsp;<em>carrera 7<\/em>&nbsp;para salir hacia la&nbsp;<em>calle 5<\/em>, una de las arterias principales de la capital vallecaucana.<br \/><br \/>Desde all\u00ed, el pelot\u00f3n llegar\u00e1 al&nbsp;<em>hundimiento de la avenida Colombia<\/em>, para luego buscar la&nbsp;<em>avenida Sexta<\/em>, avanzando hasta la&nbsp;<em>calle 70<\/em>, punto cercano al l\u00edmite entre Cali y Yumbo.<br \/><br \/>Luego comenzar\u00e1 el retorno por la&nbsp;<em>avenida 4 norte<\/em>, empalmando con la tradicional&nbsp;<em>avenida V\u00e1squez Cobo<\/em>&nbsp;y, m\u00e1s adelante, con la&nbsp;<em>avenida de Las Am\u00e9ricas<\/em>.<br \/><br \/>En este tramo, los corredores pasar\u00e1n por sectores ic\u00f3nicos como el entorno del Centro Administrativo Municipal (<em>CAM<\/em>) y la&nbsp;<em>Plazoleta Jairo Varela<\/em>, antes de realizar retorno en inmediaciones del&nbsp;<em>Hotel Intercontinental<\/em>.<br \/><br \/>La ruta retomar\u00e1 la&nbsp;<em>calle 5<\/em>&nbsp;para dirigirse hacia la&nbsp;<em>avenida Roosevelt<\/em>, que ser\u00e1 recorrida en toda su extensi\u00f3n hasta la&nbsp;<em>Plaza de Toros<\/em>. Desde ese punto, los atletas girar\u00e1n hacia la izquierda para tomar la&nbsp;<em>carrera 56<\/em>, conectando luego con la&nbsp;<em>avenida Pasoancho<\/em>.<br \/><br \/>El recorrido continuar\u00e1 hacia el sur hasta la&nbsp;<em>Universidad del Valle<\/em>, donde se realizar\u00e1 un nuevo retorno. Luego se tomar\u00e1 la&nbsp;<em>carrera 86<\/em>, saliendo nuevamente a la&nbsp;<em>Pasoancho<\/em>&nbsp;y, posteriormente, a la&nbsp;<em>carrera 83<\/em>, frente al&nbsp;<em>Parque El Ingenio<\/em>. M\u00e1s adelante, los corredores volver\u00e1n a la&nbsp;<em>Pasoancho&nbsp;<\/em>para conectar con la&nbsp;<em>carrera 80<\/em>, desde donde saldr\u00e1n hasta la&nbsp;<em>autopista Sim\u00f3n Bol\u00edvar<\/em>.<br \/><br \/>La ruta regresar\u00e1 luego hacia la&nbsp;<em>carrera 56<\/em>, retomando nuevamente la&nbsp;<em>Pasoancho<\/em>&nbsp;hasta el sector de&nbsp;<em>La Luna<\/em>, donde estar\u00e1 ubicado otro punto de retorno.<br \/><br \/>En el tramo final, los atletas regresar\u00e1n por la&nbsp;<em>56<\/em>, enlazar\u00e1n con la&nbsp;<em>calle 9<\/em>&nbsp;y encarar\u00e1n los \u00faltimos kil\u00f3metros hacia la meta, ubicada en la&nbsp;<em>calle novena con carrera 39.<\/em><br \/><br \/><strong>Recorrido 15K<\/strong><br \/><br \/>Esta distancia partir\u00e1 a las 7:00 a.m. del domingo 3 de mayo. El recorrido presenta una \u00fanica modificaci\u00f3n: en el norte, los atletas girar\u00e1n a la derecha en la&nbsp;<em>avenida Sexta con calle 34<\/em>, para tomar la&nbsp;<em>avenida V\u00e1squez Cobo<\/em>.<br \/><br \/>Posteriormente, continuar\u00e1n por la&nbsp;<em>avenida Roosevelt<\/em>&nbsp;hasta la&nbsp;<em>carrera 44<\/em>, donde cruzar\u00e1n hacia la izquierda en busca de la&nbsp;<em>calle 9<\/em>. Desde all\u00ed, seguir\u00e1n el trayecto hasta finalizar en el mismo punto de salida.<br \/><br \/><strong>Mejoras para 2026<\/strong><br \/><br \/>La organizaci\u00f3n confirm\u00f3 importantes novedades operativas para esta edici\u00f3n, con una zona de salida y meta ampliada.<br \/><br \/>Se utilizar\u00e1n ambos carriles de la&nbsp;<em>calle 9<\/em>&nbsp;para optimizar flujos de competencia: un carril estar\u00e1 destinado a la salida de la&nbsp;<em>distancia 15K<\/em>&nbsp;y el otro ser\u00e1 exclusivo para la llegada de la&nbsp;<em>marat\u00f3n<\/em>. Esto permitir\u00e1 una operaci\u00f3n m\u00e1s ordenada, limpia y c\u00f3moda para atletas,&nbsp;<em>staff<\/em>&nbsp;y p\u00fablico.<br \/><br \/><strong>Mayor cobertura m\u00e9dica durante el recorrido<\/strong><br \/><br \/>La&nbsp;<em>\u2018Marat\u00f3n de Cali 2026\u2019<\/em>&nbsp;fortalecer\u00e1 su&nbsp;<em>sistema de atenci\u00f3n en ruta<\/em>&nbsp;con los siguientes componentes\u2026<br \/><br \/><strong>|<\/strong>&nbsp;19 puntos m\u00e9dicos distribuidos a lo largo del recorrido.<br \/><br \/><strong>|&nbsp;<\/strong>Ambulancias en sectores estrat\u00e9gicos.<br \/><br \/><strong>|<\/strong>&nbsp;Motos con param\u00e9dicos.<br \/><br \/><strong>|<\/strong>&nbsp;Bicicletas de asistencia.<br \/><br \/><strong>|<\/strong>&nbsp;Scooters de supervisi\u00f3n operativa.<br \/><br \/>El evento deportivo del a\u00f1o en Cali reunir\u00e1 a&nbsp;<em>cerca de 20 mil corredores<\/em>, nacionales e internacionales. La competencia consolida a la ciudad como uno de los grandes escenarios del atletismo en Am\u00e9rica Latina.<br \/><br \/><strong>Le puede interesar\u2026<\/strong><br \/>&#8211;&nbsp;<a href=\"https:\/\/www.cali.gov.co\/boletines\/publicaciones\/192325\/cerca-de-20-mil-atletas-de-mas-de-40-paises-competiran-en-la-maraton-de-cali-2026\/\" target=\"_blank\" rel=\"noreferrer noopener\">Cerca de 20 mil atletas de m\u00e1s de 40 pa\u00edses competir\u00e1n en la \u2018Marat\u00f3n de Cali 2026\u2019<\/a><\/p>\n\n\n\n<figure class=\"wp-block-image\"><img data-recalc-dims=\"1\" decoding=\"async\" src=\"https:\/\/i0.wp.com\/www.cali.gov.co\/info\/caligovco_se\/media\/galeria344214.jpg?w=640&#038;ssl=1\" alt=\"Conozca el recorrido oficial de 42K en la \u2018Marat\u00f3n de Cali 2026\u2019\" title=\"Conozca el recorrido oficial de 42K en la \u2018Marat\u00f3n de Cali 2026\u2019\"\/><\/figure>\n\n\n\n<figure class=\"wp-block-image\"><img data-recalc-dims=\"1\" decoding=\"async\" src=\"https:\/\/i0.wp.com\/www.cali.gov.co\/info\/caligovco_se\/media\/galeria344213.jpg?w=640&#038;ssl=1\" alt=\"Conozca el recorrido oficial de 42K en la \u2018Marat\u00f3n de Cali 2026\u2019\" title=\"Conozca el recorrido oficial de 42K en la \u2018Marat\u00f3n de Cali 2026\u2019\"\/><\/figure>\n\n\n\n<p><audio><\/audio>&nbsp;Shamyr Aly &#8211; Miembro del equipo organizador de la &#8216;Marat\u00f3n de Cali 2026&#8217;<\/p>\n\n\n\n<p><strong>Fernando Andr\u00e9s Quintero<br \/>Fotos: Oswaldo P\u00e1ez<br \/>Comunicaciones Alcald\u00eda de Cali<\/strong><\/p>\n\n\n\n<p><\/p>\n\n\n\n<p><\/p>\n\n\n\n<p>cali.gov.co<\/p>\n","protected":false},"excerpt":{"rendered":"<p>|&nbsp;La ruta certificada conectar\u00e1 los cuatro puntos cardinales de la ciudad, con inicio y finalizaci\u00f3n en la calle 9 con carrera 39. |&nbsp;La prueba reina se llevar\u00e1 a cabo el domingo 3 de mayo, a partir de las 5:00 a.m. Santiago de Cali, 27 de abril de 2026 La&nbsp;\u2018Marat\u00f3n de Cali 2026\u2019&nbsp;ya est\u00e1 en su [&hellip;]<\/p>\n","protected":false},"author":1,"featured_media":207729,"comment_status":"open","ping_status":"open","sticky":false,"template":"","format":"standard","meta":{"_acf_changed":false,"_jetpack_memberships_contains_paid_content":false,"footnotes":"","jetpack_publicize_message":"","jetpack_publicize_feature_enabled":true,"jetpack_social_post_already_shared":true,"jetpack_social_options":{"image_generator_settings":{"template":"highway","default_image_id":0,"font":"","enabled":false},"version":2}},"categories":[15],"tags":[],"class_list":["post-207728","post","type-post","status-publish","format-standard","has-post-thumbnail","hentry","category-atletismo"],"acf":[],"jetpack_publicize_connections":[],"jetpack_featured_media_url":"https:\/\/i0.wp.com\/sportseco.com\/wp-content\/uploads\/2026\/04\/galeria344214.jpg?fit=1024%2C1280&ssl=1","jetpack_sharing_enabled":true,"_links":{"self":[{"href":"https:\/\/sportseco.com\/index.php?rest_route=\/wp\/v2\/posts\/207728","targetHints":{"allow":["GET"]}}],"collection":[{"href":"https:\/\/sportseco.com\/index.php?rest_route=\/wp\/v2\/posts"}],"about":[{"href":"https:\/\/sportseco.com\/index.php?rest_route=\/wp\/v2\/types\/post"}],"author":[{"embeddable":true,"href":"https:\/\/sportseco.com\/index.php?rest_route=\/wp\/v2\/users\/1"}],"replies":[{"embeddable":true,"href":"https:\/\/sportseco.com\/index.php?rest_route=%2Fwp%2Fv2%2Fcomments&post=207728"}],"version-history":[{"count":1,"href":"https:\/\/sportseco.com\/index.php?rest_route=\/wp\/v2\/posts\/207728\/revisions"}],"predecessor-version":[{"id":207730,"href":"https:\/\/sportseco.com\/index.php?rest_route=\/wp\/v2\/posts\/207728\/revisions\/207730"}],"wp:featuredmedia":[{"embeddable":true,"href":"https:\/\/sportseco.com\/index.php?rest_route=\/wp\/v2\/media\/207729"}],"wp:attachment":[{"href":"https:\/\/sportseco.com\/index.php?rest_route=%2Fwp%2Fv2%2Fmedia&parent=207728"}],"wp:term":[{"taxonomy":"category","embeddable":true,"href":"https:\/\/sportseco.com\/index.php?rest_route=%2Fwp%2Fv2%2Fcategories&post=207728"},{"taxonomy":"post_tag","embeddable":true,"href":"https:\/\/sportseco.com\/index.php?rest_route=%2Fwp%2Fv2%2Ftags&post=207728"}],"curies":[{"name":"wp","href":"https:\/\/api.w.org\/{rel}","templated":true}]}}