{"id":207741,"date":"2026-04-29T10:51:08","date_gmt":"2026-04-29T14:51:08","guid":{"rendered":"https:\/\/sportseco.com\/?p=207741"},"modified":"2026-04-29T10:51:08","modified_gmt":"2026-04-29T14:51:08","slug":"colombia-posiciona-su-modelo-de-gobernanza-amazonica-en-encuentro-internacional-en-brasil","status":"publish","type":"post","link":"https:\/\/sportseco.com\/?p=207741","title":{"rendered":"Colombia posiciona su modelo de gobernanza amaz\u00f3nica en encuentro internacional en Brasil"},"content":{"rendered":"\n<ul class=\"wp-block-list\">\n<li><em>Parques Nacionales Naturales particip\u00f3 en un seminario internacional sobre gesti\u00f3n de \u00e1reas protegidas, un espacio clave para el di\u00e1logo regional sobre la conservaci\u00f3n en la Amazon\u00eda.<\/em><\/li>\n<\/ul>\n\n\n\n<p><strong>Brasil, \u2013<\/strong>&nbsp;En Manaus, Brasil, Colombia llev\u00f3 su experiencia en gobernanza de \u00e1reas protegidas al Segundo Seminario Internacional de Gesti\u00f3n de \u00c1reas Protegidas, un encuentro que reuni\u00f3 a autoridades, investigadores y comunidades de pa\u00edses amaz\u00f3nicos para analizar los desaf\u00edos que enfrenta la regi\u00f3n.<\/p>\n\n\n\n<p>La participaci\u00f3n de Parques Nacionales Naturales de Colombia estuvo liderada por Eliana Mart\u00ednez, jefe del Parque Nacional Natural R\u00edo Pur\u00e9, quien comparti\u00f3 los avances del pa\u00eds en modelos de gesti\u00f3n construidos con comunidades ind\u00edgenas y campesinas.<\/p>\n\n\n\n<p>En este escenario, el pa\u00eds destac\u00f3 mecanismos como los Reg\u00edmenes Especiales de Manejo en territorios como Cahuinar\u00ed y Yaigoj\u00e9 Apaporis, as\u00ed como acuerdos en \u00e1reas protegidas como La Paya y Amacayacu. Estas experiencias reflejan una apuesta por la conservaci\u00f3n basada en el reconocimiento de derechos, la participaci\u00f3n y la articulaci\u00f3n territorial.<\/p>\n\n\n\n<h2 class=\"wp-block-heading\"><strong>Un di\u00e1logo regional para la Amazon\u00eda<\/strong><\/h2>\n\n\n\n<p>El seminario reuni\u00f3 a m\u00e1s de 150 participantes y abord\u00f3 temas como el cambio clim\u00e1tico, la geopol\u00edtica amaz\u00f3nica y las presiones sobre el territorio, incluyendo la deforestaci\u00f3n y las econom\u00edas il\u00edcitas.<\/p>\n\n\n\n<p>Tambi\u00e9n se expuso el caso del Parque Nacional Natural R\u00edo Pur\u00e9, donde se han consolidado planes de trabajo conjuntos con consejos ind\u00edgenas, evidenciando que la protecci\u00f3n de la biodiversidad en la Amazon\u00eda solo es posible trabajando mancomunadamente con las comunidades que la habitan.<\/p>\n\n\n\n<p>La participaci\u00f3n de Parques Nacionales Naturales reafirma el compromiso del pa\u00eds con la protecci\u00f3n de estos ecosistemas y su papel como referente en gobernanza inclusiva en la regi\u00f3n. Colombia insiste en una ruta clara: conservar con la gente, desde el territorio y para la vida<\/p>\n\n\n\n<figure class=\"wp-block-image size-full\"><img data-recalc-dims=\"1\" loading=\"lazy\" decoding=\"async\" width=\"640\" height=\"480\" src=\"https:\/\/i0.wp.com\/sportseco.com\/wp-content\/uploads\/2026\/04\/Colombia-posiciona-gobernanza-amazonica-en-encuentro-en-Brasil-1-1024x768-1.jpeg?resize=640%2C480&#038;ssl=1\" alt=\"\" class=\"wp-image-207743\" srcset=\"https:\/\/i0.wp.com\/sportseco.com\/wp-content\/uploads\/2026\/04\/Colombia-posiciona-gobernanza-amazonica-en-encuentro-en-Brasil-1-1024x768-1.jpeg?w=1024&amp;ssl=1 1024w, https:\/\/i0.wp.com\/sportseco.com\/wp-content\/uploads\/2026\/04\/Colombia-posiciona-gobernanza-amazonica-en-encuentro-en-Brasil-1-1024x768-1.jpeg?resize=300%2C225&amp;ssl=1 300w, https:\/\/i0.wp.com\/sportseco.com\/wp-content\/uploads\/2026\/04\/Colombia-posiciona-gobernanza-amazonica-en-encuentro-en-Brasil-1-1024x768-1.jpeg?resize=768%2C576&amp;ssl=1 768w\" sizes=\"auto, (max-width: 640px) 100vw, 640px\" \/><\/figure>\n\n\n\n<p><a href=\"https:\/\/www.parquesnacionales.gov.co\/wp-content\/uploads\/2026\/04\/Colombia-posiciona-gobernanza-amazonica-en-encuentro-en-Brasil-6-1024x683.jpeg\"><\/a><\/p>\n\n\n\n<p><a href=\"https:\/\/www.parquesnacionales.gov.co\/wp-content\/uploads\/2026\/04\/Colombia-posiciona-gobernanza-amazonica-en-encuentro-en-Brasil-4-1024x768.jpeg\"><\/a><\/p>\n\n\n\n<p><a href=\"https:\/\/www.parquesnacionales.gov.co\/wp-content\/uploads\/2026\/04\/Colombia-posiciona-gobernanza-amazonica-en-encuentro-en-Brasil-3-1024x768.jpeg\"><\/a><\/p>\n\n\n\n<p>parquesnacionales.gov.co<a href=\"https:\/\/www.parquesnacionales.gov.co\/wp-content\/uploads\/2026\/04\/Colombia-posiciona-gobernanza-amazonica-en-encuentro-en-Brasil-2-1024x708.jpeg\"><\/a><\/p>\n\n\n\n<p><a href=\"https:\/\/www.parquesnacionales.gov.co\/wp-content\/uploads\/2026\/04\/Colombia-posiciona-gobernanza-amazonica-en-encuentro-en-Brasil-1-1024x768.jpeg\"><\/a><\/p>\n\n\n\n<p><a href=\"https:\/\/www.parquesnacionales.gov.co\/wp-content\/uploads\/2026\/04\/Colombia-posiciona-gobernanza-amazonica-en-encuentro-en-Brasil-5-1024x373.jpeg\"><\/a><\/p>\n","protected":false},"excerpt":{"rendered":"<p>Brasil, \u2013&nbsp;En Manaus, Brasil, Colombia llev\u00f3 su experiencia en gobernanza de \u00e1reas protegidas al Segundo Seminario Internacional de Gesti\u00f3n de \u00c1reas Protegidas, un encuentro que reuni\u00f3 a autoridades, investigadores y comunidades de pa\u00edses amaz\u00f3nicos para analizar los desaf\u00edos que enfrenta la regi\u00f3n. La participaci\u00f3n de Parques Nacionales Naturales de Colombia estuvo liderada por Eliana Mart\u00ednez, [&hellip;]<\/p>\n","protected":false},"author":1,"featured_media":207742,"comment_status":"open","ping_status":"open","sticky":false,"template":"","format":"standard","meta":{"_acf_changed":false,"_jetpack_memberships_contains_paid_content":false,"footnotes":"","jetpack_publicize_message":"","jetpack_publicize_feature_enabled":true,"jetpack_social_post_already_shared":true,"jetpack_social_options":{"image_generator_settings":{"template":"highway","default_image_id":0,"font":"","enabled":false},"version":2}},"categories":[6],"tags":[],"class_list":["post-207741","post","type-post","status-publish","format-standard","has-post-thumbnail","hentry","category-ecologia"],"acf":[],"jetpack_publicize_connections":[],"jetpack_featured_media_url":"https:\/\/i0.wp.com\/sportseco.com\/wp-content\/uploads\/2026\/04\/Colombia-posiciona-gobernanza-amazonica-en-encuentro-en-Brasil-4-1024x768-1.jpeg?fit=1024%2C768&ssl=1","jetpack_sharing_enabled":true,"_links":{"self":[{"href":"https:\/\/sportseco.com\/index.php?rest_route=\/wp\/v2\/posts\/207741","targetHints":{"allow":["GET"]}}],"collection":[{"href":"https:\/\/sportseco.com\/index.php?rest_route=\/wp\/v2\/posts"}],"about":[{"href":"https:\/\/sportseco.com\/index.php?rest_route=\/wp\/v2\/types\/post"}],"author":[{"embeddable":true,"href":"https:\/\/sportseco.com\/index.php?rest_route=\/wp\/v2\/users\/1"}],"replies":[{"embeddable":true,"href":"https:\/\/sportseco.com\/index.php?rest_route=%2Fwp%2Fv2%2Fcomments&post=207741"}],"version-history":[{"count":1,"href":"https:\/\/sportseco.com\/index.php?rest_route=\/wp\/v2\/posts\/207741\/revisions"}],"predecessor-version":[{"id":207744,"href":"https:\/\/sportseco.com\/index.php?rest_route=\/wp\/v2\/posts\/207741\/revisions\/207744"}],"wp:featuredmedia":[{"embeddable":true,"href":"https:\/\/sportseco.com\/index.php?rest_route=\/wp\/v2\/media\/207742"}],"wp:attachment":[{"href":"https:\/\/sportseco.com\/index.php?rest_route=%2Fwp%2Fv2%2Fmedia&parent=207741"}],"wp:term":[{"taxonomy":"category","embeddable":true,"href":"https:\/\/sportseco.com\/index.php?rest_route=%2Fwp%2Fv2%2Fcategories&post=207741"},{"taxonomy":"post_tag","embeddable":true,"href":"https:\/\/sportseco.com\/index.php?rest_route=%2Fwp%2Fv2%2Ftags&post=207741"}],"curies":[{"name":"wp","href":"https:\/\/api.w.org\/{rel}","templated":true}]}}