{"id":207774,"date":"2026-04-29T21:24:49","date_gmt":"2026-04-30T01:24:49","guid":{"rendered":"https:\/\/sportseco.com\/?p=207774"},"modified":"2026-04-29T21:24:49","modified_gmt":"2026-04-30T01:24:49","slug":"richard-carapaz-no-correra-el-giro-de-italia-2026-ahora-tengo-que-priorizar-mi-salud-%c2%b7-ciclismo","status":"publish","type":"post","link":"https:\/\/sportseco.com\/?p=207774","title":{"rendered":"Richard Carapaz no correr\u00e1 el Giro de Italia 2026: \u00abAhora tengo que priorizar mi salud\u00bb \u00b7 Ciclismo"},"content":{"rendered":"\n<p>El ecuatoriano, tercero en la \u00faltima edici\u00f3n, no podr\u00e1 correr la primera gran vuelta por etapas de la temporada. El campe\u00f3n ol\u00edmpico de Tokio 2020 no se ha recuperado a tiempo de la operaci\u00f3n a la que fue sometido hace unas semanas.<\/p>\n\n\n\n<p>El ciclista ecuatoriano&nbsp;<a href=\"https:\/\/www.olympics.com\/es\/atletas\/richard-carapaz\"><strong>Richard Carapaz<\/strong><\/a>, campe\u00f3n ol\u00edmpico en&nbsp;<strong>Tokio 2020<\/strong>, no correr\u00e1 el&nbsp;<strong>Giro de Italia 2026<\/strong>.<\/p>\n\n\n\n<p>Carapaz, que fue tercero en la \u00faltima edici\u00f3n y mantuvo opciones de victoria hasta el final, ser\u00e1 baja debido a la intervenci\u00f3n por una afecci\u00f3n perineal a la que se someti\u00f3 hace unas semanas.<\/p>\n\n\n\n<p>\u00abPara m\u00ed es una gran decepci\u00f3n porque el Giro es una carrera en la que siempre he sentido mucho cari\u00f1o y que esperaba con ilusi\u00f3n\u00bb, asegur\u00f3 Richard Carapaz en el comunicado oficial de su equipo, el EF Education\u2013EasyPost.<\/p>\n\n\n\n<p>\u00abCada vez que voy al Giro es un momento muy especial. Y encontrarme&nbsp;en esta situaci\u00f3n es frustrante, porque es algo en lo que inviertes mucho tiempo y esfuerzo, pero ahora tengo que&nbsp;priorizar mi salud y seguir adelante\u00bb.<\/p>\n\n\n\n<p>Carapaz fue intervenido hace unas semanas en Quito, despu\u00e9s de completar su participaci\u00f3n en la Volta Ciclista a Catalunya,&nbsp;y no ha podido recuperarse a tiempo para la primera gran vuelta por etapas de la temporada ciclista.<\/p>\n\n\n\n<p>\u00abComo la herida de la operaci\u00f3n era bastante grande, la recuperaci\u00f3n se alarg\u00f3 m\u00e1s de lo que hab\u00edamos previsto en un primer momento, por lo que decidimos que el plazo para preparar el Giro era demasiado corto\u00bb, explic\u00f3 Jon Greenwell, jefe del equipo m\u00e9dico de EF Pro Cycling.<\/p>\n\n\n\n<p>\u00abEn lugar de que fuera sin estar al cien por cien y con el riesgo de sufrir complicaciones, hemos pensado que lo mejr era hacer una buena preparaci\u00f3n para el Tour de Francia y asegurarnos de que llega en la mejor forma posible\u00bb.<\/p>\n\n\n\n<p><\/p>\n\n\n\n<p>olympics.com<\/p>\n","protected":false},"excerpt":{"rendered":"<p>El ecuatoriano, tercero en la \u00faltima edici\u00f3n, no podr\u00e1 correr la primera gran vuelta por etapas de la temporada. El campe\u00f3n ol\u00edmpico de Tokio 2020 no se ha recuperado a tiempo de la operaci\u00f3n a la que fue sometido hace unas semanas. El ciclista ecuatoriano&nbsp;Richard Carapaz, campe\u00f3n ol\u00edmpico en&nbsp;Tokio 2020, no correr\u00e1 el&nbsp;Giro de Italia [&hellip;]<\/p>\n","protected":false},"author":1,"featured_media":207775,"comment_status":"open","ping_status":"open","sticky":false,"template":"","format":"standard","meta":{"_acf_changed":false,"_jetpack_memberships_contains_paid_content":false,"footnotes":"","jetpack_publicize_message":"","jetpack_publicize_feature_enabled":true,"jetpack_social_post_already_shared":true,"jetpack_social_options":{"image_generator_settings":{"template":"highway","default_image_id":0,"font":"","enabled":false},"version":2}},"categories":[14],"tags":[],"class_list":["post-207774","post","type-post","status-publish","format-standard","has-post-thumbnail","hentry","category-ciclismo"],"acf":[],"jetpack_publicize_connections":[],"jetpack_featured_media_url":"https:\/\/sportseco.com\/wp-content\/uploads\/2026\/04\/j1yxkkcwg0zj1jjl4zaf.avif","jetpack_sharing_enabled":true,"_links":{"self":[{"href":"https:\/\/sportseco.com\/index.php?rest_route=\/wp\/v2\/posts\/207774","targetHints":{"allow":["GET"]}}],"collection":[{"href":"https:\/\/sportseco.com\/index.php?rest_route=\/wp\/v2\/posts"}],"about":[{"href":"https:\/\/sportseco.com\/index.php?rest_route=\/wp\/v2\/types\/post"}],"author":[{"embeddable":true,"href":"https:\/\/sportseco.com\/index.php?rest_route=\/wp\/v2\/users\/1"}],"replies":[{"embeddable":true,"href":"https:\/\/sportseco.com\/index.php?rest_route=%2Fwp%2Fv2%2Fcomments&post=207774"}],"version-history":[{"count":1,"href":"https:\/\/sportseco.com\/index.php?rest_route=\/wp\/v2\/posts\/207774\/revisions"}],"predecessor-version":[{"id":207776,"href":"https:\/\/sportseco.com\/index.php?rest_route=\/wp\/v2\/posts\/207774\/revisions\/207776"}],"wp:featuredmedia":[{"embeddable":true,"href":"https:\/\/sportseco.com\/index.php?rest_route=\/wp\/v2\/media\/207775"}],"wp:attachment":[{"href":"https:\/\/sportseco.com\/index.php?rest_route=%2Fwp%2Fv2%2Fmedia&parent=207774"}],"wp:term":[{"taxonomy":"category","embeddable":true,"href":"https:\/\/sportseco.com\/index.php?rest_route=%2Fwp%2Fv2%2Fcategories&post=207774"},{"taxonomy":"post_tag","embeddable":true,"href":"https:\/\/sportseco.com\/index.php?rest_route=%2Fwp%2Fv2%2Ftags&post=207774"}],"curies":[{"name":"wp","href":"https:\/\/api.w.org\/{rel}","templated":true}]}}