{"id":207777,"date":"2026-04-30T07:38:34","date_gmt":"2026-04-30T11:38:34","guid":{"rendered":"https:\/\/sportseco.com\/?p=207777"},"modified":"2026-04-30T07:38:34","modified_gmt":"2026-04-30T11:38:34","slug":"alerta-clima-europa-se-calienta-dos-veces-mas-rapido-que-la-media-mundial","status":"publish","type":"post","link":"https:\/\/sportseco.com\/?p=207777","title":{"rendered":"Alerta clima: Europa se calienta dos veces m\u00e1s r\u00e1pido que la media mundial"},"content":{"rendered":"\n<figure class=\"wp-block-image\"><img data-recalc-dims=\"1\" decoding=\"async\" src=\"https:\/\/i0.wp.com\/global.unitednations.entermediadb.net\/assets\/mediadb\/services\/module\/asset\/downloads\/preset\/Libraries\/Production%20Library\/04-03-2020-andy-falconer-unsplash.jpg\/image1170x530cropped.jpg?w=640&#038;ssl=1\" alt=\"04-03-2020-andy-falconer-unsplash (AXClqI6rp8hlsOpIGIHW)\"\/><\/figure>\n\n\n\n<p>Unsplash\/Andy Falconer&nbsp;ARCHIVO: El cambio clim\u00e1tico est\u00e1 provocando inundaciones severas en Europa.<a><\/a><\/p>\n\n\n\n<p>Si hay un continente que debe luchar contra el cambio clim\u00e1tico m\u00e1s r\u00e1pido que otros, ese es Europa. Las condiciones clim\u00e1ticas est\u00e1n teniendo ya repercusiones en el agua. En toda Europa, alrededor del 70% de los cursos de agua registraron caudales inferiores a la media durante 2025. Urge la toma de decisiones pol\u00edticas.<\/p>\n\n\n\n<p>Incendios r\u00e9cord, sequ\u00eda, olas de calor intensas: desde el mar Mediterr\u00e1neo hasta el \u00c1rtico, el&nbsp;<a href=\"https:\/\/news.un.org\/es\/news\/topic\/climate-change\">cambio clim\u00e1tico<\/a>&nbsp;est\u00e1 transformando Europa. Este continente se calienta dos veces m\u00e1s r\u00e1pido que la media mundial, alert\u00f3 este mi\u00e9rcoles un nuevo informe de una agencia de la ONU, que se\u00f1ala que Europa bati\u00f3 en 2025 sus r\u00e9cords de ola de calor marina y de superficie quemada por incendios.<\/p>\n\n\n\n<p>Publicado por la&nbsp;<a href=\"https:\/\/public.wmo.int\/es\" target=\"_blank\" rel=\"noreferrer noopener\">Organizaci\u00f3n Meteorol\u00f3gica Mundial<\/a>&nbsp;(<a href=\"https:\/\/public.wmo.int\/es\" target=\"_blank\" rel=\"noreferrer noopener\">OMM<\/a>) y el observatorio europeo Copernicus, el estudio anual se\u00f1ala que casi toda Europa (al menos el 95%) registr\u00f3 temperaturas anuales superiores a la media en 2025.<\/p>\n\n\n\n<p>El continente sufri\u00f3 el a\u00f1o pasado su segunda ola de calor m\u00e1s intensa jam\u00e1s registrada. \u00abDesde la d\u00e9cada de 1980, Europa se ha calentado dos veces m\u00e1s r\u00e1pido que la media mundial\u00bb, destaca el documento.<\/p>\n\n\n\n<h2 class=\"wp-block-heading\">Decisiones pol\u00edticas<\/h2>\n\n\n\n<p>Entre los episodios m\u00e1s destacados de 2025 en el continente europeo se encuentra una ola de calor excepcional de tres semanas en Fennoscandia, justo debajo del c\u00edrculo polar \u00e1rtico. En esta parte del norte de Europa, compuesta por Finlandia, Suecia y Noruega, las temperaturas alcanzaron casi los 35\u00b0C en julio, seg\u00fan mediciones realizadas en Noruega.<\/p>\n\n\n\n<p>Gran parte de Europa tambi\u00e9n experiment\u00f3 m\u00e1s d\u00edas con al menos un \u00abfuerte\u00bb estr\u00e9s t\u00e9rmico que la media.&nbsp;<strong>El sur y el este de Espa\u00f1a, por ejemplo, registraron hasta 50 d\u00edas m\u00e1s de lo normal con temperaturas \u00absentidas\u00bb superiores a 32\u00b0C<\/strong>.<\/p>\n\n\n\n<p>\u00ab<strong>El informe de 2025 ofrece informaci\u00f3n clara y procesable para apoyar las decisiones pol\u00edticas<\/strong>&nbsp;y ayudar al p\u00fablico a comprender mejor el clima cambiante en el que vivimos\u00bb, declar\u00f3 Florian Pappenberger, Director General del Centro Europeo de Previsiones Meteorol\u00f3gicas.<\/p>\n\n\n\n<p>La consecuencia de estas olas de calor es el retroceso de la nieve. Los glaciares registraron una p\u00e9rdida neta de masa en 2025. Por ejemplo, Islandia registr\u00f3 su segunda mayor p\u00e9rdida anual de su historia, despu\u00e9s de 2005.<\/p>\n\n\n\n<h2 class=\"wp-block-heading\">Importante ca\u00edda de la superficie nevada<\/h2>\n\n\n\n<p>Paralelamente, Europa en su conjunto registr\u00f3 menos d\u00edas de fr\u00edo intenso: el 90% del continente registr\u00f3 un n\u00famero de d\u00edas con al menos un episodio de fr\u00edo \u00abfuerte\u00bb inferior a la media. Las condiciones t\u00e9rmicas m\u00ednimas se mantuvieron por encima de lo normal durante la mayor parte del a\u00f1o.<\/p>\n\n\n\n<p>Sin embargo, las temperaturas superiores a la media y las precipitaciones deficitarias provocaron una p\u00e9rdida significativa de la capa de nieve y hielo.<\/p>\n\n\n\n<p>En marzo de 2025, la superficie nevada en Europa fue inferior a la media en aproximadamente 1,32 millones de kil\u00f3metros cuadrados (31%), lo que equivale a la superficie combinada de Francia, Italia, Alemania, Suiza y Austria. Se trata de la tercera extensi\u00f3n de nieve m\u00e1s baja desde que comenzaron los registros en 1983.<\/p>\n\n\n\n<h2 class=\"wp-block-heading\">Biodiversidad, incendios y aumento de las renovables<\/h2>\n\n\n\n<p>Estas condiciones clim\u00e1ticas tambi\u00e9n tuvieron repercusiones en el agua. En toda Europa, alrededor del 70% de los cursos de agua registraron caudales inferiores a la media, mientras que&nbsp;<strong>este a\u00f1o fue uno de los tres m\u00e1s secos en t\u00e9rminos de humedad del suelo desde 1992<\/strong>.<\/p>\n\n\n\n<p>Los oc\u00e9anos tambi\u00e9n sufrieron, con un r\u00e9cord del 86% de las regiones oce\u00e1nicas que experimentaron al menos un d\u00eda de episodio de calor \u00abfuerte\u00bb.<\/p>\n\n\n\n<p>Estas olas de calor tambi\u00e9n tienen consecuencias importantes para la biodiversidad, especialmente para las praderas submarinas del Mediterr\u00e1neo, que act\u00faan como barreras marinas naturales y son sensibles a las altas temperaturas.<\/p>\n\n\n\n<p>Otro aspecto del estudio son los incendios r\u00e9cord de 2025, alimentados por las sequ\u00edas y las temperaturas abrasadoras.&nbsp;<strong>M\u00e1s de un mill\u00f3n de hect\u00e1reas se quemaron, una superficie superior a la de Chipre<\/strong>.<\/p>\n\n\n\n<p>Entre las buenas noticias, las energ\u00edas renovables representaron por tercer a\u00f1o consecutivo una cuota superior a la de los combustibles f\u00f3siles en la generaci\u00f3n de electricidad, con un 46,4% de la producci\u00f3n. En 2025, la energ\u00eda solar alcanz\u00f3 tambi\u00e9n un r\u00e9cord de contribuci\u00f3n del 12,5%.<\/p>\n\n\n\n<p><\/p>\n\n\n\n<p>un.org<\/p>\n","protected":false},"excerpt":{"rendered":"<p>Unsplash\/Andy Falconer&nbsp;ARCHIVO: El cambio clim\u00e1tico est\u00e1 provocando inundaciones severas en Europa. Si hay un continente que debe luchar contra el cambio clim\u00e1tico m\u00e1s r\u00e1pido que otros, ese es Europa. Las condiciones clim\u00e1ticas est\u00e1n teniendo ya repercusiones en el agua. En toda Europa, alrededor del 70% de los cursos de agua registraron caudales inferiores a la [&hellip;]<\/p>\n","protected":false},"author":1,"featured_media":207778,"comment_status":"open","ping_status":"open","sticky":false,"template":"","format":"standard","meta":{"_acf_changed":false,"_jetpack_memberships_contains_paid_content":false,"footnotes":"","jetpack_publicize_message":"","jetpack_publicize_feature_enabled":true,"jetpack_social_post_already_shared":true,"jetpack_social_options":{"image_generator_settings":{"template":"highway","default_image_id":0,"font":"","enabled":false},"version":2}},"categories":[6],"tags":[],"class_list":["post-207777","post","type-post","status-publish","format-standard","has-post-thumbnail","hentry","category-ecologia"],"acf":[],"jetpack_publicize_connections":[],"jetpack_featured_media_url":"https:\/\/i0.wp.com\/sportseco.com\/wp-content\/uploads\/2026\/04\/image1170x530cropped-5.jpg?fit=1178%2C530&ssl=1","jetpack_sharing_enabled":true,"_links":{"self":[{"href":"https:\/\/sportseco.com\/index.php?rest_route=\/wp\/v2\/posts\/207777","targetHints":{"allow":["GET"]}}],"collection":[{"href":"https:\/\/sportseco.com\/index.php?rest_route=\/wp\/v2\/posts"}],"about":[{"href":"https:\/\/sportseco.com\/index.php?rest_route=\/wp\/v2\/types\/post"}],"author":[{"embeddable":true,"href":"https:\/\/sportseco.com\/index.php?rest_route=\/wp\/v2\/users\/1"}],"replies":[{"embeddable":true,"href":"https:\/\/sportseco.com\/index.php?rest_route=%2Fwp%2Fv2%2Fcomments&post=207777"}],"version-history":[{"count":1,"href":"https:\/\/sportseco.com\/index.php?rest_route=\/wp\/v2\/posts\/207777\/revisions"}],"predecessor-version":[{"id":207779,"href":"https:\/\/sportseco.com\/index.php?rest_route=\/wp\/v2\/posts\/207777\/revisions\/207779"}],"wp:featuredmedia":[{"embeddable":true,"href":"https:\/\/sportseco.com\/index.php?rest_route=\/wp\/v2\/media\/207778"}],"wp:attachment":[{"href":"https:\/\/sportseco.com\/index.php?rest_route=%2Fwp%2Fv2%2Fmedia&parent=207777"}],"wp:term":[{"taxonomy":"category","embeddable":true,"href":"https:\/\/sportseco.com\/index.php?rest_route=%2Fwp%2Fv2%2Fcategories&post=207777"},{"taxonomy":"post_tag","embeddable":true,"href":"https:\/\/sportseco.com\/index.php?rest_route=%2Fwp%2Fv2%2Ftags&post=207777"}],"curies":[{"name":"wp","href":"https:\/\/api.w.org\/{rel}","templated":true}]}}